{"id":6797,"date":"2025-06-25T12:51:07","date_gmt":"2025-06-25T10:51:07","guid":{"rendered":"https:\/\/www.parrocchiasgibattista.it\/wordpress\/?p=6797"},"modified":"2025-07-26T14:45:39","modified_gmt":"2025-07-26T12:45:39","slug":"grande-festa-in-onore-di-san-giovanni-battista-fede-tradizione-e-partecipazione-corale","status":"publish","type":"post","link":"https:\/\/www.parrocchiasgibattista.it\/wordpress\/2025\/06\/25\/grande-festa-in-onore-di-san-giovanni-battista-fede-tradizione-e-partecipazione-corale\/","title":{"rendered":"Grande festa in onore di San Giovanni Battista: fede, tradizione e partecipazione corale"},"content":{"rendered":"\n<p class=\"p1\">Un\u2019intera comunit\u00e0 riunita in un clima di gioia e devozione ha celebrato con grande solennit\u00e0 la festa del santo patrono, San Giovanni Battista. A presiedere la solenne celebrazione Eucaristica \u00e8 stato il giovane sacerdote don Piergiorgio Aversano, affiancato dai parroci don Antonio e don Aurelio Ricci. La liturgia, curata nei minimi dettagli da Vincenzo Nicolella e Franco Gravina, ha toccato il cuore dei numerosi fedeli presenti.<\/p>\n\n\n\n<p class=\"p1\">A rendere ancora pi\u00f9 intensa l\u2019atmosfera spirituale, i canti della Corale Parrocchiale diretta da Marco Farina e Clara Lombardi, che hanno accompagnato i momenti liturgici pi\u00f9 significativi. A seguire, la processione per le vie del paese, guidata da don Giorgio, ha visto una partecipazione sentita e composta. La statua di San Giovanni Battista, portata a spalla con grande devozione dai volontari della Pia Congregazione Vergine SS. della Guardia, ha sfilato tra ali di folla silenziosa e commossa.<\/p>\n\n\n\n<p class=\"p1\">A dare ritmo e solennit\u00e0 alla processione, le esecuzioni del Complesso Bandistico \u201cVincenzo Bellini\u201d, diretto dal maestro Gianfranco Ricci, che ha contribuito a rendere l\u2019evento ancora pi\u00f9 suggestivo.<\/p>\n\n\n\n<p class=\"p1\">Numerosa e significativa anche la presenza delle autorit\u00e0 civili e militari: il sindaco Paolo Fallone, il presidente del Consiglio comunale Gaetano Battaglini, il vice sindaco Marco Di Santo con l\u2019intera amministrazione e i consiglieri comunali. Presenti anche il maresciallo capo Giuseppe Di Stefano della Stazione dei Carabinieri, il comandante della Polizia locale Danilo Loffredi e i volontari della Protezione Civile comunale.<\/p>\n\n\n\n<p class=\"p1\">Un plauso sentito all\u2019Amministrazione comunale, ai Parroci e alla Pia Congregazione Vergine SS. della Guardia per l\u2019impeccabile organizzazione della festa. Ancora una volta, la comunit\u00e0 ha saputo onorare con fede e partecipazione il suo amato patrono, San Giovanni Battista, testimoniando l\u2019unione tra spiritualit\u00e0, tradizione e identit\u00e0 locale.<\/p>\n\n\n\n<figure class=\"wp-block-image size-large\"><img loading=\"lazy\" decoding=\"async\" width=\"1024\" height=\"769\" src=\"https:\/\/www.parrocchiasgibattista.it\/wordpress\/wp-content\/uploads\/2025\/07\/img_4016-1-1024x769.jpg\" alt=\"\" class=\"wp-image-6802\" srcset=\"https:\/\/www.parrocchiasgibattista.it\/wordpress\/wp-content\/uploads\/2025\/07\/img_4016-1-1024x769.jpg 1024w, https:\/\/www.parrocchiasgibattista.it\/wordpress\/wp-content\/uploads\/2025\/07\/img_4016-1-300x225.jpg 300w, https:\/\/www.parrocchiasgibattista.it\/wordpress\/wp-content\/uploads\/2025\/07\/img_4016-1-768x577.jpg 768w, https:\/\/www.parrocchiasgibattista.it\/wordpress\/wp-content\/uploads\/2025\/07\/img_4016-1.jpg 1500w\" sizes=\"auto, (max-width: 1024px) 100vw, 1024px\" \/><\/figure>\n\n\n\n<figure class=\"wp-block-image size-large\"><img loading=\"lazy\" decoding=\"async\" width=\"1024\" height=\"769\" src=\"https:\/\/www.parrocchiasgibattista.it\/wordpress\/wp-content\/uploads\/2025\/07\/img_4023-1024x769.jpg\" alt=\"\" class=\"wp-image-6803\" srcset=\"https:\/\/www.parrocchiasgibattista.it\/wordpress\/wp-content\/uploads\/2025\/07\/img_4023-1024x769.jpg 1024w, https:\/\/www.parrocchiasgibattista.it\/wordpress\/wp-content\/uploads\/2025\/07\/img_4023-300x225.jpg 300w, https:\/\/www.parrocchiasgibattista.it\/wordpress\/wp-content\/uploads\/2025\/07\/img_4023-768x577.jpg 768w, https:\/\/www.parrocchiasgibattista.it\/wordpress\/wp-content\/uploads\/2025\/07\/img_4023.jpg 1500w\" sizes=\"auto, (max-width: 1024px) 100vw, 1024px\" \/><\/figure>\n\n\n\n<figure class=\"wp-block-image size-large\"><img loading=\"lazy\" decoding=\"async\" width=\"1024\" height=\"769\" src=\"https:\/\/www.parrocchiasgibattista.it\/wordpress\/wp-content\/uploads\/2025\/07\/img_4021-1024x769.jpg\" alt=\"\" class=\"wp-image-6804\" srcset=\"https:\/\/www.parrocchiasgibattista.it\/wordpress\/wp-content\/uploads\/2025\/07\/img_4021-1024x769.jpg 1024w, https:\/\/www.parrocchiasgibattista.it\/wordpress\/wp-content\/uploads\/2025\/07\/img_4021-300x225.jpg 300w, https:\/\/www.parrocchiasgibattista.it\/wordpress\/wp-content\/uploads\/2025\/07\/img_4021-768x577.jpg 768w, https:\/\/www.parrocchiasgibattista.it\/wordpress\/wp-content\/uploads\/2025\/07\/img_4021.jpg 1500w\" sizes=\"auto, (max-width: 1024px) 100vw, 1024px\" \/><\/figure>\n\n\n\n<figure class=\"wp-block-image size-large\"><img loading=\"lazy\" decoding=\"async\" width=\"1024\" height=\"769\" src=\"https:\/\/www.parrocchiasgibattista.it\/wordpress\/wp-content\/uploads\/2025\/07\/img_4024-1-1024x769.jpg\" alt=\"\" class=\"wp-image-6805\" srcset=\"https:\/\/www.parrocchiasgibattista.it\/wordpress\/wp-content\/uploads\/2025\/07\/img_4024-1-1024x769.jpg 1024w, https:\/\/www.parrocchiasgibattista.it\/wordpress\/wp-content\/uploads\/2025\/07\/img_4024-1-300x225.jpg 300w, https:\/\/www.parrocchiasgibattista.it\/wordpress\/wp-content\/uploads\/2025\/07\/img_4024-1-768x577.jpg 768w, https:\/\/www.parrocchiasgibattista.it\/wordpress\/wp-content\/uploads\/2025\/07\/img_4024-1.jpg 1500w\" sizes=\"auto, (max-width: 1024px) 100vw, 1024px\" \/><\/figure>\n\n\n\n<figure class=\"wp-block-image size-large\"><img loading=\"lazy\" decoding=\"async\" width=\"1024\" height=\"769\" src=\"https:\/\/www.parrocchiasgibattista.it\/wordpress\/wp-content\/uploads\/2025\/07\/img_4019-1024x769.jpg\" alt=\"\" class=\"wp-image-6806\" srcset=\"https:\/\/www.parrocchiasgibattista.it\/wordpress\/wp-content\/uploads\/2025\/07\/img_4019-1024x769.jpg 1024w, https:\/\/www.parrocchiasgibattista.it\/wordpress\/wp-content\/uploads\/2025\/07\/img_4019-300x225.jpg 300w, https:\/\/www.parrocchiasgibattista.it\/wordpress\/wp-content\/uploads\/2025\/07\/img_4019-768x577.jpg 768w, https:\/\/www.parrocchiasgibattista.it\/wordpress\/wp-content\/uploads\/2025\/07\/img_4019.jpg 1500w\" sizes=\"auto, (max-width: 1024px) 100vw, 1024px\" \/><\/figure>\n\n\n\n<figure class=\"wp-block-image size-large\"><img loading=\"lazy\" decoding=\"async\" width=\"1024\" height=\"768\" src=\"https:\/\/www.parrocchiasgibattista.it\/wordpress\/wp-content\/uploads\/2025\/07\/a9ff807a-3acb-46b6-be73-487fedeb3adc-1-1024x768.jpg\" alt=\"\" class=\"wp-image-6807\" srcset=\"https:\/\/www.parrocchiasgibattista.it\/wordpress\/wp-content\/uploads\/2025\/07\/a9ff807a-3acb-46b6-be73-487fedeb3adc-1-1024x768.jpg 1024w, https:\/\/www.parrocchiasgibattista.it\/wordpress\/wp-content\/uploads\/2025\/07\/a9ff807a-3acb-46b6-be73-487fedeb3adc-1-300x225.jpg 300w, https:\/\/www.parrocchiasgibattista.it\/wordpress\/wp-content\/uploads\/2025\/07\/a9ff807a-3acb-46b6-be73-487fedeb3adc-1-768x576.jpg 768w, https:\/\/www.parrocchiasgibattista.it\/wordpress\/wp-content\/uploads\/2025\/07\/a9ff807a-3acb-46b6-be73-487fedeb3adc-1.jpg 1500w\" sizes=\"auto, (max-width: 1024px) 100vw, 1024px\" \/><\/figure>\n\n\n\n<figure class=\"wp-block-image size-large\"><img loading=\"lazy\" decoding=\"async\" width=\"1024\" height=\"768\" src=\"https:\/\/www.parrocchiasgibattista.it\/wordpress\/wp-content\/uploads\/2025\/07\/36e12ce9-ba6b-44b0-b97f-df06eb119ca1-1-1024x768.jpg\" alt=\"\" class=\"wp-image-6808\" srcset=\"https:\/\/www.parrocchiasgibattista.it\/wordpress\/wp-content\/uploads\/2025\/07\/36e12ce9-ba6b-44b0-b97f-df06eb119ca1-1-1024x768.jpg 1024w, https:\/\/www.parrocchiasgibattista.it\/wordpress\/wp-content\/uploads\/2025\/07\/36e12ce9-ba6b-44b0-b97f-df06eb119ca1-1-300x225.jpg 300w, https:\/\/www.parrocchiasgibattista.it\/wordpress\/wp-content\/uploads\/2025\/07\/36e12ce9-ba6b-44b0-b97f-df06eb119ca1-1-768x576.jpg 768w, https:\/\/www.parrocchiasgibattista.it\/wordpress\/wp-content\/uploads\/2025\/07\/36e12ce9-ba6b-44b0-b97f-df06eb119ca1-1.jpg 1500w\" sizes=\"auto, (max-width: 1024px) 100vw, 1024px\" \/><\/figure>\n\n\n\n<figure class=\"wp-block-image size-large\"><img loading=\"lazy\" decoding=\"async\" width=\"1024\" height=\"768\" src=\"https:\/\/www.parrocchiasgibattista.it\/wordpress\/wp-content\/uploads\/2025\/07\/36e12ce9-ba6b-44b0-b97f-df06eb119ca1-2-1-1024x768.jpg\" alt=\"\" class=\"wp-image-6810\" srcset=\"https:\/\/www.parrocchiasgibattista.it\/wordpress\/wp-content\/uploads\/2025\/07\/36e12ce9-ba6b-44b0-b97f-df06eb119ca1-2-1-1024x768.jpg 1024w, https:\/\/www.parrocchiasgibattista.it\/wordpress\/wp-content\/uploads\/2025\/07\/36e12ce9-ba6b-44b0-b97f-df06eb119ca1-2-1-300x225.jpg 300w, https:\/\/www.parrocchiasgibattista.it\/wordpress\/wp-content\/uploads\/2025\/07\/36e12ce9-ba6b-44b0-b97f-df06eb119ca1-2-1-768x576.jpg 768w, https:\/\/www.parrocchiasgibattista.it\/wordpress\/wp-content\/uploads\/2025\/07\/36e12ce9-ba6b-44b0-b97f-df06eb119ca1-2-1.jpg 1500w\" sizes=\"auto, (max-width: 1024px) 100vw, 1024px\" \/><\/figure>\n\n\n\n<figure class=\"wp-block-image size-large\"><img loading=\"lazy\" decoding=\"async\" width=\"1024\" height=\"768\" src=\"https:\/\/www.parrocchiasgibattista.it\/wordpress\/wp-content\/uploads\/2025\/07\/b7a568e1-91da-4b2f-8322-05ccdcbcb733-1-1024x768.jpg\" alt=\"\" class=\"wp-image-6811\" srcset=\"https:\/\/www.parrocchiasgibattista.it\/wordpress\/wp-content\/uploads\/2025\/07\/b7a568e1-91da-4b2f-8322-05ccdcbcb733-1-1024x768.jpg 1024w, https:\/\/www.parrocchiasgibattista.it\/wordpress\/wp-content\/uploads\/2025\/07\/b7a568e1-91da-4b2f-8322-05ccdcbcb733-1-300x225.jpg 300w, https:\/\/www.parrocchiasgibattista.it\/wordpress\/wp-content\/uploads\/2025\/07\/b7a568e1-91da-4b2f-8322-05ccdcbcb733-1-768x576.jpg 768w, https:\/\/www.parrocchiasgibattista.it\/wordpress\/wp-content\/uploads\/2025\/07\/b7a568e1-91da-4b2f-8322-05ccdcbcb733-1.jpg 1500w\" sizes=\"auto, (max-width: 1024px) 100vw, 1024px\" \/><\/figure>\n\n\n\n<figure class=\"wp-block-image size-large\"><img loading=\"lazy\" decoding=\"async\" width=\"1024\" height=\"768\" src=\"https:\/\/www.parrocchiasgibattista.it\/wordpress\/wp-content\/uploads\/2025\/07\/26a2f117-3c50-4370-8206-75fe0c105a08-1-1024x768.jpg\" alt=\"\" class=\"wp-image-6812\" srcset=\"https:\/\/www.parrocchiasgibattista.it\/wordpress\/wp-content\/uploads\/2025\/07\/26a2f117-3c50-4370-8206-75fe0c105a08-1-1024x768.jpg 1024w, https:\/\/www.parrocchiasgibattista.it\/wordpress\/wp-content\/uploads\/2025\/07\/26a2f117-3c50-4370-8206-75fe0c105a08-1-300x225.jpg 300w, https:\/\/www.parrocchiasgibattista.it\/wordpress\/wp-content\/uploads\/2025\/07\/26a2f117-3c50-4370-8206-75fe0c105a08-1-768x576.jpg 768w, https:\/\/www.parrocchiasgibattista.it\/wordpress\/wp-content\/uploads\/2025\/07\/26a2f117-3c50-4370-8206-75fe0c105a08-1.jpg 1500w\" sizes=\"auto, (max-width: 1024px) 100vw, 1024px\" \/><\/figure>\n\n\n\n<figure class=\"wp-block-image size-large\"><img loading=\"lazy\" decoding=\"async\" width=\"1024\" height=\"1024\" src=\"https:\/\/www.parrocchiasgibattista.it\/wordpress\/wp-content\/uploads\/2025\/07\/666bc285-7bbf-4220-9657-1f4e748fbc45-1-1024x1024.jpg\" alt=\"\" class=\"wp-image-6809\" srcset=\"https:\/\/www.parrocchiasgibattista.it\/wordpress\/wp-content\/uploads\/2025\/07\/666bc285-7bbf-4220-9657-1f4e748fbc45-1-1024x1024.jpg 1024w, https:\/\/www.parrocchiasgibattista.it\/wordpress\/wp-content\/uploads\/2025\/07\/666bc285-7bbf-4220-9657-1f4e748fbc45-1-300x300.jpg 300w, https:\/\/www.parrocchiasgibattista.it\/wordpress\/wp-content\/uploads\/2025\/07\/666bc285-7bbf-4220-9657-1f4e748fbc45-1-150x150.jpg 150w, https:\/\/www.parrocchiasgibattista.it\/wordpress\/wp-content\/uploads\/2025\/07\/666bc285-7bbf-4220-9657-1f4e748fbc45-1-768x768.jpg 768w, https:\/\/www.parrocchiasgibattista.it\/wordpress\/wp-content\/uploads\/2025\/07\/666bc285-7bbf-4220-9657-1f4e748fbc45-1-80x80.jpg 80w, https:\/\/www.parrocchiasgibattista.it\/wordpress\/wp-content\/uploads\/2025\/07\/666bc285-7bbf-4220-9657-1f4e748fbc45-1-320x320.jpg 320w, https:\/\/www.parrocchiasgibattista.it\/wordpress\/wp-content\/uploads\/2025\/07\/666bc285-7bbf-4220-9657-1f4e748fbc45-1.jpg 1500w\" sizes=\"auto, (max-width: 1024px) 100vw, 1024px\" \/><\/figure>\n\n\n\n<p><\/p>\n","protected":false},"excerpt":{"rendered":"<p>Un\u2019intera comunit\u00e0 riunita in un clima di gioia e devozione ha celebrato con grande solennit\u00e0 la festa del santo patrono, San Giovanni Battista. A presiedere&#46;&#46;&#46;<\/p>\n","protected":false},"author":2,"featured_media":6801,"comment_status":"closed","ping_status":"open","sticky":false,"template":"","format":"standard","meta":{"footnotes":""},"categories":[258,1],"tags":[144,303,13],"class_list":["post-6797","post","type-post","status-publish","format-standard","has-post-thumbnail","hentry","category-festa-santo-patrono","category-primo-piano","tag-don-antonio-e-don-aurelio","tag-festa-santo-patrono","tag-gaetano-battaglini"],"_links":{"self":[{"href":"https:\/\/www.parrocchiasgibattista.it\/wordpress\/wp-json\/wp\/v2\/posts\/6797","targetHints":{"allow":["GET"]}}],"collection":[{"href":"https:\/\/www.parrocchiasgibattista.it\/wordpress\/wp-json\/wp\/v2\/posts"}],"about":[{"href":"https:\/\/www.parrocchiasgibattista.it\/wordpress\/wp-json\/wp\/v2\/types\/post"}],"author":[{"embeddable":true,"href":"https:\/\/www.parrocchiasgibattista.it\/wordpress\/wp-json\/wp\/v2\/users\/2"}],"replies":[{"embeddable":true,"href":"https:\/\/www.parrocchiasgibattista.it\/wordpress\/wp-json\/wp\/v2\/comments?post=6797"}],"version-history":[{"count":3,"href":"https:\/\/www.parrocchiasgibattista.it\/wordpress\/wp-json\/wp\/v2\/posts\/6797\/revisions"}],"predecessor-version":[{"id":6814,"href":"https:\/\/www.parrocchiasgibattista.it\/wordpress\/wp-json\/wp\/v2\/posts\/6797\/revisions\/6814"}],"wp:featuredmedia":[{"embeddable":true,"href":"https:\/\/www.parrocchiasgibattista.it\/wordpress\/wp-json\/wp\/v2\/media\/6801"}],"wp:attachment":[{"href":"https:\/\/www.parrocchiasgibattista.it\/wordpress\/wp-json\/wp\/v2\/media?parent=6797"}],"wp:term":[{"taxonomy":"category","embeddable":true,"href":"https:\/\/www.parrocchiasgibattista.it\/wordpress\/wp-json\/wp\/v2\/categories?post=6797"},{"taxonomy":"post_tag","embeddable":true,"href":"https:\/\/www.parrocchiasgibattista.it\/wordpress\/wp-json\/wp\/v2\/tags?post=6797"}],"curies":[{"name":"wp","href":"https:\/\/api.w.org\/{rel}","templated":true}]}}