{"id":6785,"date":"2025-06-24T12:18:41","date_gmt":"2025-06-24T10:18:41","guid":{"rendered":"https:\/\/www.parrocchiasgibattista.it\/wordpress\/?p=6785"},"modified":"2025-07-26T14:45:48","modified_gmt":"2025-07-26T12:45:48","slug":"il-corpo-di-cristo-tra-le-strade-del-paese-una-comunita-in-cammino-con-gesu","status":"publish","type":"post","link":"https:\/\/www.parrocchiasgibattista.it\/wordpress\/2025\/06\/24\/il-corpo-di-cristo-tra-le-strade-del-paese-una-comunita-in-cammino-con-gesu\/","title":{"rendered":"Il Corpo di Cristo tra le strade del paese: una comunit\u00e0 in cammino con Ges\u00f9"},"content":{"rendered":"\n<p>Un giorno di luce, fede e profonda partecipazione: cos\u00ec la comunit\u00e0 parrocchiale ha vissuto la solennit\u00e0 del Corpus Domini, celebrata domenica sera con intensit\u00e0 e raccoglimento. Un evento che ha unito anime e cuori attorno all\u2019Eucaristia, presenza viva del Signore tra noi.<\/p>\n\n\n\n<p>La Santa Messa delle ore 19, officiata da don Aurelio Ricci, parroco della comunit\u00e0, e da don Antonio Ricci, ha aperto un momento carico di spiritualit\u00e0 e gratitudine per il dono che Cristo ha lasciato ai suoi discepoli: il Suo Corpo, pane di vita per il mondo.<\/p>\n\n\n\n<p>Al termine della liturgia, si \u00e8 svolta la processione con il Santissimo Sacramento, guidata da don Aurelio, che ha portato Ges\u00f9 Eucaristia tra le vie del paese, accompagnato dalla preghiera e dalla devozione dei fedeli. Lungo il percorso, diversi punti sono stati ornati con altari fioriti, preparati con cura per accogliere e onorare il passaggio del Signore.<\/p>\n\n\n\n<p>A rendere il corteo ancora pi\u00f9 solenne \u00e8 stata la presenza della Banda Musicale \u201cVincenzo Bellini\u201d, diretta dal maestro Gianfranco Ricci, che ha eseguito marce e inni liturgici, contribuendo con le sue armonie a creare un\u2019atmosfera intensa e coinvolgente.<\/p>\n\n\n\n<p>\u201cCristo ci raggiunge nel cuore della nostra quotidianit\u00e0 \u2013 ha sottolineato don Aurelio \u2013 e cammina con noi, senza giudicare, ma offrendo consolazione e speranza. Ci invita a farci prossimi agli altri, con lo stesso amore che riceviamo da Lui.\u201d<\/p>\n\n\n\n<p>La celebrazione \u00e8 stata organizzata con attenzione da Vincenzo Nicolella e Franco Gravina, mentre i canti della Corale Parrocchiale, diretta da Marco Farina e Clara Lombardi, hanno accompagnato i momenti liturgici pi\u00f9 significativi con melodie capaci di toccare l\u2019anima.<\/p>\n\n\n\n<p>Non \u00e8 mancata la presenza delle autorit\u00e0 civili e militari, in segno di unit\u00e0 con la comunit\u00e0 ecclesiale: tra i partecipanti, il presidente del Consiglio comunale Gaetano Battaglini, il consigliere Angelo Petrucci, il maresciallo capo Giuseppe Di Stefano e il comandante della Polizia locale Danilo Loffredi.<\/p>\n\n\n\n<p>Il Corpus Domini ha ricordato a tutti che il Signore non abbandona il suo popolo, ma continua a camminare al fianco di ciascuno, parlando silenziosamente all\u2019anima attraverso l\u2019Ostia consacrata, fonte di grazia e promessa di vita eterna.<\/p>\n\n\n\n<figure class=\"wp-block-image size-large\"><img loading=\"lazy\" decoding=\"async\" width=\"1024\" height=\"769\" src=\"https:\/\/www.parrocchiasgibattista.it\/wordpress\/wp-content\/uploads\/2025\/06\/img_3948-1024x769.jpg\" class=\"wp-image-6787\" srcset=\"https:\/\/www.parrocchiasgibattista.it\/wordpress\/wp-content\/uploads\/2025\/06\/img_3948-1024x769.jpg 1024w, https:\/\/www.parrocchiasgibattista.it\/wordpress\/wp-content\/uploads\/2025\/06\/img_3948-300x225.jpg 300w, https:\/\/www.parrocchiasgibattista.it\/wordpress\/wp-content\/uploads\/2025\/06\/img_3948-768x577.jpg 768w, https:\/\/www.parrocchiasgibattista.it\/wordpress\/wp-content\/uploads\/2025\/06\/img_3948.jpg 1500w\" sizes=\"auto, (max-width: 1024px) 100vw, 1024px\" \/><\/figure>\n\n\n\n<figure class=\"wp-block-image size-large\"><img loading=\"lazy\" decoding=\"async\" width=\"1024\" height=\"769\" src=\"https:\/\/www.parrocchiasgibattista.it\/wordpress\/wp-content\/uploads\/2025\/06\/img_3949-1024x769.jpg\" class=\"wp-image-6788\" srcset=\"https:\/\/www.parrocchiasgibattista.it\/wordpress\/wp-content\/uploads\/2025\/06\/img_3949-1024x769.jpg 1024w, https:\/\/www.parrocchiasgibattista.it\/wordpress\/wp-content\/uploads\/2025\/06\/img_3949-300x225.jpg 300w, https:\/\/www.parrocchiasgibattista.it\/wordpress\/wp-content\/uploads\/2025\/06\/img_3949-768x577.jpg 768w, https:\/\/www.parrocchiasgibattista.it\/wordpress\/wp-content\/uploads\/2025\/06\/img_3949.jpg 1500w\" sizes=\"auto, (max-width: 1024px) 100vw, 1024px\" \/><\/figure>\n\n\n\n<figure class=\"wp-block-image size-large\"><img loading=\"lazy\" decoding=\"async\" width=\"1024\" height=\"769\" src=\"https:\/\/www.parrocchiasgibattista.it\/wordpress\/wp-content\/uploads\/2025\/06\/img_3952-1024x769.jpg\" class=\"wp-image-6789\" srcset=\"https:\/\/www.parrocchiasgibattista.it\/wordpress\/wp-content\/uploads\/2025\/06\/img_3952-1024x769.jpg 1024w, https:\/\/www.parrocchiasgibattista.it\/wordpress\/wp-content\/uploads\/2025\/06\/img_3952-300x225.jpg 300w, https:\/\/www.parrocchiasgibattista.it\/wordpress\/wp-content\/uploads\/2025\/06\/img_3952-768x577.jpg 768w, https:\/\/www.parrocchiasgibattista.it\/wordpress\/wp-content\/uploads\/2025\/06\/img_3952.jpg 1500w\" sizes=\"auto, (max-width: 1024px) 100vw, 1024px\" \/><\/figure>\n\n\n\n<figure class=\"wp-block-image size-large\"><img loading=\"lazy\" decoding=\"async\" width=\"1024\" height=\"769\" src=\"https:\/\/www.parrocchiasgibattista.it\/wordpress\/wp-content\/uploads\/2025\/06\/img_3953-1024x769.jpg\" class=\"wp-image-6790\" srcset=\"https:\/\/www.parrocchiasgibattista.it\/wordpress\/wp-content\/uploads\/2025\/06\/img_3953-1024x769.jpg 1024w, https:\/\/www.parrocchiasgibattista.it\/wordpress\/wp-content\/uploads\/2025\/06\/img_3953-300x225.jpg 300w, https:\/\/www.parrocchiasgibattista.it\/wordpress\/wp-content\/uploads\/2025\/06\/img_3953-768x577.jpg 768w, https:\/\/www.parrocchiasgibattista.it\/wordpress\/wp-content\/uploads\/2025\/06\/img_3953.jpg 1500w\" sizes=\"auto, (max-width: 1024px) 100vw, 1024px\" \/><\/figure>\n\n\n\n<figure class=\"wp-block-image size-large\"><img loading=\"lazy\" decoding=\"async\" width=\"1024\" height=\"769\" src=\"https:\/\/www.parrocchiasgibattista.it\/wordpress\/wp-content\/uploads\/2025\/06\/img_3958-1024x769.jpg\" class=\"wp-image-6791\" srcset=\"https:\/\/www.parrocchiasgibattista.it\/wordpress\/wp-content\/uploads\/2025\/06\/img_3958-1024x769.jpg 1024w, https:\/\/www.parrocchiasgibattista.it\/wordpress\/wp-content\/uploads\/2025\/06\/img_3958-300x225.jpg 300w, https:\/\/www.parrocchiasgibattista.it\/wordpress\/wp-content\/uploads\/2025\/06\/img_3958-768x577.jpg 768w, https:\/\/www.parrocchiasgibattista.it\/wordpress\/wp-content\/uploads\/2025\/06\/img_3958.jpg 1500w\" sizes=\"auto, (max-width: 1024px) 100vw, 1024px\" \/><\/figure>\n\n\n\n<figure class=\"wp-block-image size-large\"><img loading=\"lazy\" decoding=\"async\" width=\"1024\" height=\"769\" src=\"https:\/\/www.parrocchiasgibattista.it\/wordpress\/wp-content\/uploads\/2025\/06\/img_3956-1024x769.jpg\" class=\"wp-image-6792\" srcset=\"https:\/\/www.parrocchiasgibattista.it\/wordpress\/wp-content\/uploads\/2025\/06\/img_3956-1024x769.jpg 1024w, https:\/\/www.parrocchiasgibattista.it\/wordpress\/wp-content\/uploads\/2025\/06\/img_3956-300x225.jpg 300w, https:\/\/www.parrocchiasgibattista.it\/wordpress\/wp-content\/uploads\/2025\/06\/img_3956-768x577.jpg 768w, https:\/\/www.parrocchiasgibattista.it\/wordpress\/wp-content\/uploads\/2025\/06\/img_3956.jpg 1500w\" sizes=\"auto, (max-width: 1024px) 100vw, 1024px\" \/><\/figure>\n\n\n\n<figure class=\"wp-block-image size-large\"><img loading=\"lazy\" decoding=\"async\" width=\"1024\" height=\"769\" src=\"https:\/\/www.parrocchiasgibattista.it\/wordpress\/wp-content\/uploads\/2025\/06\/img_3959-1024x769.jpg\" class=\"wp-image-6793\" srcset=\"https:\/\/www.parrocchiasgibattista.it\/wordpress\/wp-content\/uploads\/2025\/06\/img_3959-1024x769.jpg 1024w, https:\/\/www.parrocchiasgibattista.it\/wordpress\/wp-content\/uploads\/2025\/06\/img_3959-300x225.jpg 300w, https:\/\/www.parrocchiasgibattista.it\/wordpress\/wp-content\/uploads\/2025\/06\/img_3959-768x577.jpg 768w, https:\/\/www.parrocchiasgibattista.it\/wordpress\/wp-content\/uploads\/2025\/06\/img_3959.jpg 1500w\" sizes=\"auto, (max-width: 1024px) 100vw, 1024px\" \/><\/figure>\n\n\n\n<figure class=\"wp-block-image size-large\"><img loading=\"lazy\" decoding=\"async\" width=\"1024\" height=\"769\" src=\"https:\/\/www.parrocchiasgibattista.it\/wordpress\/wp-content\/uploads\/2025\/06\/img_3960-1024x769.jpg\" class=\"wp-image-6794\" srcset=\"https:\/\/www.parrocchiasgibattista.it\/wordpress\/wp-content\/uploads\/2025\/06\/img_3960-1024x769.jpg 1024w, https:\/\/www.parrocchiasgibattista.it\/wordpress\/wp-content\/uploads\/2025\/06\/img_3960-300x225.jpg 300w, https:\/\/www.parrocchiasgibattista.it\/wordpress\/wp-content\/uploads\/2025\/06\/img_3960-768x577.jpg 768w, https:\/\/www.parrocchiasgibattista.it\/wordpress\/wp-content\/uploads\/2025\/06\/img_3960.jpg 1500w\" sizes=\"auto, (max-width: 1024px) 100vw, 1024px\" \/><\/figure>\n\n\n\n<figure class=\"wp-block-image size-large\"><img loading=\"lazy\" decoding=\"async\" width=\"1024\" height=\"769\" src=\"https:\/\/www.parrocchiasgibattista.it\/wordpress\/wp-content\/uploads\/2025\/06\/img_3962-1024x769.jpg\" class=\"wp-image-6795\" srcset=\"https:\/\/www.parrocchiasgibattista.it\/wordpress\/wp-content\/uploads\/2025\/06\/img_3962-1024x769.jpg 1024w, https:\/\/www.parrocchiasgibattista.it\/wordpress\/wp-content\/uploads\/2025\/06\/img_3962-300x225.jpg 300w, https:\/\/www.parrocchiasgibattista.it\/wordpress\/wp-content\/uploads\/2025\/06\/img_3962-768x577.jpg 768w, https:\/\/www.parrocchiasgibattista.it\/wordpress\/wp-content\/uploads\/2025\/06\/img_3962.jpg 1500w\" sizes=\"auto, (max-width: 1024px) 100vw, 1024px\" \/><\/figure>\n","protected":false},"excerpt":{"rendered":"<p>Un giorno di luce, fede e profonda partecipazione: cos\u00ec la comunit\u00e0 parrocchiale ha vissuto la solennit\u00e0 del Corpus Domini, celebrata domenica sera con intensit\u00e0 e&#46;&#46;&#46;<\/p>\n","protected":false},"author":2,"featured_media":6784,"comment_status":"closed","ping_status":"open","sticky":false,"template":"","format":"standard","meta":{"footnotes":""},"categories":[1],"tags":[154,393,13],"class_list":["post-6785","post","type-post","status-publish","format-standard","has-post-thumbnail","hentry","category-primo-piano","tag-corpus-domini","tag-don-aurelio-ricci","tag-gaetano-battaglini"],"_links":{"self":[{"href":"https:\/\/www.parrocchiasgibattista.it\/wordpress\/wp-json\/wp\/v2\/posts\/6785","targetHints":{"allow":["GET"]}}],"collection":[{"href":"https:\/\/www.parrocchiasgibattista.it\/wordpress\/wp-json\/wp\/v2\/posts"}],"about":[{"href":"https:\/\/www.parrocchiasgibattista.it\/wordpress\/wp-json\/wp\/v2\/types\/post"}],"author":[{"embeddable":true,"href":"https:\/\/www.parrocchiasgibattista.it\/wordpress\/wp-json\/wp\/v2\/users\/2"}],"replies":[{"embeddable":true,"href":"https:\/\/www.parrocchiasgibattista.it\/wordpress\/wp-json\/wp\/v2\/comments?post=6785"}],"version-history":[{"count":2,"href":"https:\/\/www.parrocchiasgibattista.it\/wordpress\/wp-json\/wp\/v2\/posts\/6785\/revisions"}],"predecessor-version":[{"id":6796,"href":"https:\/\/www.parrocchiasgibattista.it\/wordpress\/wp-json\/wp\/v2\/posts\/6785\/revisions\/6796"}],"wp:featuredmedia":[{"embeddable":true,"href":"https:\/\/www.parrocchiasgibattista.it\/wordpress\/wp-json\/wp\/v2\/media\/6784"}],"wp:attachment":[{"href":"https:\/\/www.parrocchiasgibattista.it\/wordpress\/wp-json\/wp\/v2\/media?parent=6785"}],"wp:term":[{"taxonomy":"category","embeddable":true,"href":"https:\/\/www.parrocchiasgibattista.it\/wordpress\/wp-json\/wp\/v2\/categories?post=6785"},{"taxonomy":"post_tag","embeddable":true,"href":"https:\/\/www.parrocchiasgibattista.it\/wordpress\/wp-json\/wp\/v2\/tags?post=6785"}],"curies":[{"name":"wp","href":"https:\/\/api.w.org\/{rel}","templated":true}]}}