{"id":6681,"date":"2025-05-25T16:05:29","date_gmt":"2025-05-25T14:05:29","guid":{"rendered":"https:\/\/www.parrocchiasgibattista.it\/wordpress\/?p=6681"},"modified":"2025-05-25T16:07:04","modified_gmt":"2025-05-25T14:07:04","slug":"la-prima-comunione-di-dieci-ragazzi-un-incontro-di-festa-e-fede-guidati-da-don-aurelio-ricci","status":"publish","type":"post","link":"https:\/\/www.parrocchiasgibattista.it\/wordpress\/2025\/05\/25\/la-prima-comunione-di-dieci-ragazzi-un-incontro-di-festa-e-fede-guidati-da-don-aurelio-ricci\/","title":{"rendered":"La prima Comunione di dieci ragazzi: un incontro di festa e fede guidati da don Aurelio Ricci"},"content":{"rendered":"\n<p class=\"p1\">Un giorno di gioia autentica ha coinvolto l\u2019intera comunit\u00e0 parrocchiale durante la celebrazione della Prima Comunione di dieci ragazzi, accolti per la prima volta alla mensa dell\u2019Eucaristia. Un traguardo importante nel cammino cristiano, vissuto con emozione dai ragazzi e dalle loro famiglie, al termine di un percorso formativo curato dai catechisti.<\/p>\n\n\n\n<p class=\"p1\">La celebrazione si \u00e8 svolta domenica mattina alle ore 10:30 nella chiesa parrocchiale, ed \u00e8 stata presieduta dal parroco don Aurelio Ricci, che ha ricevuto i ragazzi accompagnati dai loro catechisti.<\/p>\n\n\n\n<p class=\"p1\">In un gesto simbolico carico di tenerezza, don Aurelio ha fatto sedere i dieci bambini accanto a s\u00e9 ai piedi dell\u2019altare, richiamando l\u2019immagine di Ges\u00f9 che si circonda dei piccoli e li benedice. Un\u2019immagine intensa e familiare, che ha toccato il cuore dei presenti.<\/p>\n\n\n\n<p class=\"p1\">Nell\u2019omelia, con il Vangelo in mano e lo sguardo rivolto ai comunicandi, il parroco ha ricordato che \u201cGes\u00f9 \u00e8 il pane vivo disceso dal cielo\u201d (Gv 6,51) e che l\u2019Eucaristia \u00e8 \u201cun dono da accogliere con cuore puro e grato\u201d. Ha parlato con un linguaggio semplice, spiegando che ricevere Ges\u00f9 significa lasciarlo entrare nel proprio cuore per imparare a vivere come Lui: con amore, perdono, verit\u00e0.<\/p>\n\n\n\n<p class=\"p1\">\u201cVoi oggi fate un passo importante \u2013 ha detto \u2013 ma il vero cammino inizia ora: camminate ogni giorno con Ges\u00f9, perch\u00e9 Lui \u00e8 il vostro amico fedele, il Buon Pastore\u201d (cfr. Gv 10,11).<\/p>\n\n\n\n<p class=\"p1\">Il momento liturgico \u00e8 stato curato con attenzione da Vincenzo Nicolella, mentre i canti della Corale Parrocchiale, diretta dal maestro Marco Farina, hanno arricchito la celebrazione con solennit\u00e0, creando un clima di raccoglimento e festa.<\/p>\n\n\n\n<p class=\"p1\">Grande \u00e8 stata la partecipazione della comunit\u00e0, che ha voluto stringersi attorno ai dieci ragazzi \u2013 Gianmaria, Alisia, Sofia, Gabriele, Gaia, Kevin, Nathan, Gianluigi, Beatrice e Greta \u2013 accompagnandoli con affetto e preghiera in questo passo decisivo della vita cristiana.<\/p>\n\n\n\n<p class=\"p1\">Al termine della Messa, don Aurelio ha rivolto un pensiero speciale alle famiglie: \u201cSiate voi i primi testimoni di fede per i vostri figli. Aiutateli a custodire nel cuore questo incontro con Ges\u00f9\u201d.<\/p>\n\n\n\n<p class=\"p1\">La luce dell\u2019Eucaristia, ricevuta per la prima volta, ha illuminato i volti dei ragazzi e delle loro famiglie. Resta ora il compito di camminare nella fede, con la consapevolezza che \u201cchi mangia di questo pane vivr\u00e0 in eterno\u201d (Gv 6,58).<\/p>\n\n\n\n<figure class=\"wp-block-image size-large\"><img loading=\"lazy\" decoding=\"async\" width=\"1024\" height=\"768\" src=\"https:\/\/www.parrocchiasgibattista.it\/wordpress\/wp-content\/uploads\/2025\/05\/f594c03b-4971-41c2-af15-899211765f8f-1-1024x768.jpg\" alt=\"\" class=\"wp-image-6684\" srcset=\"https:\/\/www.parrocchiasgibattista.it\/wordpress\/wp-content\/uploads\/2025\/05\/f594c03b-4971-41c2-af15-899211765f8f-1-1024x768.jpg 1024w, https:\/\/www.parrocchiasgibattista.it\/wordpress\/wp-content\/uploads\/2025\/05\/f594c03b-4971-41c2-af15-899211765f8f-1-300x225.jpg 300w, https:\/\/www.parrocchiasgibattista.it\/wordpress\/wp-content\/uploads\/2025\/05\/f594c03b-4971-41c2-af15-899211765f8f-1-768x576.jpg 768w, https:\/\/www.parrocchiasgibattista.it\/wordpress\/wp-content\/uploads\/2025\/05\/f594c03b-4971-41c2-af15-899211765f8f-1.jpg 1500w\" sizes=\"auto, (max-width: 1024px) 100vw, 1024px\" \/><\/figure>\n\n\n\n<figure class=\"wp-block-image size-large\"><img loading=\"lazy\" decoding=\"async\" width=\"1024\" height=\"768\" src=\"https:\/\/www.parrocchiasgibattista.it\/wordpress\/wp-content\/uploads\/2025\/05\/4e9cded1-8187-4ff5-8fb0-36993ba4dff2-1-1024x768.jpg\" alt=\"\" class=\"wp-image-6685\" srcset=\"https:\/\/www.parrocchiasgibattista.it\/wordpress\/wp-content\/uploads\/2025\/05\/4e9cded1-8187-4ff5-8fb0-36993ba4dff2-1-1024x768.jpg 1024w, https:\/\/www.parrocchiasgibattista.it\/wordpress\/wp-content\/uploads\/2025\/05\/4e9cded1-8187-4ff5-8fb0-36993ba4dff2-1-300x225.jpg 300w, https:\/\/www.parrocchiasgibattista.it\/wordpress\/wp-content\/uploads\/2025\/05\/4e9cded1-8187-4ff5-8fb0-36993ba4dff2-1-768x576.jpg 768w, https:\/\/www.parrocchiasgibattista.it\/wordpress\/wp-content\/uploads\/2025\/05\/4e9cded1-8187-4ff5-8fb0-36993ba4dff2-1.jpg 1500w\" sizes=\"auto, (max-width: 1024px) 100vw, 1024px\" \/><\/figure>\n\n\n\n<figure class=\"wp-block-image size-large\"><img loading=\"lazy\" decoding=\"async\" width=\"1024\" height=\"768\" src=\"https:\/\/www.parrocchiasgibattista.it\/wordpress\/wp-content\/uploads\/2025\/05\/6e9b701e-2905-45f3-b08b-730680828cf1-1-1024x768.jpg\" alt=\"\" class=\"wp-image-6686\" srcset=\"https:\/\/www.parrocchiasgibattista.it\/wordpress\/wp-content\/uploads\/2025\/05\/6e9b701e-2905-45f3-b08b-730680828cf1-1-1024x768.jpg 1024w, https:\/\/www.parrocchiasgibattista.it\/wordpress\/wp-content\/uploads\/2025\/05\/6e9b701e-2905-45f3-b08b-730680828cf1-1-300x225.jpg 300w, https:\/\/www.parrocchiasgibattista.it\/wordpress\/wp-content\/uploads\/2025\/05\/6e9b701e-2905-45f3-b08b-730680828cf1-1-768x576.jpg 768w, https:\/\/www.parrocchiasgibattista.it\/wordpress\/wp-content\/uploads\/2025\/05\/6e9b701e-2905-45f3-b08b-730680828cf1-1.jpg 1500w\" sizes=\"auto, (max-width: 1024px) 100vw, 1024px\" \/><\/figure>\n\n\n\n<figure class=\"wp-block-image size-large\"><img decoding=\"async\" src=\"file:\/\/\/private\/var\/mobile\/Containers\/Data\/Application\/B220C491-309D-49FE-96C2-751AFF6706DA\/tmp\/org.automattic.MediaImageServiceSymlinks\/thumbnail-040809c3-f0a8-41c8-a87e-acb34e0c97e9-1365x1024.jpeg\" alt=\"\" class=\"wp-image-1619958339\"\/><\/figure>\n\n\n\n<figure class=\"wp-block-image size-large\"><img loading=\"lazy\" decoding=\"async\" width=\"768\" height=\"1024\" src=\"https:\/\/www.parrocchiasgibattista.it\/wordpress\/wp-content\/uploads\/2025\/05\/6be83895-636c-40db-8eca-f02b2da8e7ed-1-768x1024.jpg\" alt=\"\" class=\"wp-image-6689\" srcset=\"https:\/\/www.parrocchiasgibattista.it\/wordpress\/wp-content\/uploads\/2025\/05\/6be83895-636c-40db-8eca-f02b2da8e7ed-1-768x1024.jpg 768w, https:\/\/www.parrocchiasgibattista.it\/wordpress\/wp-content\/uploads\/2025\/05\/6be83895-636c-40db-8eca-f02b2da8e7ed-1-225x300.jpg 225w, https:\/\/www.parrocchiasgibattista.it\/wordpress\/wp-content\/uploads\/2025\/05\/6be83895-636c-40db-8eca-f02b2da8e7ed-1.jpg 1125w\" sizes=\"auto, (max-width: 768px) 100vw, 768px\" \/><\/figure>\n\n\n\n<figure class=\"wp-block-image size-large\"><img loading=\"lazy\" decoding=\"async\" width=\"1024\" height=\"768\" src=\"https:\/\/www.parrocchiasgibattista.it\/wordpress\/wp-content\/uploads\/2025\/05\/11881df4-a7f4-45cd-ac2f-8ec8521d07b1-1-1024x768.jpg\" alt=\"\" class=\"wp-image-6690\" srcset=\"https:\/\/www.parrocchiasgibattista.it\/wordpress\/wp-content\/uploads\/2025\/05\/11881df4-a7f4-45cd-ac2f-8ec8521d07b1-1-1024x768.jpg 1024w, https:\/\/www.parrocchiasgibattista.it\/wordpress\/wp-content\/uploads\/2025\/05\/11881df4-a7f4-45cd-ac2f-8ec8521d07b1-1-300x225.jpg 300w, https:\/\/www.parrocchiasgibattista.it\/wordpress\/wp-content\/uploads\/2025\/05\/11881df4-a7f4-45cd-ac2f-8ec8521d07b1-1-768x576.jpg 768w, https:\/\/www.parrocchiasgibattista.it\/wordpress\/wp-content\/uploads\/2025\/05\/11881df4-a7f4-45cd-ac2f-8ec8521d07b1-1.jpg 1500w\" sizes=\"auto, (max-width: 1024px) 100vw, 1024px\" \/><\/figure>\n\n\n\n<figure class=\"wp-block-image size-large\"><img loading=\"lazy\" decoding=\"async\" width=\"1024\" height=\"768\" src=\"https:\/\/www.parrocchiasgibattista.it\/wordpress\/wp-content\/uploads\/2025\/05\/c4161d48-2ede-4107-b123-f0c4ffa2a70a-1-1024x768.jpg\" alt=\"\" class=\"wp-image-6691\" srcset=\"https:\/\/www.parrocchiasgibattista.it\/wordpress\/wp-content\/uploads\/2025\/05\/c4161d48-2ede-4107-b123-f0c4ffa2a70a-1-1024x768.jpg 1024w, https:\/\/www.parrocchiasgibattista.it\/wordpress\/wp-content\/uploads\/2025\/05\/c4161d48-2ede-4107-b123-f0c4ffa2a70a-1-300x225.jpg 300w, https:\/\/www.parrocchiasgibattista.it\/wordpress\/wp-content\/uploads\/2025\/05\/c4161d48-2ede-4107-b123-f0c4ffa2a70a-1-768x576.jpg 768w, https:\/\/www.parrocchiasgibattista.it\/wordpress\/wp-content\/uploads\/2025\/05\/c4161d48-2ede-4107-b123-f0c4ffa2a70a-1.jpg 1500w\" sizes=\"auto, (max-width: 1024px) 100vw, 1024px\" \/><\/figure>\n\n\n\n<figure class=\"wp-block-image size-large\"><img loading=\"lazy\" decoding=\"async\" width=\"1024\" height=\"768\" src=\"https:\/\/www.parrocchiasgibattista.it\/wordpress\/wp-content\/uploads\/2025\/05\/d48d57c6-fd04-44d0-8426-e7077a3d9290-1-1024x768.jpg\" alt=\"\" class=\"wp-image-6692\" srcset=\"https:\/\/www.parrocchiasgibattista.it\/wordpress\/wp-content\/uploads\/2025\/05\/d48d57c6-fd04-44d0-8426-e7077a3d9290-1-1024x768.jpg 1024w, https:\/\/www.parrocchiasgibattista.it\/wordpress\/wp-content\/uploads\/2025\/05\/d48d57c6-fd04-44d0-8426-e7077a3d9290-1-300x225.jpg 300w, https:\/\/www.parrocchiasgibattista.it\/wordpress\/wp-content\/uploads\/2025\/05\/d48d57c6-fd04-44d0-8426-e7077a3d9290-1-768x576.jpg 768w, https:\/\/www.parrocchiasgibattista.it\/wordpress\/wp-content\/uploads\/2025\/05\/d48d57c6-fd04-44d0-8426-e7077a3d9290-1.jpg 1500w\" sizes=\"auto, (max-width: 1024px) 100vw, 1024px\" \/><\/figure>\n\n\n\n<figure class=\"wp-block-image size-large\"><img loading=\"lazy\" decoding=\"async\" width=\"768\" height=\"1024\" src=\"https:\/\/www.parrocchiasgibattista.it\/wordpress\/wp-content\/uploads\/2025\/05\/cfd9590f-8e52-4e44-aa44-ff10871de280-1-768x1024.jpg\" alt=\"\" class=\"wp-image-6693\" srcset=\"https:\/\/www.parrocchiasgibattista.it\/wordpress\/wp-content\/uploads\/2025\/05\/cfd9590f-8e52-4e44-aa44-ff10871de280-1-768x1024.jpg 768w, https:\/\/www.parrocchiasgibattista.it\/wordpress\/wp-content\/uploads\/2025\/05\/cfd9590f-8e52-4e44-aa44-ff10871de280-1-225x300.jpg 225w, https:\/\/www.parrocchiasgibattista.it\/wordpress\/wp-content\/uploads\/2025\/05\/cfd9590f-8e52-4e44-aa44-ff10871de280-1.jpg 1125w\" sizes=\"auto, (max-width: 768px) 100vw, 768px\" \/><\/figure>\n\n\n\n<figure class=\"wp-block-image size-large\"><img loading=\"lazy\" decoding=\"async\" width=\"768\" height=\"1024\" src=\"https:\/\/www.parrocchiasgibattista.it\/wordpress\/wp-content\/uploads\/2025\/05\/d11fb080-7203-4e79-bbfa-61f48c2c472c-1-768x1024.jpg\" alt=\"\" class=\"wp-image-6694\" srcset=\"https:\/\/www.parrocchiasgibattista.it\/wordpress\/wp-content\/uploads\/2025\/05\/d11fb080-7203-4e79-bbfa-61f48c2c472c-1-768x1024.jpg 768w, https:\/\/www.parrocchiasgibattista.it\/wordpress\/wp-content\/uploads\/2025\/05\/d11fb080-7203-4e79-bbfa-61f48c2c472c-1-225x300.jpg 225w, https:\/\/www.parrocchiasgibattista.it\/wordpress\/wp-content\/uploads\/2025\/05\/d11fb080-7203-4e79-bbfa-61f48c2c472c-1.jpg 1125w\" sizes=\"auto, (max-width: 768px) 100vw, 768px\" \/><\/figure>\n\n\n\n<figure class=\"wp-block-image size-large\"><img loading=\"lazy\" decoding=\"async\" width=\"768\" height=\"1024\" src=\"https:\/\/www.parrocchiasgibattista.it\/wordpress\/wp-content\/uploads\/2025\/05\/1f12a4e9-1c2b-4362-a489-c4e4457be56a-1-768x1024.jpg\" alt=\"\" class=\"wp-image-6695\" srcset=\"https:\/\/www.parrocchiasgibattista.it\/wordpress\/wp-content\/uploads\/2025\/05\/1f12a4e9-1c2b-4362-a489-c4e4457be56a-1-768x1024.jpg 768w, https:\/\/www.parrocchiasgibattista.it\/wordpress\/wp-content\/uploads\/2025\/05\/1f12a4e9-1c2b-4362-a489-c4e4457be56a-1-225x300.jpg 225w, https:\/\/www.parrocchiasgibattista.it\/wordpress\/wp-content\/uploads\/2025\/05\/1f12a4e9-1c2b-4362-a489-c4e4457be56a-1.jpg 1125w\" sizes=\"auto, (max-width: 768px) 100vw, 768px\" \/><\/figure>\n\n\n\n<figure class=\"wp-block-image size-large\"><img loading=\"lazy\" decoding=\"async\" width=\"768\" height=\"1024\" src=\"https:\/\/www.parrocchiasgibattista.it\/wordpress\/wp-content\/uploads\/2025\/05\/1ef7ff59-fc16-4adc-b029-70c0dd87413e-1-768x1024.jpg\" alt=\"\" class=\"wp-image-6696\" srcset=\"https:\/\/www.parrocchiasgibattista.it\/wordpress\/wp-content\/uploads\/2025\/05\/1ef7ff59-fc16-4adc-b029-70c0dd87413e-1-768x1024.jpg 768w, https:\/\/www.parrocchiasgibattista.it\/wordpress\/wp-content\/uploads\/2025\/05\/1ef7ff59-fc16-4adc-b029-70c0dd87413e-1-225x300.jpg 225w, https:\/\/www.parrocchiasgibattista.it\/wordpress\/wp-content\/uploads\/2025\/05\/1ef7ff59-fc16-4adc-b029-70c0dd87413e-1.jpg 1125w\" sizes=\"auto, (max-width: 768px) 100vw, 768px\" \/><\/figure>\n\n\n\n\n\n\n","protected":false},"excerpt":{"rendered":"<p>Un giorno di gioia autentica ha coinvolto l\u2019intera comunit\u00e0 parrocchiale durante la celebrazione della Prima Comunione di dieci ragazzi, accolti per la prima volta alla&#46;&#46;&#46;<\/p>\n","protected":false},"author":3,"featured_media":6683,"comment_status":"closed","ping_status":"open","sticky":false,"template":"","format":"standard","meta":{"footnotes":""},"categories":[1,100],"tags":[393,13,136,24],"class_list":["post-6681","post","type-post","status-publish","format-standard","has-post-thumbnail","hentry","category-primo-piano","category-prima-comunione","tag-don-aurelio-ricci","tag-gaetano-battaglini","tag-prima-comunione","tag-san-giovanni-incarico"],"_links":{"self":[{"href":"https:\/\/www.parrocchiasgibattista.it\/wordpress\/wp-json\/wp\/v2\/posts\/6681","targetHints":{"allow":["GET"]}}],"collection":[{"href":"https:\/\/www.parrocchiasgibattista.it\/wordpress\/wp-json\/wp\/v2\/posts"}],"about":[{"href":"https:\/\/www.parrocchiasgibattista.it\/wordpress\/wp-json\/wp\/v2\/types\/post"}],"author":[{"embeddable":true,"href":"https:\/\/www.parrocchiasgibattista.it\/wordpress\/wp-json\/wp\/v2\/users\/3"}],"replies":[{"embeddable":true,"href":"https:\/\/www.parrocchiasgibattista.it\/wordpress\/wp-json\/wp\/v2\/comments?post=6681"}],"version-history":[{"count":4,"href":"https:\/\/www.parrocchiasgibattista.it\/wordpress\/wp-json\/wp\/v2\/posts\/6681\/revisions"}],"predecessor-version":[{"id":6698,"href":"https:\/\/www.parrocchiasgibattista.it\/wordpress\/wp-json\/wp\/v2\/posts\/6681\/revisions\/6698"}],"wp:featuredmedia":[{"embeddable":true,"href":"https:\/\/www.parrocchiasgibattista.it\/wordpress\/wp-json\/wp\/v2\/media\/6683"}],"wp:attachment":[{"href":"https:\/\/www.parrocchiasgibattista.it\/wordpress\/wp-json\/wp\/v2\/media?parent=6681"}],"wp:term":[{"taxonomy":"category","embeddable":true,"href":"https:\/\/www.parrocchiasgibattista.it\/wordpress\/wp-json\/wp\/v2\/categories?post=6681"},{"taxonomy":"post_tag","embeddable":true,"href":"https:\/\/www.parrocchiasgibattista.it\/wordpress\/wp-json\/wp\/v2\/tags?post=6681"}],"curies":[{"name":"wp","href":"https:\/\/api.w.org\/{rel}","templated":true}]}}