{"id":6665,"date":"2025-05-18T22:01:00","date_gmt":"2025-05-18T20:01:00","guid":{"rendered":"https:\/\/www.parrocchiasgibattista.it\/wordpress\/?p=6665"},"modified":"2025-05-24T09:11:31","modified_gmt":"2025-05-24T07:11:31","slug":"diciannove-giovani-ricevono-la-cresima-dal-vescovo-antonazzo","status":"publish","type":"post","link":"https:\/\/www.parrocchiasgibattista.it\/wordpress\/2025\/05\/18\/diciannove-giovani-ricevono-la-cresima-dal-vescovo-antonazzo\/","title":{"rendered":"Diciannove giovani ricevono la Cresima dal Vescovo Antonazzo"},"content":{"rendered":"\n<p><\/p>\n\n\n\n<figure class=\"wp-block-image size-large\"><img loading=\"lazy\" decoding=\"async\" width=\"1024\" height=\"683\" src=\"https:\/\/www.parrocchiasgibattista.it\/wordpress\/wp-content\/uploads\/2025\/05\/FotodiGruppoCresima_2025-1024x683.jpg\" alt=\"\" class=\"wp-image-6660\" srcset=\"https:\/\/www.parrocchiasgibattista.it\/wordpress\/wp-content\/uploads\/2025\/05\/FotodiGruppoCresima_2025-1024x683.jpg 1024w, https:\/\/www.parrocchiasgibattista.it\/wordpress\/wp-content\/uploads\/2025\/05\/FotodiGruppoCresima_2025-300x200.jpg 300w, https:\/\/www.parrocchiasgibattista.it\/wordpress\/wp-content\/uploads\/2025\/05\/FotodiGruppoCresima_2025-768x512.jpg 768w, https:\/\/www.parrocchiasgibattista.it\/wordpress\/wp-content\/uploads\/2025\/05\/FotodiGruppoCresima_2025-1536x1024.jpg 1536w, https:\/\/www.parrocchiasgibattista.it\/wordpress\/wp-content\/uploads\/2025\/05\/FotodiGruppoCresima_2025-2048x1365.jpg 2048w, https:\/\/www.parrocchiasgibattista.it\/wordpress\/wp-content\/uploads\/2025\/05\/FotodiGruppoCresima_2025-272x182.jpg 272w\" sizes=\"auto, (max-width: 1024px) 100vw, 1024px\" \/><\/figure>\n\n\n\n<p><\/p>\n\n\n\n<p class=\"p1\">Sabato 17 maggio, la comunit\u00e0 parrocchiale di San Giovanni Battista, a San Giovanni Incarico, ha vissuto una giornata di grande intensit\u00e0 spirituale con la celebrazione del Sacramento della Confermazione, presieduta dal vescovo diocesano Monsignor Gerardo Antonazzo. Alla solenne liturgia, concelebrata dai parroci don Aurelio e don Antonio Ricci, hanno partecipato fedeli, famiglie, padrini, madrine e i catechisti, che insieme al gruppo liturgico hanno curato ogni aspetto della cerimonia.<\/p>\n\n\n\n<p class=\"p1\">Diciannove giovani hanno pronunciato con emozione il loro \u201cEccomi\u201d, accogliendo con consapevolezza la chiamata a vivere da testimoni del Vangelo. Dopo la presentazione dei cresimandi da parte di don Aurelio, il Vescovo li ha accolti con parole di incoraggiamento e riconoscenza, invitandoli a vivere questo momento non come punto d\u2019arrivo, ma come nuovo inizio.<\/p>\n\n\n\n<p class=\"p1\">Durante l\u2019omelia, Monsignor Antonazzo ha voluto trasmettere un messaggio chiaro e profondo alla comunit\u00e0:<\/p>\n\n\n\n<p class=\"p1\">\u00abSenza la luce della fede, i segni della liturgia \u2013 il pane, il vino, l\u2019olio del Crisma \u2013 restano gesti vuoti. Solo con gli occhi del cuore possiamo riconoscere l\u2019opera invisibile di Dio che agisce in noi. La vita cristiana comincia con il Battesimo, si rafforza con la Cresima e tende alla felicit\u00e0 eterna. Lo Spirito Santo \u00e8 luce, fuoco, amore, sapienza: \u00e8 Lui che ci rende capaci di distinguere il bene dal male, parlando nella nostra coscienza. Ma attenzione: se non ascoltiamo pi\u00f9 questa voce interiore, allora perdiamo il senso stesso del nostro essere cristiani. Ai padrini e madrine dico: volere bene significa volere il vero bene, educare con l\u2019esempio, con coerenza, con amore autentico. La Cresima non \u00e8 un traguardo, ma un punto di partenza per vivere nella fede e nella responsabilit\u00e0\u00bb.<\/p>\n\n\n\n<p class=\"p1\">Il Vescovo ha quindi tracciato un ideale cammino della vita cristiana: inizia con il Battesimo, si nutre della Cresima \u2013 che dona lo Spirito Santo \u2013 e si compie nella speranza della vita eterna. Ha definito lo Spirito come luce, fuoco, sapienza e amore, sottolineando come i suoi doni debbano tradursi in frutti concreti: amore, gioia, pace, bont\u00e0, mitezza, dominio di s\u00e9. \u00c8 lo Spirito, ha detto, che parla nella coscienza, aiutandoci a distinguere il bene dal male.<\/p>\n\n\n\n<p class=\"p1\">Rivolgendosi ai padrini, madrine e agli adulti presenti, ha lanciato un appello forte e affettuoso: volere bene significa volere il vero bene, accompagnare i ragazzi con l\u2019esempio, non accontentandoli in tutto, ma orientandoli verso ci\u00f2 che \u00e8 giusto e duraturo.<\/p>\n\n\n\n<p class=\"p1\">La celebrazione, resa solenne dall\u2019attenzione organizzativa di Vincenzo Nicolella e Franco Gravina, \u00e8 stata arricchita dai canti della Corale Parrocchiale, diretta dai maestri Clara Lombardi e Marco Farina, che hanno saputo accompagnare la preghiera con sobriet\u00e0 e profondit\u00e0.<\/p>\n\n\n\n<p class=\"p1\">La comunit\u00e0 ha accolto con gioia i nuovi cresimati \u2013 Cristiano, Mirko, Nicole, Camilla, Giosu\u00e8, Orlando, Flavio, Alice, Ginevra, Benedetta, Desideria, Gioele, Angelica, Desiree, Riccardo Francesco, Luca, Nicholas, Martina, Rebecca \u2013 iniziando con loro un rinnovato cammino nella fede, guidati dallo Spirito e dal desiderio di essere autentici testimoni del Vangelo.<\/p>\n\n\n\n<div class=\"wp-block-group is-nowrap is-layout-flex wp-container-core-group-is-layout-ad2f72ca wp-block-group-is-layout-flex\">\n<figure class=\"wp-block-image size-full is-resized\"><img loading=\"lazy\" decoding=\"async\" width=\"336\" height=\"338\" src=\"http:\/\/www.parrocchiasgibattista.it\/wordpress\/wp-content\/uploads\/2019\/12\/logo.pdf.download.jpeg\" alt=\"\" class=\"wp-image-4551\" style=\"width:52px;height:auto\" srcset=\"https:\/\/www.parrocchiasgibattista.it\/wordpress\/wp-content\/uploads\/2019\/12\/logo.pdf.download.jpeg 336w, https:\/\/www.parrocchiasgibattista.it\/wordpress\/wp-content\/uploads\/2019\/12\/logo.pdf.download-298x300.jpeg 298w, https:\/\/www.parrocchiasgibattista.it\/wordpress\/wp-content\/uploads\/2019\/12\/logo.pdf.download-150x150.jpeg 150w, https:\/\/www.parrocchiasgibattista.it\/wordpress\/wp-content\/uploads\/2019\/12\/logo.pdf.download-160x160.jpeg 160w\" sizes=\"auto, (max-width: 336px) 100vw, 336px\" \/><\/figure>\n\n\n\n<p> <a href=\"http:\/\/www.parrocchiasgibattista.it\/wordpress\/wp-content\/uploads\/2025\/05\/OMELIA-VESCOVO-CRESIME-17_05_2025.pdf\" data-type=\"link\" data-id=\"http:\/\/www.parrocchiasgibattista.it\/wordpress\/wp-content\/uploads\/2025\/05\/OMELIA-VESCOVO-CRESIME-17_05_2025.pdf\" target=\"_blank\" rel=\"noreferrer noopener\">Qui la trascrizione dell&#8217;omelia del Vescovo<\/a><\/p>\n<\/div>\n\n\n\n<p><\/p>\n\n\n\n<p><\/p>\n\n\n\n<p><\/p>\n\n\n\n<p><\/p>\n\n\n\n<p><\/p>\n","protected":false},"excerpt":{"rendered":"<p>Sabato 17 maggio, la comunit\u00e0 parrocchiale di San Giovanni Battista, a San Giovanni Incarico, ha vissuto una giornata di grande intensit\u00e0 spirituale con la celebrazione&#46;&#46;&#46;<\/p>\n","protected":false},"author":3,"featured_media":6660,"comment_status":"closed","ping_status":"open","sticky":false,"template":"","format":"standard","meta":{"footnotes":""},"categories":[1,148],"tags":[399,144,13,151],"class_list":["post-6665","post","type-post","status-publish","format-standard","has-post-thumbnail","hentry","category-primo-piano","category-vescovo-antonazzo","tag-cresime-2025","tag-don-antonio-e-don-aurelio","tag-gaetano-battaglini","tag-vescovo-antonazzo"],"_links":{"self":[{"href":"https:\/\/www.parrocchiasgibattista.it\/wordpress\/wp-json\/wp\/v2\/posts\/6665","targetHints":{"allow":["GET"]}}],"collection":[{"href":"https:\/\/www.parrocchiasgibattista.it\/wordpress\/wp-json\/wp\/v2\/posts"}],"about":[{"href":"https:\/\/www.parrocchiasgibattista.it\/wordpress\/wp-json\/wp\/v2\/types\/post"}],"author":[{"embeddable":true,"href":"https:\/\/www.parrocchiasgibattista.it\/wordpress\/wp-json\/wp\/v2\/users\/3"}],"replies":[{"embeddable":true,"href":"https:\/\/www.parrocchiasgibattista.it\/wordpress\/wp-json\/wp\/v2\/comments?post=6665"}],"version-history":[{"count":9,"href":"https:\/\/www.parrocchiasgibattista.it\/wordpress\/wp-json\/wp\/v2\/posts\/6665\/revisions"}],"predecessor-version":[{"id":6680,"href":"https:\/\/www.parrocchiasgibattista.it\/wordpress\/wp-json\/wp\/v2\/posts\/6665\/revisions\/6680"}],"wp:featuredmedia":[{"embeddable":true,"href":"https:\/\/www.parrocchiasgibattista.it\/wordpress\/wp-json\/wp\/v2\/media\/6660"}],"wp:attachment":[{"href":"https:\/\/www.parrocchiasgibattista.it\/wordpress\/wp-json\/wp\/v2\/media?parent=6665"}],"wp:term":[{"taxonomy":"category","embeddable":true,"href":"https:\/\/www.parrocchiasgibattista.it\/wordpress\/wp-json\/wp\/v2\/categories?post=6665"},{"taxonomy":"post_tag","embeddable":true,"href":"https:\/\/www.parrocchiasgibattista.it\/wordpress\/wp-json\/wp\/v2\/tags?post=6665"}],"curies":[{"name":"wp","href":"https:\/\/api.w.org\/{rel}","templated":true}]}}