{"id":6642,"date":"2025-05-10T22:42:09","date_gmt":"2025-05-10T20:42:09","guid":{"rendered":"https:\/\/www.parrocchiasgibattista.it\/wordpress\/?p=6642"},"modified":"2025-05-10T22:47:50","modified_gmt":"2025-05-10T20:47:50","slug":"la-comunita-celebra-la-festa-di-san-cataldo","status":"publish","type":"post","link":"https:\/\/www.parrocchiasgibattista.it\/wordpress\/2025\/05\/10\/la-comunita-celebra-la-festa-di-san-cataldo\/","title":{"rendered":"La Comunit\u00e0 celebra la festa di San Cataldo"},"content":{"rendered":"<p>Un clima di profonda devozione ha caratterizzato la solenne festa in onore di San Cataldo Vescovo, che ha visto una sentita partecipazione della comunit\u00e0 parrocchiale nella serata di domenica. Alle ore 19:00, nella chiesa gremita di fedeli, si \u00e8 tenuta la Celebrazione Eucaristica presieduta dal parroco don Antonio Ricci.<\/p>\n<p>In apertura della liturgia, don Antonio ha rivolto un pensiero speciale al nuovo Pontefice, Papa Leone XIV, appena eletto alla guida della Chiesa universale. L\u2019intera assemblea ha elevato una preghiera al Signore affinch\u00e9 accompagni il Santo Padre nel suo ministero petrino con la forza dello Spirito e la luce del discernimento evangelico. La celebrazione \u00e8 stata anche occasione per ricordare con affetto e vicinanza don Aurelio Ricci, parroco emerito, attualmente convalescente.<\/p>\n<p>Durante l\u2019omelia, don Antonio ha invitato i presenti a riscoprire il valore della testimonianza cristiana nella vita quotidiana, alla luce della Parola proclamata in questa domenica. Riflettendo sulla figura del Buon Pastore, ha messo in evidenza l\u2019importanza della cura e della responsabilit\u00e0 verso la comunit\u00e0, richiamando l\u2019esempio luminoso di San Cataldo, vescovo missionario e uomo di profonda fede. \u201cEssere cristiani oggi \u2013 ha detto \u2013 significa lasciarsi guidare da Cristo, accogliendo il Vangelo come stile di vita, con coraggio e perseveranza\u201d.<\/p>\n<p>Al termine della celebrazione, la statua di San Cataldo \u00e8 stata portata in processione per le vie del quartiere, accompagnata dalla preghiera del Rosario e dai canti intonati dalla Corale Parrocchiale. La guida del corteo \u00e8 stata affidata a padre Nolberto Nu\u00f1ez Ramirez, mentre l\u2019organizzazione logistica e cerimoniale \u00e8 stata curata con precisione da Vincenzo Nicolella e Franco Gravina.<\/p>\n<p>A rendere ancora pi\u00f9 solenne la processione \u00e8 stato l\u2019accompagnamento della Banda Musicale \u201cVincenzo Bellini\u201d, diretta dal maestro Gianfranco Ricci, che ha eseguito marce religiose e melodie tradizionali lungo il percorso.<\/p>\n<p>Presenti anche numerose autorit\u00e0 civili: il sindaco Paolo Fallone, il presidente del Consiglio Comunale Gaetano Battaglini, membri dell\u2019amministrazione comunale, la Polizia Locale guidata dal Comandante, insieme ai volontari della Protezione Civile Comunale.<\/p>\n<p>Un sentito ringraziamento \u00e8 stato rivolto al Comitato organizzatore dei festeggiamenti della contrada, che con generosit\u00e0 e dedizione ha saputo coordinare ogni dettaglio della celebrazione, rendendola momento vivo di fede e identit\u00e0 per l\u2019intera comunit\u00e0.<\/p>\n<p><img loading=\"lazy\" decoding=\"async\" src=\"https:\/\/www.parrocchiasgibattista.it\/wordpress\/wp-content\/uploads\/2025\/05\/2152b196-980e-48f5-82ec-7ea33be519a8-1.jpg\" class=\"size-full wp-image-6646\" width=\"1500\" height=\"1125\" srcset=\"https:\/\/www.parrocchiasgibattista.it\/wordpress\/wp-content\/uploads\/2025\/05\/2152b196-980e-48f5-82ec-7ea33be519a8-1.jpg 1500w, https:\/\/www.parrocchiasgibattista.it\/wordpress\/wp-content\/uploads\/2025\/05\/2152b196-980e-48f5-82ec-7ea33be519a8-1-300x225.jpg 300w, https:\/\/www.parrocchiasgibattista.it\/wordpress\/wp-content\/uploads\/2025\/05\/2152b196-980e-48f5-82ec-7ea33be519a8-1-1024x768.jpg 1024w, https:\/\/www.parrocchiasgibattista.it\/wordpress\/wp-content\/uploads\/2025\/05\/2152b196-980e-48f5-82ec-7ea33be519a8-1-768x576.jpg 768w\" sizes=\"auto, (max-width: 1500px) 100vw, 1500px\" \/><\/p>\n<p><img loading=\"lazy\" decoding=\"async\" src=\"https:\/\/www.parrocchiasgibattista.it\/wordpress\/wp-content\/uploads\/2025\/05\/a6706894-1e96-44f1-a39e-c8e62f7c2ab6-1.jpg\" class=\"size-full wp-image-6645\" width=\"1500\" height=\"1125\" srcset=\"https:\/\/www.parrocchiasgibattista.it\/wordpress\/wp-content\/uploads\/2025\/05\/a6706894-1e96-44f1-a39e-c8e62f7c2ab6-1.jpg 1500w, https:\/\/www.parrocchiasgibattista.it\/wordpress\/wp-content\/uploads\/2025\/05\/a6706894-1e96-44f1-a39e-c8e62f7c2ab6-1-300x225.jpg 300w, https:\/\/www.parrocchiasgibattista.it\/wordpress\/wp-content\/uploads\/2025\/05\/a6706894-1e96-44f1-a39e-c8e62f7c2ab6-1-1024x768.jpg 1024w, https:\/\/www.parrocchiasgibattista.it\/wordpress\/wp-content\/uploads\/2025\/05\/a6706894-1e96-44f1-a39e-c8e62f7c2ab6-1-768x576.jpg 768w\" sizes=\"auto, (max-width: 1500px) 100vw, 1500px\" \/><\/p>\n<p><img loading=\"lazy\" decoding=\"async\" src=\"https:\/\/www.parrocchiasgibattista.it\/wordpress\/wp-content\/uploads\/2025\/05\/d10f5a58-ffe3-41ce-b954-a3064ee38d6e-1.jpg\" class=\"size-full wp-image-6649\" width=\"1500\" height=\"1125\" srcset=\"https:\/\/www.parrocchiasgibattista.it\/wordpress\/wp-content\/uploads\/2025\/05\/d10f5a58-ffe3-41ce-b954-a3064ee38d6e-1.jpg 1500w, https:\/\/www.parrocchiasgibattista.it\/wordpress\/wp-content\/uploads\/2025\/05\/d10f5a58-ffe3-41ce-b954-a3064ee38d6e-1-300x225.jpg 300w, https:\/\/www.parrocchiasgibattista.it\/wordpress\/wp-content\/uploads\/2025\/05\/d10f5a58-ffe3-41ce-b954-a3064ee38d6e-1-1024x768.jpg 1024w, https:\/\/www.parrocchiasgibattista.it\/wordpress\/wp-content\/uploads\/2025\/05\/d10f5a58-ffe3-41ce-b954-a3064ee38d6e-1-768x576.jpg 768w\" sizes=\"auto, (max-width: 1500px) 100vw, 1500px\" \/><\/p>\n<p><img loading=\"lazy\" decoding=\"async\" src=\"https:\/\/www.parrocchiasgibattista.it\/wordpress\/wp-content\/uploads\/2025\/05\/2a34bac5-17b8-4f62-8f72-edccbccc7bcd-1.jpg\" class=\"size-full wp-image-6651\" width=\"1500\" height=\"1125\" srcset=\"https:\/\/www.parrocchiasgibattista.it\/wordpress\/wp-content\/uploads\/2025\/05\/2a34bac5-17b8-4f62-8f72-edccbccc7bcd-1.jpg 1500w, https:\/\/www.parrocchiasgibattista.it\/wordpress\/wp-content\/uploads\/2025\/05\/2a34bac5-17b8-4f62-8f72-edccbccc7bcd-1-300x225.jpg 300w, https:\/\/www.parrocchiasgibattista.it\/wordpress\/wp-content\/uploads\/2025\/05\/2a34bac5-17b8-4f62-8f72-edccbccc7bcd-1-1024x768.jpg 1024w, https:\/\/www.parrocchiasgibattista.it\/wordpress\/wp-content\/uploads\/2025\/05\/2a34bac5-17b8-4f62-8f72-edccbccc7bcd-1-768x576.jpg 768w\" sizes=\"auto, (max-width: 1500px) 100vw, 1500px\" \/><\/p>\n<p><img loading=\"lazy\" decoding=\"async\" src=\"https:\/\/www.parrocchiasgibattista.it\/wordpress\/wp-content\/uploads\/2025\/05\/ae0f37cc-6ee2-4349-b9c9-bee2b15f4921-1.jpg\" class=\"size-full wp-image-6652\" width=\"1500\" height=\"1125\" srcset=\"https:\/\/www.parrocchiasgibattista.it\/wordpress\/wp-content\/uploads\/2025\/05\/ae0f37cc-6ee2-4349-b9c9-bee2b15f4921-1.jpg 1500w, https:\/\/www.parrocchiasgibattista.it\/wordpress\/wp-content\/uploads\/2025\/05\/ae0f37cc-6ee2-4349-b9c9-bee2b15f4921-1-300x225.jpg 300w, https:\/\/www.parrocchiasgibattista.it\/wordpress\/wp-content\/uploads\/2025\/05\/ae0f37cc-6ee2-4349-b9c9-bee2b15f4921-1-1024x768.jpg 1024w, https:\/\/www.parrocchiasgibattista.it\/wordpress\/wp-content\/uploads\/2025\/05\/ae0f37cc-6ee2-4349-b9c9-bee2b15f4921-1-768x576.jpg 768w\" sizes=\"auto, (max-width: 1500px) 100vw, 1500px\" \/><\/p>\n<p><img loading=\"lazy\" decoding=\"async\" src=\"https:\/\/www.parrocchiasgibattista.it\/wordpress\/wp-content\/uploads\/2025\/05\/ae0f37cc-6ee2-4349-b9c9-bee2b15f4921-1.jpg\" class=\"size-full wp-image-6652\" width=\"1500\" height=\"1125\" srcset=\"https:\/\/www.parrocchiasgibattista.it\/wordpress\/wp-content\/uploads\/2025\/05\/ae0f37cc-6ee2-4349-b9c9-bee2b15f4921-1.jpg 1500w, https:\/\/www.parrocchiasgibattista.it\/wordpress\/wp-content\/uploads\/2025\/05\/ae0f37cc-6ee2-4349-b9c9-bee2b15f4921-1-300x225.jpg 300w, https:\/\/www.parrocchiasgibattista.it\/wordpress\/wp-content\/uploads\/2025\/05\/ae0f37cc-6ee2-4349-b9c9-bee2b15f4921-1-1024x768.jpg 1024w, https:\/\/www.parrocchiasgibattista.it\/wordpress\/wp-content\/uploads\/2025\/05\/ae0f37cc-6ee2-4349-b9c9-bee2b15f4921-1-768x576.jpg 768w\" sizes=\"auto, (max-width: 1500px) 100vw, 1500px\" \/><\/p>\n<p><img loading=\"lazy\" decoding=\"async\" src=\"https:\/\/www.parrocchiasgibattista.it\/wordpress\/wp-content\/uploads\/2025\/05\/4ad25455-be9c-4118-b537-f31616477953-1-1.jpg\" class=\"size-full wp-image-6647\" width=\"1500\" height=\"1125\" srcset=\"https:\/\/www.parrocchiasgibattista.it\/wordpress\/wp-content\/uploads\/2025\/05\/4ad25455-be9c-4118-b537-f31616477953-1-1.jpg 1500w, https:\/\/www.parrocchiasgibattista.it\/wordpress\/wp-content\/uploads\/2025\/05\/4ad25455-be9c-4118-b537-f31616477953-1-1-300x225.jpg 300w, https:\/\/www.parrocchiasgibattista.it\/wordpress\/wp-content\/uploads\/2025\/05\/4ad25455-be9c-4118-b537-f31616477953-1-1-1024x768.jpg 1024w, https:\/\/www.parrocchiasgibattista.it\/wordpress\/wp-content\/uploads\/2025\/05\/4ad25455-be9c-4118-b537-f31616477953-1-1-768x576.jpg 768w\" sizes=\"auto, (max-width: 1500px) 100vw, 1500px\" \/><\/p>\n<p><img loading=\"lazy\" decoding=\"async\" src=\"https:\/\/www.parrocchiasgibattista.it\/wordpress\/wp-content\/uploads\/2025\/05\/4ad25455-be9c-4118-b537-f31616477953-1-1.jpg\" class=\"size-full wp-image-6647\" width=\"1500\" height=\"1125\" srcset=\"https:\/\/www.parrocchiasgibattista.it\/wordpress\/wp-content\/uploads\/2025\/05\/4ad25455-be9c-4118-b537-f31616477953-1-1.jpg 1500w, https:\/\/www.parrocchiasgibattista.it\/wordpress\/wp-content\/uploads\/2025\/05\/4ad25455-be9c-4118-b537-f31616477953-1-1-300x225.jpg 300w, https:\/\/www.parrocchiasgibattista.it\/wordpress\/wp-content\/uploads\/2025\/05\/4ad25455-be9c-4118-b537-f31616477953-1-1-1024x768.jpg 1024w, https:\/\/www.parrocchiasgibattista.it\/wordpress\/wp-content\/uploads\/2025\/05\/4ad25455-be9c-4118-b537-f31616477953-1-1-768x576.jpg 768w\" sizes=\"auto, (max-width: 1500px) 100vw, 1500px\" \/><\/p>\n<div class=\"yj6qo\"><\/div>\n","protected":false},"excerpt":{"rendered":"<p>Un clima di profonda devozione ha caratterizzato la solenne festa in onore di San Cataldo Vescovo, che ha visto una sentita partecipazione della comunit\u00e0 parrocchiale&#46;&#46;&#46;<\/p>\n","protected":false},"author":2,"featured_media":6644,"comment_status":"open","ping_status":"open","sticky":false,"template":"","format":"standard","meta":{"footnotes":""},"categories":[1],"tags":[361,396,13,24],"class_list":["post-6642","post","type-post","status-publish","format-standard","has-post-thumbnail","hentry","category-primo-piano","tag-don-antonio-ricci","tag-festa-san-cataldo","tag-gaetano-battaglini","tag-san-giovanni-incarico"],"_links":{"self":[{"href":"https:\/\/www.parrocchiasgibattista.it\/wordpress\/wp-json\/wp\/v2\/posts\/6642","targetHints":{"allow":["GET"]}}],"collection":[{"href":"https:\/\/www.parrocchiasgibattista.it\/wordpress\/wp-json\/wp\/v2\/posts"}],"about":[{"href":"https:\/\/www.parrocchiasgibattista.it\/wordpress\/wp-json\/wp\/v2\/types\/post"}],"author":[{"embeddable":true,"href":"https:\/\/www.parrocchiasgibattista.it\/wordpress\/wp-json\/wp\/v2\/users\/2"}],"replies":[{"embeddable":true,"href":"https:\/\/www.parrocchiasgibattista.it\/wordpress\/wp-json\/wp\/v2\/comments?post=6642"}],"version-history":[{"count":5,"href":"https:\/\/www.parrocchiasgibattista.it\/wordpress\/wp-json\/wp\/v2\/posts\/6642\/revisions"}],"predecessor-version":[{"id":6657,"href":"https:\/\/www.parrocchiasgibattista.it\/wordpress\/wp-json\/wp\/v2\/posts\/6642\/revisions\/6657"}],"wp:featuredmedia":[{"embeddable":true,"href":"https:\/\/www.parrocchiasgibattista.it\/wordpress\/wp-json\/wp\/v2\/media\/6644"}],"wp:attachment":[{"href":"https:\/\/www.parrocchiasgibattista.it\/wordpress\/wp-json\/wp\/v2\/media?parent=6642"}],"wp:term":[{"taxonomy":"category","embeddable":true,"href":"https:\/\/www.parrocchiasgibattista.it\/wordpress\/wp-json\/wp\/v2\/categories?post=6642"},{"taxonomy":"post_tag","embeddable":true,"href":"https:\/\/www.parrocchiasgibattista.it\/wordpress\/wp-json\/wp\/v2\/tags?post=6642"}],"curies":[{"name":"wp","href":"https:\/\/api.w.org\/{rel}","templated":true}]}}