{"id":6220,"date":"2024-07-26T00:38:31","date_gmt":"2024-07-25T22:38:31","guid":{"rendered":"http:\/\/www.parrocchiasgibattista.it\/wordpress\/?p=6220"},"modified":"2024-07-27T00:35:41","modified_gmt":"2024-07-26T22:35:41","slug":"don-antonio-valente-una-vita-al-servizio-della-parola","status":"publish","type":"post","link":"https:\/\/www.parrocchiasgibattista.it\/wordpress\/2024\/07\/26\/don-antonio-valente-una-vita-al-servizio-della-parola\/","title":{"rendered":"Don Antonio Valente: una vita al servizio della Parola"},"content":{"rendered":"<p><img loading=\"lazy\" decoding=\"async\" class=\"aligncenter size-full wp-image-6221\" src=\"http:\/\/www.parrocchiasgibattista.it\/wordpress\/wp-content\/uploads\/2024\/07\/don-antonio-valente-e1721946466698.jpg\" alt=\"\" width=\"645\" height=\"363\" srcset=\"https:\/\/www.parrocchiasgibattista.it\/wordpress\/wp-content\/uploads\/2024\/07\/don-antonio-valente-e1721946466698.jpg 645w, https:\/\/www.parrocchiasgibattista.it\/wordpress\/wp-content\/uploads\/2024\/07\/don-antonio-valente-e1721946466698-300x169.jpg 300w\" sizes=\"auto, (max-width: 645px) 100vw, 645px\" \/><\/p>\n<p>Oggi, Gioved\u00ec 25 Luglio \u00e8 venuto a mancare Don Antonio Valente,\u00a0 parroco di San Giovanni Incarico dal 6 ottobre 1994 al 27 settembre 2001.<\/p>\n<p>Aveva compiuto 77 anni l\u201911 aprile e si \u00e8 spento, dopo lunga malattia, presso la Clinica San Raffaele di Cassino.<\/p>\n<p>Un sacerdote che ha lasciato un segno indelebile nel cuore dei suoi fedeli. La sua morte ha portato dolore e tristezza nelle comunit\u00e0 che aveva servito con dedizione e amore.<\/p>\n<p>Era nato a San Giovanni Incarico l\u201911 aprile 1947 e, a 26 anni, il 23 giugno 1973, era stato ordinato sacerdote.<\/p>\n<p>Ha esercitato il suo ministero pastorale, oltre che a San Giovanni Incarico, anche a Sora, a San Donato Val Comino, a Isoletta di Arce, a Settefrati, e presso la parrocchia S. Antonio e S. Restituta in Carnello.<\/p>\n<p>Dovunque \u00e8 stato, don Antonio ha saputo essere pastore, sacerdote, uomo di Dio capace sempre di ascolto e di condivisione.<\/p>\n<p>Di grande cultura e di profonda umilt\u00e0, era in grado di leggere nei cuori, nel rispetto della libert\u00e0, della dignit\u00e0 e della diversit\u00e0 di ciascuno.<\/p>\n<p>Nella sua intensa attivit\u00e0 pastorale ha avuto a cuore la preghiera, la cura della giovent\u00f9, la catechesi, la meditazione sulla Parola.<\/p>\n<p>Ha vissuto con dedizione esemplare il quotidiano, in coerenza con la propria vocazione.<\/p>\n<p>La sua era una testimonianza impregnata di carit\u00e0 e misericordia e rester\u00e0 un simbolo di fede, speranza e amore per i molti che lo hanno incontrato sulla loro strada.<\/p>\n<p>Il Signore lo ha chiamato a s\u00e9, dopo 51 anni di vita consacrata, durante la quale, nella sua umanit\u00e0, ha saputo essere segno visibile del Cristo, annunciatore della Parola, testimone credibile di Speranza.<\/p>\n<p>La camera ardente sar\u00e0 aperta domani 26 Luglio presso la struttura ospedaliera dalle ore 10 alle ore 18. I funerali si terranno Sabato 27 Luglio 2024, alle ore 11,00 presso la parrocchia S. Antonio e S. Restituta in Carnello di Sora la cui comunit\u00e0 ha guidato fino a due anni fa ed alla quale era rimasto molto legato.<\/p>\n<p><strong>Nella nostra parrocchia, in suo suffragio, sar\u00e0 celebrata una Santa Messa Domenica 28 Luglio alle ore 9.00.<\/strong><\/p>\n","protected":false},"excerpt":{"rendered":"<p>Oggi, Gioved\u00ec 25 Luglio \u00e8 venuto a mancare Don Antonio Valente,\u00a0 parroco di San Giovanni Incarico dal 6 ottobre 1994 al 27 settembre 2001. Aveva&#46;&#46;&#46;<\/p>\n","protected":false},"author":2,"featured_media":6226,"comment_status":"open","ping_status":"open","sticky":false,"template":"","format":"standard","meta":{"footnotes":""},"categories":[12,366,1],"tags":[367],"class_list":["post-6220","post","type-post","status-publish","format-standard","has-post-thumbnail","hentry","category-appuntamenti","category-don-antonio-valente","category-primo-piano","tag-don-antonio-valente"],"_links":{"self":[{"href":"https:\/\/www.parrocchiasgibattista.it\/wordpress\/wp-json\/wp\/v2\/posts\/6220","targetHints":{"allow":["GET"]}}],"collection":[{"href":"https:\/\/www.parrocchiasgibattista.it\/wordpress\/wp-json\/wp\/v2\/posts"}],"about":[{"href":"https:\/\/www.parrocchiasgibattista.it\/wordpress\/wp-json\/wp\/v2\/types\/post"}],"author":[{"embeddable":true,"href":"https:\/\/www.parrocchiasgibattista.it\/wordpress\/wp-json\/wp\/v2\/users\/2"}],"replies":[{"embeddable":true,"href":"https:\/\/www.parrocchiasgibattista.it\/wordpress\/wp-json\/wp\/v2\/comments?post=6220"}],"version-history":[{"count":3,"href":"https:\/\/www.parrocchiasgibattista.it\/wordpress\/wp-json\/wp\/v2\/posts\/6220\/revisions"}],"predecessor-version":[{"id":6227,"href":"https:\/\/www.parrocchiasgibattista.it\/wordpress\/wp-json\/wp\/v2\/posts\/6220\/revisions\/6227"}],"wp:featuredmedia":[{"embeddable":true,"href":"https:\/\/www.parrocchiasgibattista.it\/wordpress\/wp-json\/wp\/v2\/media\/6226"}],"wp:attachment":[{"href":"https:\/\/www.parrocchiasgibattista.it\/wordpress\/wp-json\/wp\/v2\/media?parent=6220"}],"wp:term":[{"taxonomy":"category","embeddable":true,"href":"https:\/\/www.parrocchiasgibattista.it\/wordpress\/wp-json\/wp\/v2\/categories?post=6220"},{"taxonomy":"post_tag","embeddable":true,"href":"https:\/\/www.parrocchiasgibattista.it\/wordpress\/wp-json\/wp\/v2\/tags?post=6220"}],"curies":[{"name":"wp","href":"https:\/\/api.w.org\/{rel}","templated":true}]}}