{"id":6035,"date":"2024-02-09T09:23:38","date_gmt":"2024-02-09T08:23:38","guid":{"rendered":"https:\/\/www.parrocchiasgibattista.it\/wordpress\/?p=6035"},"modified":"2024-02-09T09:23:41","modified_gmt":"2024-02-09T08:23:41","slug":"s-s-quarantore-2024","status":"publish","type":"post","link":"https:\/\/www.parrocchiasgibattista.it\/wordpress\/2024\/02\/09\/s-s-quarantore-2024\/","title":{"rendered":"S.S. Quarantore &#8211; 2024"},"content":{"rendered":"<p><img loading=\"lazy\" decoding=\"async\" class=\"aligncenter wp-image-6036\" src=\"http:\/\/www.parrocchiasgibattista.it\/wordpress\/wp-content\/uploads\/2024\/02\/quarantore-1-300x225.jpg\" alt=\"\" width=\"500\" height=\"376\" srcset=\"https:\/\/www.parrocchiasgibattista.it\/wordpress\/wp-content\/uploads\/2024\/02\/quarantore-1-300x225.jpg 300w, https:\/\/www.parrocchiasgibattista.it\/wordpress\/wp-content\/uploads\/2024\/02\/quarantore-1.jpg 740w\" sizes=\"auto, (max-width: 500px) 100vw, 500px\" \/><\/p>\n<p>Silenzio, adorazione e preghiera: sono queste le tre parole che caratterizzano uno dei momenti pi\u00f9 belli che un cristiano possa vivere per stare a tu per tu con il Signore:\u00a0<strong>le Quarantore.<\/strong><\/p>\n<p>Il nome richiama al periodo di tempo trascorso fra la morte (Venerd\u00ec santo) e la risurrezione (domenica di Pasqua) di Ges\u00f9.<\/p>\n<p>Un momento di spiritualit\u00e0 molto forte, intenso e sentito, dove si cerca di coinvolgere quante pi\u00f9 persone possibili, dai bambini, ai giovani, agli anziani, per dare loro la possibilit\u00e0 di conoscere ancora di pi\u00f9 e di vivere Ges\u00f9 nel Sacramento dell\u2019altare.<\/p>\n<p>Di seguito il programma previsto nella nostra parrocchia per i giorni <strong>11-12-13 Febbraio<\/strong>.<\/p>\n<p><img loading=\"lazy\" decoding=\"async\" class=\"aligncenter size-large wp-image-6037\" src=\"http:\/\/www.parrocchiasgibattista.it\/wordpress\/wp-content\/uploads\/2024\/02\/Quaramtore-2024-724x1024.jpg\" alt=\"\" width=\"724\" height=\"1024\" srcset=\"https:\/\/www.parrocchiasgibattista.it\/wordpress\/wp-content\/uploads\/2024\/02\/Quaramtore-2024-724x1024.jpg 724w, https:\/\/www.parrocchiasgibattista.it\/wordpress\/wp-content\/uploads\/2024\/02\/Quaramtore-2024-212x300.jpg 212w, https:\/\/www.parrocchiasgibattista.it\/wordpress\/wp-content\/uploads\/2024\/02\/Quaramtore-2024-768x1086.jpg 768w, https:\/\/www.parrocchiasgibattista.it\/wordpress\/wp-content\/uploads\/2024\/02\/Quaramtore-2024-1087x1536.jpg 1087w, https:\/\/www.parrocchiasgibattista.it\/wordpress\/wp-content\/uploads\/2024\/02\/Quaramtore-2024.jpg 1132w\" sizes=\"auto, (max-width: 724px) 100vw, 724px\" \/><\/p>\n","protected":false},"excerpt":{"rendered":"<p>Silenzio, adorazione e preghiera: sono queste le tre parole che caratterizzano uno dei momenti pi\u00f9 belli che un cristiano possa vivere per stare a tu&#46;&#46;&#46;<\/p>\n","protected":false},"author":2,"featured_media":6037,"comment_status":"open","ping_status":"open","sticky":false,"template":"","format":"standard","meta":{"footnotes":""},"categories":[12,120,1,6,219],"tags":[351,163,74,86],"class_list":["post-6035","post","type-post","status-publish","format-standard","has-post-thumbnail","hentry","category-appuntamenti","category-avvisi","category-primo-piano","category-parrocchia","category-preghiera","tag-adorazione-eucaristica","tag-preghiera","tag-quarantore","tag-quaresima"],"_links":{"self":[{"href":"https:\/\/www.parrocchiasgibattista.it\/wordpress\/wp-json\/wp\/v2\/posts\/6035","targetHints":{"allow":["GET"]}}],"collection":[{"href":"https:\/\/www.parrocchiasgibattista.it\/wordpress\/wp-json\/wp\/v2\/posts"}],"about":[{"href":"https:\/\/www.parrocchiasgibattista.it\/wordpress\/wp-json\/wp\/v2\/types\/post"}],"author":[{"embeddable":true,"href":"https:\/\/www.parrocchiasgibattista.it\/wordpress\/wp-json\/wp\/v2\/users\/2"}],"replies":[{"embeddable":true,"href":"https:\/\/www.parrocchiasgibattista.it\/wordpress\/wp-json\/wp\/v2\/comments?post=6035"}],"version-history":[{"count":1,"href":"https:\/\/www.parrocchiasgibattista.it\/wordpress\/wp-json\/wp\/v2\/posts\/6035\/revisions"}],"predecessor-version":[{"id":6038,"href":"https:\/\/www.parrocchiasgibattista.it\/wordpress\/wp-json\/wp\/v2\/posts\/6035\/revisions\/6038"}],"wp:featuredmedia":[{"embeddable":true,"href":"https:\/\/www.parrocchiasgibattista.it\/wordpress\/wp-json\/wp\/v2\/media\/6037"}],"wp:attachment":[{"href":"https:\/\/www.parrocchiasgibattista.it\/wordpress\/wp-json\/wp\/v2\/media?parent=6035"}],"wp:term":[{"taxonomy":"category","embeddable":true,"href":"https:\/\/www.parrocchiasgibattista.it\/wordpress\/wp-json\/wp\/v2\/categories?post=6035"},{"taxonomy":"post_tag","embeddable":true,"href":"https:\/\/www.parrocchiasgibattista.it\/wordpress\/wp-json\/wp\/v2\/tags?post=6035"}],"curies":[{"name":"wp","href":"https:\/\/api.w.org\/{rel}","templated":true}]}}