{"id":5895,"date":"2023-06-10T17:27:15","date_gmt":"2023-06-10T15:27:15","guid":{"rendered":"https:\/\/www.parrocchiasgibattista.it\/wordpress\/?p=5895"},"modified":"2023-06-10T17:27:18","modified_gmt":"2023-06-10T15:27:18","slug":"solennita-corpus-domini-2023-orari","status":"publish","type":"post","link":"https:\/\/www.parrocchiasgibattista.it\/wordpress\/2023\/06\/10\/solennita-corpus-domini-2023-orari\/","title":{"rendered":"Solennit\u00e0 CORPUS DOMINI 2023 &#8211; Orari"},"content":{"rendered":"<h3>Programma Domenica 11 Giugno &#8211; solennit\u00e0 del CORPUS DOMINI<\/h3>\n<p><strong>Tutte le celebrazioni si svolgeranno esclusivamente nella CHIESA PARROCCHIALE<\/strong><\/p>\n<p>ore 8.30: Santa Messa<\/p>\n<p>ore 10.30: Santa Messa<\/p>\n<p>ore 17.50: Santo Rosario<\/p>\n<p><strong>ore 18.00: SANTA MESSA\u00a0 &#8211; CELEBRAZIONE DEL CORPUS DOMINI<\/strong><\/p>\n<p><strong>ore 19.00 circa: SOLENNE PROCESSIONE EUCARISTICA PER LE VIE DEL PAESE<\/strong><\/p>\n<p><strong>\u00a0<\/strong><\/p>\n<h3><img loading=\"lazy\" decoding=\"async\" class=\"aligncenter  wp-image-5896\" src=\"http:\/\/www.parrocchiasgibattista.it\/wordpress\/wp-content\/uploads\/2023\/06\/Corpus-Domini-1-1024x576.jpg\" alt=\"\" width=\"601\" height=\"338\" srcset=\"https:\/\/www.parrocchiasgibattista.it\/wordpress\/wp-content\/uploads\/2023\/06\/Corpus-Domini-1-1024x576.jpg 1024w, https:\/\/www.parrocchiasgibattista.it\/wordpress\/wp-content\/uploads\/2023\/06\/Corpus-Domini-1-300x169.jpg 300w, https:\/\/www.parrocchiasgibattista.it\/wordpress\/wp-content\/uploads\/2023\/06\/Corpus-Domini-1-768x432.jpg 768w, https:\/\/www.parrocchiasgibattista.it\/wordpress\/wp-content\/uploads\/2023\/06\/Corpus-Domini-1.jpg 1280w\" sizes=\"auto, (max-width: 601px) 100vw, 601px\" \/><\/h3>\n<h3>Una festa di popolo<\/h3>\n<p>Il\u00a0<b>Corpus Domini (Corpo del Signore)<\/b>, \u00e8 sicuramente una delle solennit\u00e0 pi\u00f9 sentite a livello popolare. Vuoi per il suo significato, che richiama\u00a0<b>la presenza reale di Cristo nell\u2019Eucaristia<\/b>, vuoi per lo stile della celebrazione. Pressoch\u00e9 in tutte le diocesi infatti,\u00a0<b>si accompagna a processioni<\/b>, rappresentazione visiva di\u00a0<b>Ges\u00f9 che percorre le strade dell\u2019uomo<\/b>.<\/p>\n<h3>Le origini nel Medio Evo, in Belgio<\/h3>\n<p>La\u00a0<b>storia delle origini ci portano nel XIII secolo<\/b>, in Belgio, per la precisione a Liegi. Qui il vescovo assecond\u00f2 la richiesta di una religiosa che voleva celebrare il Sacramento del corpo e sangue di Cristo al di fuori della Settimana Santa. Pi\u00f9 precisamente le radici della festa vanno ricercate nella Gallia belgica e nelle rivelazioni della\u00a0<b>beata Giuliana di Ret\u00ecne<\/b>. Quest\u2019ultima, priora nel Monastero di Monte Cornelio presso Liegi, nel 1208 ebbe una visione mistica in cui una candida luna si presentava in ombra da un lato. Un\u2019immagine che rappresentava la Chiesa del suo tempo, che ancora mancava di una solennit\u00e0 in onore del Santissimo Sacramento. Fu cos\u00ec che il direttore spirituale della beata, il canonico Giovanni di Lausanne, supportato dal giudizio positivo di numerosi teologi present\u00f2 al vescovo la richiesta di introdurre una festa diocesi in onore del Corpus Domini.\u00a0<b>Il via libera arriv\u00f2 nel 1246\u00a0<\/b>con la data della festa fissata per il gioved\u00ec dopo l\u2019ottava della Trinit\u00e0.<\/p>\n<h3>Papa Urbano IV e il miracolo eucaristico di Bolsena<\/h3>\n<p>L\u2019<b>estensione della solennit\u00e0 a tutta la Chiesa<\/b>\u00a0per\u00f2 va fatta<b>\u00a0risalire a papa Urbano IV<\/b>, con la bolla\u00a0<b>Transiturus\u00a0<\/b>dell\u2019<b>11 agosto 1264<\/b>. \u00c8 dell\u2019anno precedente invece\u00a0<b>il miracolo eucaristico di Bolsena<\/b>, nel Viterbese. Qui un sacerdote boemo, in pellegrinaggio verso Roma, mentre celebrava Messa, allo spezzare l\u2019Ostia consacrata, fu attraversato dal dubbio della presenza reale di Cristo. In risposta alle sue perplessit\u00e0, dall\u2019Ostia uscirono allora<b>\u00a0alcune gocce di sangue che macchiarono il bianco corporale di lino<\/b>\u00a0(conservato nel Duomo di Orvieto) e alcune pietre dell\u2019altare ancora oggi custodite nella basilica di Santa Cristina. Nell\u2019estendere la solennit\u00e0 a tutta la Chiesa cattolica, Urbano IV scelse come collocazione il gioved\u00ec successivo alla prima domenica dopo Pentecoste (60 giorni dopo Pasqua).<\/p>\n<div>\n<h3>L&#8217;inno scritto da san Tommaso d&#8217;Aquino<\/h3>\n<p>Papa\u00a0<b>Urbano IV<\/b>\u00a0incaric\u00f2\u00a0<b>il teologo domenicano Tommaso d\u2019Aquino di comporre l\u2019officio della solennit\u00e0<\/b>\u00a0e della Messa del Corpus et Sanguis Domini. In quel tempo,\u00a0<b>era il 1264<\/b>, san Tommaso risiedeva, come il Pontefice, sull\u2019etrusca citt\u00e0 rupestre di Orvieto nel convento di San Domenico (che, tra l\u2019altro, fu il primo ad essere dedicato al santo iberico). Il Doctor Angelicus insegnava teologia nello studium (l\u2019universit\u00e0 dell\u2019epoca) orvietano e ancora oggi presso San Domenico si conserva ancora la cattedra dell\u2019Aquinate e il Crocifisso ligneo che gli parl\u00f2. Tradizione vuole infatti che proprio per la profondit\u00e0 e completezza teologica dell\u2019officio composto per il Corpus Domini, Ges\u00f9 &#8211; attraverso quel Crocifisso &#8211; abbia detto al suo prediletto teologo: &#8220;Bene scripsisti de me, Thoma&#8221;. L\u2019inno principale del Corpus Domini, cantato nella processione e nei Vespri, \u00e8 il &#8220;Pange lingua&#8221; scritto e pensato da Tommaso d\u2019Aquino.<\/p>\n<\/div>\n","protected":false},"excerpt":{"rendered":"<p>Programma Domenica 11 Giugno &#8211; solennit\u00e0 del CORPUS DOMINI Tutte le celebrazioni si svolgeranno esclusivamente nella CHIESA PARROCCHIALE ore 8.30: Santa Messa ore 10.30: Santa&#46;&#46;&#46;<\/p>\n","protected":false},"author":2,"featured_media":5896,"comment_status":"open","ping_status":"open","sticky":false,"template":"","format":"standard","meta":{"footnotes":""},"categories":[12,153,1,6,149],"tags":[154],"class_list":["post-5895","post","type-post","status-publish","format-standard","has-post-thumbnail","hentry","category-appuntamenti","category-corpus-domini","category-primo-piano","category-parrocchia","category-san-giovanni-incarico","tag-corpus-domini"],"_links":{"self":[{"href":"https:\/\/www.parrocchiasgibattista.it\/wordpress\/wp-json\/wp\/v2\/posts\/5895","targetHints":{"allow":["GET"]}}],"collection":[{"href":"https:\/\/www.parrocchiasgibattista.it\/wordpress\/wp-json\/wp\/v2\/posts"}],"about":[{"href":"https:\/\/www.parrocchiasgibattista.it\/wordpress\/wp-json\/wp\/v2\/types\/post"}],"author":[{"embeddable":true,"href":"https:\/\/www.parrocchiasgibattista.it\/wordpress\/wp-json\/wp\/v2\/users\/2"}],"replies":[{"embeddable":true,"href":"https:\/\/www.parrocchiasgibattista.it\/wordpress\/wp-json\/wp\/v2\/comments?post=5895"}],"version-history":[{"count":1,"href":"https:\/\/www.parrocchiasgibattista.it\/wordpress\/wp-json\/wp\/v2\/posts\/5895\/revisions"}],"predecessor-version":[{"id":5897,"href":"https:\/\/www.parrocchiasgibattista.it\/wordpress\/wp-json\/wp\/v2\/posts\/5895\/revisions\/5897"}],"wp:featuredmedia":[{"embeddable":true,"href":"https:\/\/www.parrocchiasgibattista.it\/wordpress\/wp-json\/wp\/v2\/media\/5896"}],"wp:attachment":[{"href":"https:\/\/www.parrocchiasgibattista.it\/wordpress\/wp-json\/wp\/v2\/media?parent=5895"}],"wp:term":[{"taxonomy":"category","embeddable":true,"href":"https:\/\/www.parrocchiasgibattista.it\/wordpress\/wp-json\/wp\/v2\/categories?post=5895"},{"taxonomy":"post_tag","embeddable":true,"href":"https:\/\/www.parrocchiasgibattista.it\/wordpress\/wp-json\/wp\/v2\/tags?post=5895"}],"curies":[{"name":"wp","href":"https:\/\/api.w.org\/{rel}","templated":true}]}}