{"id":4841,"date":"2020-10-15T21:40:19","date_gmt":"2020-10-15T19:40:19","guid":{"rendered":"http:\/\/www.parrocchiasgibattista.it\/wordpress\/?p=4841"},"modified":"2020-10-25T20:04:28","modified_gmt":"2020-10-25T19:04:28","slug":"visita-pastorale-sto-alla-porta-e-busso","status":"publish","type":"post","link":"https:\/\/www.parrocchiasgibattista.it\/wordpress\/2020\/10\/15\/visita-pastorale-sto-alla-porta-e-busso\/","title":{"rendered":"Visita Pastorale &#8211; &#8220;Sto alla porta e busso&#8221;"},"content":{"rendered":"<p style=\"text-align: center;\"><img loading=\"lazy\" decoding=\"async\" class=\"alignnone wp-image-4855 \" src=\"http:\/\/www.parrocchiasgibattista.it\/wordpress\/wp-content\/uploads\/2020\/10\/VisitaPastoraleRicc.jpeg\" alt=\"\" width=\"310\" height=\"443\" srcset=\"https:\/\/www.parrocchiasgibattista.it\/wordpress\/wp-content\/uploads\/2020\/10\/VisitaPastoraleRicc.jpeg 1120w, https:\/\/www.parrocchiasgibattista.it\/wordpress\/wp-content\/uploads\/2020\/10\/VisitaPastoraleRicc-210x300.jpeg 210w, https:\/\/www.parrocchiasgibattista.it\/wordpress\/wp-content\/uploads\/2020\/10\/VisitaPastoraleRicc-717x1024.jpeg 717w, https:\/\/www.parrocchiasgibattista.it\/wordpress\/wp-content\/uploads\/2020\/10\/VisitaPastoraleRicc-768x1097.jpeg 768w, https:\/\/www.parrocchiasgibattista.it\/wordpress\/wp-content\/uploads\/2020\/10\/VisitaPastoraleRicc-1075x1536.jpeg 1075w\" sizes=\"auto, (max-width: 310px) 100vw, 310px\" \/><\/p>\n<p style=\"text-align: justify;\">Sua Eccellenza Monsignor Gerardo Antonazzo, Vescovo di Sora-Cassino-Aquino-Pontercovo, ha iniziato la prima visita pastorale nei territori della diocesi.<\/p>\n<p style=\"text-align: justify;\">La visita pastorale ha lo scopo principale di <strong>confermare<\/strong> la nostra comunit\u00e0 nella <strong>Fede<\/strong>.<\/p>\n<p style=\"text-align: justify;\">E&#8217; un&#8217;azione apostolica che il Vescovo, animato da carit\u00e0, compie nella sua diocesi per ravvivare, incoraggiare, consolare, richiamare i fedeli al rinnovamento della propria vita cristiana.<\/p>\n<p style=\"text-align: justify;\">E&#8217; segno di Cristo Buon Pastore cha va nei luoghi dove si svolge la vita di Fede, dove la comunit\u00e0 si ritrova per ascoltare la parola che salva, per testimoniare la speranza nella vita eterna, per scambiarsi il dono della carit\u00e0 fraterna.<\/p>\n<p style=\"text-align: justify;\">Sua Eccellenza incontrer\u00e0 la realt\u00e0 della parrocchia nei suoi aspetti quotidiani, condividendo con il sacerdote ed i fedeli, alcuni momenti di vita parrocchiale.<\/p>\n<p style=\"text-align: justify;\">La visita \u00e8 motivo di gioia, \u00e8 un richiamo all&#8217;unit\u00e0 (Concilio Vaticano II, Lumen Gentium, n\u00b023), \u00e8 un evento di Grazia straordinario da guardare con occhi di fede e da preparare con la preghiera.<\/p>\n<p>Da <strong>Domenica 18 Ottobre fino a Domenica 25<\/strong>, \u00e8 stato programmato un calendario di vari incontri cosi definito:<\/p>\n<p><strong>Domenica 18 ottobre &#8211; 17.30<\/strong><br \/>\nSan Giovanni Incarico.<br \/>\nChiesa San Giovanni Battista<br \/>\n<strong>Apertura Visita Pastorale<\/strong><br \/>\n\u201cBenedizione Papale con Annessa Indulgenza Plenaria\u201d<\/p>\n<p><strong>Luned\u00ec 19 ottobre &#8211; 17.00<\/strong><br \/>\nPico<br \/>\nChiesa di Santa Marina in Pico<br \/>\nIncontro con tutti i catechisti delle Parrocchie interessati<\/p>\n<p><strong>Marted\u00ec 20 ottobre<\/strong><br \/>\nParrocchia Santa Maria della Vittoria<br \/>\nIsoletta<\/p>\n<p><strong>Mercoled\u00ec 21 ottobre<\/strong><br \/>\nParrocchia San Giovanni Battista<br \/>\n15.00 Visita ai malati<br \/>\n16.00 Preghiera di Suffragio presso il cimitero<br \/>\n16.30 Incontro con il Sindaco e l\u2019Amministrazione Diocesana<br \/>\n<em><strong>18.00 Celebrazione Cresime<\/strong><\/em><br \/>\n19.00 Incontro con i membri del Consiglio Pastorale e con i membri per gli Affari Economici<\/p>\n<p><strong>Gioved\u00ec 22 ottobre<\/strong><br \/>\nParrocchia S. Antonino \u2013 Pico<\/p>\n<p><strong>Venerd\u00ec 23 ottobre<\/strong><br \/>\nSantuario Madonna della Guardia<br \/>\n16.30 Festa dei Giovani<br \/>\n18.00 Celebrazione Eucaristica<br \/>\n19.00 Incontro Fidanzati e gruppo Famiglie<br \/>\n20.00 Incontro Animatori della Liturgia<\/p>\n<p><strong>Sabato 24 ottobre<\/strong><br \/>\nParrocchia Santa Maria della Vittoria &#8211; Isoletta<br \/>\n16.30 Incontro ragazzi del Catechismo<br \/>\n18.00 Chiusura Visita Pastorale<\/p>\n<p>L&#8217;intero programma si pu\u00f2 scaricare al seguente <a href=\"http:\/\/www.parrocchiasgibattista.it\/wordpress\/wp-content\/uploads\/2020\/10\/Programma-Visita-Pastorale.pdf\">LINK (PDF)<\/a><\/p>\n<p style=\"text-align: justify;\"><strong>A tutti \u00e8 rivolto l&#8217;invito a partecipare, NEL RISPETTO DELLE NORME ANTI-COVID,<\/strong> e a gustare questo periodo speciale in cui il nostro pastore viene a &#8220;farsi&#8221; sangiovannese e vivere con noi la nostra quotidianit\u00e0 nella Fede in Cristo buon pastore.<\/p>\n<p>La Redazione<\/p>\n","protected":false},"excerpt":{"rendered":"<p>Sua Eccellenza Monsignor Gerardo Antonazzo, Vescovo di Sora-Cassino-Aquino-Pontercovo, ha iniziato la prima visita pastorale nei territori della diocesi. La visita pastorale ha lo scopo principale&#46;&#46;&#46;<\/p>\n","protected":false},"author":2,"featured_media":4855,"comment_status":"open","ping_status":"open","sticky":false,"template":"","format":"standard","meta":{"footnotes":""},"categories":[12,147,1,189,148],"tags":[28,95,241],"class_list":["post-4841","post","type-post","status-publish","format-standard","has-post-thumbnail","hentry","category-appuntamenti","category-cresime","category-primo-piano","category-parroco","category-vescovo-antonazzo","tag-parrocchia","tag-vescovo","tag-vista-pastorale"],"_links":{"self":[{"href":"https:\/\/www.parrocchiasgibattista.it\/wordpress\/wp-json\/wp\/v2\/posts\/4841","targetHints":{"allow":["GET"]}}],"collection":[{"href":"https:\/\/www.parrocchiasgibattista.it\/wordpress\/wp-json\/wp\/v2\/posts"}],"about":[{"href":"https:\/\/www.parrocchiasgibattista.it\/wordpress\/wp-json\/wp\/v2\/types\/post"}],"author":[{"embeddable":true,"href":"https:\/\/www.parrocchiasgibattista.it\/wordpress\/wp-json\/wp\/v2\/users\/2"}],"replies":[{"embeddable":true,"href":"https:\/\/www.parrocchiasgibattista.it\/wordpress\/wp-json\/wp\/v2\/comments?post=4841"}],"version-history":[{"count":10,"href":"https:\/\/www.parrocchiasgibattista.it\/wordpress\/wp-json\/wp\/v2\/posts\/4841\/revisions"}],"predecessor-version":[{"id":4898,"href":"https:\/\/www.parrocchiasgibattista.it\/wordpress\/wp-json\/wp\/v2\/posts\/4841\/revisions\/4898"}],"wp:featuredmedia":[{"embeddable":true,"href":"https:\/\/www.parrocchiasgibattista.it\/wordpress\/wp-json\/wp\/v2\/media\/4855"}],"wp:attachment":[{"href":"https:\/\/www.parrocchiasgibattista.it\/wordpress\/wp-json\/wp\/v2\/media?parent=4841"}],"wp:term":[{"taxonomy":"category","embeddable":true,"href":"https:\/\/www.parrocchiasgibattista.it\/wordpress\/wp-json\/wp\/v2\/categories?post=4841"},{"taxonomy":"post_tag","embeddable":true,"href":"https:\/\/www.parrocchiasgibattista.it\/wordpress\/wp-json\/wp\/v2\/tags?post=4841"}],"curies":[{"name":"wp","href":"https:\/\/api.w.org\/{rel}","templated":true}]}}