{"id":4833,"date":"2020-09-10T09:38:53","date_gmt":"2020-09-10T07:38:53","guid":{"rendered":"http:\/\/www.parrocchiasgibattista.it\/wordpress\/?p=4833"},"modified":"2020-09-10T09:38:54","modified_gmt":"2020-09-10T07:38:54","slug":"si-riparte","status":"publish","type":"post","link":"https:\/\/www.parrocchiasgibattista.it\/wordpress\/2020\/09\/10\/si-riparte\/","title":{"rendered":"Si riparte&#8230;.."},"content":{"rendered":"<p style=\"text-align: justify;\">Le vacanze sono terminate e con l&#8217;arrivo di Settembre, nonostante l&#8217;emergenza Covid, stanno riprendendo a pieno ritmo tutte le attivit\u00e0 di questa comunit\u00e0: dalla scuola al lavoro fino alle pi\u00f9 &#8220;ludiche&#8221; come andare in palestra o riprendere la scuola calcio.<br \/>\nCome gi\u00e0 anticipato nel &#8220;post&#8221; precedente, anche la Parrocchia ha ripreso con pi\u00f9 energia e forza il suo impegno e un primo segno \u00e8 la riapertura per il giorno <strong>9 Settembre dello sportello Caritas<\/strong> per l&#8217;ormai consolidato servizio di aiuto e sostegno alle famiglie in difficolt\u00e0.<br \/>\n<strong>Da Domenica 13 Settembre<\/strong>, le Sante Messe nella Chiesa Parrocchiale avranno il seguente orario:<br \/>\n&#8211; <strong>La Domenica alle ore 8.30 e alle 11.00<\/strong>;<br \/>\n&#8211; Dal Lunedi al Sabato, <strong>escluso il Giovedi<\/strong>, alle ore 17.40 saranno recitati i Vespri e a seguire la Santa Messa;<br \/>\n&#8211;<strong> Il Giovedi<\/strong> alle ore 18.00 la Santa Messa a cui seguir\u00e0 l&#8217;<strong>Adorazione Eucaristica<\/strong>.<br \/>\n<strong>Il Catechismo riprender\u00e0 Domenica 13 Settembre alle ore 10.00<\/strong> nella Chiesa parrocchiale dove Don Giorgio, insieme alle catechiste e rispettando tutte le norme anti-Covid, svolgeranno in forma &#8220;comunitaria&#8221; le prime lezioni.<br \/>\nQuindi Domenica i ragazzi delle varie classi saranno accolti dal parroco e dalle proprie catechiste che spiegheranno con pi\u00f9 precisione come verranno svolte le lezioni e quali programmi saranno attuati per questo nuovo anno catechistico davvero &#8220;unico e speciale&#8221;.<br \/>\nDa non dimenticare inoltre che il <strong>Consiglio Pastorale<\/strong> che si riunir\u00e0 <strong>Venerdi 11 Settembre alle ore 20.00<\/strong> nella Chiesa parrocchiale e dove tutti sono invitati a farne parte, si sta preparando per la <strong>visita pastorale del nostro Vescovo<\/strong> che si terr\u00e0 presumibilmente ad Ottobre.<br \/>\nCome sempre tutti siamo chiamati a contribuire, ognuno con il proprio carisma, a rendere ancora pi\u00f9 bella e gioiosa la vita della nostra parrocchia.<br \/>\nChiudiamo con un saluto speciale per gli ammalati e la preghiera a Maria Santissima della Guardia affinch\u00e9 protegga sempre questa comunit\u00e0 e faccia in modo che progredisca nella nella fede e nella carit\u00e0.<\/p>\n<p style=\"text-align: justify;\">La Redazione<\/p>\n","protected":false},"excerpt":{"rendered":"<p>Le vacanze sono terminate e con l&#8217;arrivo di Settembre, nonostante l&#8217;emergenza Covid, stanno riprendendo a pieno ritmo tutte le attivit\u00e0 di questa comunit\u00e0: dalla scuola&#46;&#46;&#46;<\/p>\n","protected":false},"author":2,"featured_media":4835,"comment_status":"open","ping_status":"open","sticky":false,"template":"","format":"standard","meta":{"footnotes":""},"categories":[120,173,16,1,6,162],"tags":[38,240,28,95],"class_list":["post-4833","post","type-post","status-publish","format-standard","has-post-thumbnail","hentry","category-avvisi","category-caritas","category-catechismo","category-primo-piano","category-parrocchia","category-vescovo","tag-catechismo","tag-orari-sante-messe","tag-parrocchia","tag-vescovo"],"_links":{"self":[{"href":"https:\/\/www.parrocchiasgibattista.it\/wordpress\/wp-json\/wp\/v2\/posts\/4833","targetHints":{"allow":["GET"]}}],"collection":[{"href":"https:\/\/www.parrocchiasgibattista.it\/wordpress\/wp-json\/wp\/v2\/posts"}],"about":[{"href":"https:\/\/www.parrocchiasgibattista.it\/wordpress\/wp-json\/wp\/v2\/types\/post"}],"author":[{"embeddable":true,"href":"https:\/\/www.parrocchiasgibattista.it\/wordpress\/wp-json\/wp\/v2\/users\/2"}],"replies":[{"embeddable":true,"href":"https:\/\/www.parrocchiasgibattista.it\/wordpress\/wp-json\/wp\/v2\/comments?post=4833"}],"version-history":[{"count":3,"href":"https:\/\/www.parrocchiasgibattista.it\/wordpress\/wp-json\/wp\/v2\/posts\/4833\/revisions"}],"predecessor-version":[{"id":4838,"href":"https:\/\/www.parrocchiasgibattista.it\/wordpress\/wp-json\/wp\/v2\/posts\/4833\/revisions\/4838"}],"wp:featuredmedia":[{"embeddable":true,"href":"https:\/\/www.parrocchiasgibattista.it\/wordpress\/wp-json\/wp\/v2\/media\/4835"}],"wp:attachment":[{"href":"https:\/\/www.parrocchiasgibattista.it\/wordpress\/wp-json\/wp\/v2\/media?parent=4833"}],"wp:term":[{"taxonomy":"category","embeddable":true,"href":"https:\/\/www.parrocchiasgibattista.it\/wordpress\/wp-json\/wp\/v2\/categories?post=4833"},{"taxonomy":"post_tag","embeddable":true,"href":"https:\/\/www.parrocchiasgibattista.it\/wordpress\/wp-json\/wp\/v2\/tags?post=4833"}],"curies":[{"name":"wp","href":"https:\/\/api.w.org\/{rel}","templated":true}]}}