{"id":4801,"date":"2020-07-29T17:35:09","date_gmt":"2020-07-29T15:35:09","guid":{"rendered":"http:\/\/www.parrocchiasgibattista.it\/wordpress\/?p=4801"},"modified":"2020-07-29T21:58:19","modified_gmt":"2020-07-29T19:58:19","slug":"carissime-suore-arrivederci","status":"publish","type":"post","link":"https:\/\/www.parrocchiasgibattista.it\/wordpress\/2020\/07\/29\/carissime-suore-arrivederci\/","title":{"rendered":"Carissime suore&#8230; Arrivederci"},"content":{"rendered":"<p><strong>San Giovanni Incarico Domenica 19 luglio 2020.<\/strong><\/p>\n<p style=\"text-align: justify;\">Momenti di intensa emozione in parrocchia dove il parroco Don Jorge insieme al primo cittadino Paolo Fallone, hanno voluto ringraziare, a nome di tutti i sangiovannesi, le suore di Monte Calvario che per ben 95 anni, si sono avvicendate nel nostro territorio per prestare importanti opere missionarie.<\/p>\n<p style=\"text-align: justify;\">Alla Cerimonia di commiato era presente la Madre Generale dell&#8217;Istituto Monte Calvario che ha voluto sottolineare, nel suo &#8216;escursus&#8217;, l&#8217;ottimo rapporto di collaborazione e di stima reciproca che per tanti anni ha reso preziosa la missione delle religiose nella nostra comunit\u00e0.<\/p>\n<p style=\"text-align: justify;\">Il 1925 \u00e8 data ricordevole: la prestigiosa famiglia Cayro, nella persona di Donna Vincenza, volle donare alla nostra comunit\u00e0 due case gentilizie, dotate di giardini, fontane, ambienti salubri, perci\u00f2 molto adatto per consentire l\u2019istituzione di una scuola per l\u2019infanzia, ma anche un laboratorio per ricamo, cucito e musica, dove le famiglie, allora molto numerose, potessero far frequentare ed istruire i loro figli.<br \/>\nErano tempi difficili che seguivano due eventi bellici e si faticava e si soffriva molto per riemergere e tentare di vivere dignitosamente.<\/p>\n<p style=\"text-align: justify;\">Per Grazia di Dio, la Congregazione delle suore di Monte Calvario, accolse l\u2019invito e si rese disponibile a gestire un asilo infantile e inviando nella nostra comunit\u00e0 due suore maestre con l\u2019incarico di accogliere i piccoli e inizi\u00f2 cos\u00ec un percorso di alfabetizzazione e di apprendimento che ha visto tanti piccoli bambini impegnati nella crescita culturale e soprattutto spirituale, tutto gratuitamente (anche il vitto) per volont\u00e0 della benefattrice.<\/p>\n<p style=\"text-align: justify;\">Con l\u2019arrivo di suore competenti, inizi\u00f2 il laboratorio di ricamo e, pi\u00f9 tardi, anche la scuola di musica (strumento pianoforte) dove tantissimi ragazzi frequentarono apprendendo con passione e impegno.<\/p>\n<p style=\"text-align: justify;\">Nella scuola per i piccoli, l\u2019asilo, per tutti questi lunghissimi anni le suore che si sono avvicendate con amore, dedizione e competenza, hanno accolto i tantissimi bambini della nostra comunit\u00e0 con grande riconoscenza dei genitori.<\/p>\n<p style=\"text-align: justify;\">Quante vocazioni in questi anni! E il merito rimane delle religiose che hanno saputo testimoniare e seminare con delicatezza, il BENE.<\/p>\n<p style=\"text-align: justify;\">Purtroppo, come nelle favole, spesso le esperienze belle sono destinate ad avere un epilogo triste, per cui, anche le nostre due ultime religiose, che hanno operato nell&#8217;asilo in questi anni, per cause contingenti sono state destinate ad altri lidi.<\/p>\n<p style=\"text-align: justify;\">La magia \u00e8 finita &#8230;.. peccato &#8230;. rimane una grande tristezza in tutti noi. Si \u00e8 scritta una bella storia di questo paese, 95 anni di dignitosa e fruttuosa missione.<\/p>\n<p style=\"text-align: justify;\">Tutti noi abbracciamo forte suor Evangelina e suor Deasy e auguriamo loro ogni bene&#8230;. Arrivederci&#8230;.<\/p>\n<p>La Redazione.<\/p>\n<p style=\"text-align: center;\">[wds id=&#8221;7&#8243;]<\/p>\n","protected":false},"excerpt":{"rendered":"<p>San Giovanni Incarico Domenica 19 luglio 2020. Momenti di intensa emozione in parrocchia dove il parroco Don Jorge insieme al primo cittadino Paolo Fallone, hanno&#46;&#46;&#46;<\/p>\n","protected":false},"author":2,"featured_media":4796,"comment_status":"open","ping_status":"open","sticky":false,"template":"","format":"standard","meta":{"footnotes":""},"categories":[1,11,6,149],"tags":[235,234,233],"class_list":["post-4801","post","type-post","status-publish","format-standard","has-post-thumbnail","hentry","category-primo-piano","category-la-nostra-storia","category-parrocchia","category-san-giovanni-incarico","tag-asilo","tag-monte-calvario","tag-suore"],"_links":{"self":[{"href":"https:\/\/www.parrocchiasgibattista.it\/wordpress\/wp-json\/wp\/v2\/posts\/4801","targetHints":{"allow":["GET"]}}],"collection":[{"href":"https:\/\/www.parrocchiasgibattista.it\/wordpress\/wp-json\/wp\/v2\/posts"}],"about":[{"href":"https:\/\/www.parrocchiasgibattista.it\/wordpress\/wp-json\/wp\/v2\/types\/post"}],"author":[{"embeddable":true,"href":"https:\/\/www.parrocchiasgibattista.it\/wordpress\/wp-json\/wp\/v2\/users\/2"}],"replies":[{"embeddable":true,"href":"https:\/\/www.parrocchiasgibattista.it\/wordpress\/wp-json\/wp\/v2\/comments?post=4801"}],"version-history":[{"count":12,"href":"https:\/\/www.parrocchiasgibattista.it\/wordpress\/wp-json\/wp\/v2\/posts\/4801\/revisions"}],"predecessor-version":[{"id":4815,"href":"https:\/\/www.parrocchiasgibattista.it\/wordpress\/wp-json\/wp\/v2\/posts\/4801\/revisions\/4815"}],"wp:featuredmedia":[{"embeddable":true,"href":"https:\/\/www.parrocchiasgibattista.it\/wordpress\/wp-json\/wp\/v2\/media\/4796"}],"wp:attachment":[{"href":"https:\/\/www.parrocchiasgibattista.it\/wordpress\/wp-json\/wp\/v2\/media?parent=4801"}],"wp:term":[{"taxonomy":"category","embeddable":true,"href":"https:\/\/www.parrocchiasgibattista.it\/wordpress\/wp-json\/wp\/v2\/categories?post=4801"},{"taxonomy":"post_tag","embeddable":true,"href":"https:\/\/www.parrocchiasgibattista.it\/wordpress\/wp-json\/wp\/v2\/tags?post=4801"}],"curies":[{"name":"wp","href":"https:\/\/api.w.org\/{rel}","templated":true}]}}