{"id":4786,"date":"2020-06-23T10:14:43","date_gmt":"2020-06-23T08:14:43","guid":{"rendered":"http:\/\/www.parrocchiasgibattista.it\/wordpress\/?p=4786"},"modified":"2020-06-23T10:14:44","modified_gmt":"2020-06-23T08:14:44","slug":"festa-di-san-giovanni-battista","status":"publish","type":"post","link":"https:\/\/www.parrocchiasgibattista.it\/wordpress\/2020\/06\/23\/festa-di-san-giovanni-battista\/","title":{"rendered":"Festa di San Giovanni Battista"},"content":{"rendered":"<blockquote>\n<p style=\"text-align: justify;\">Quando gli inviati di Giovanni furono partiti, Ges\u00f9 cominci\u00f2 a dire alla folla riguardo a Giovanni: \u00abChe cosa siete andati a vedere nel deserto? Una canna agitata dal vento? E allora, che cosa siete andati a vedere? Un uomo avvolto in morbide vesti? Coloro che portano vesti sontuose e vivono nella lussuria stanno nei palazzi dei re. Allora, che cosa siete andati a vedere? Un profeta? S\u00ec, vi dico, e pi\u00f9 che un profeta. Egli \u00e8 colui del quale sta scritto:<br \/>Ecco io mando davanti a te il mio messaggero, egli preparer\u00e0 la via davanti a te.<br \/><strong>Io vi dico, tra i nati di donna non c&#8217;\u00e8 nessuno pi\u00f9 grande di Giovanni, e il pi\u00f9 piccolo nel regno di Dio \u00e8 pi\u00f9 grande di lui<\/strong>.<\/p>\n<\/blockquote>\n<p>Luca 7:24-28<\/p>\n<p><img loading=\"lazy\" decoding=\"async\" class=\"wp-image-4787 size-large aligncenter\" src=\"http:\/\/www.parrocchiasgibattista.it\/wordpress\/wp-content\/uploads\/2020\/06\/Manifesto-SGI-BATTISTA-683x1024.png\" alt=\"\" width=\"683\" height=\"1024\" srcset=\"https:\/\/www.parrocchiasgibattista.it\/wordpress\/wp-content\/uploads\/2020\/06\/Manifesto-SGI-BATTISTA-683x1024.png 683w, https:\/\/www.parrocchiasgibattista.it\/wordpress\/wp-content\/uploads\/2020\/06\/Manifesto-SGI-BATTISTA-200x300.png 200w, https:\/\/www.parrocchiasgibattista.it\/wordpress\/wp-content\/uploads\/2020\/06\/Manifesto-SGI-BATTISTA-768x1152.png 768w, https:\/\/www.parrocchiasgibattista.it\/wordpress\/wp-content\/uploads\/2020\/06\/Manifesto-SGI-BATTISTA.png 1024w\" sizes=\"auto, (max-width: 683px) 100vw, 683px\" \/><\/p>\n\n\n<p>La Redazione<\/p>\n","protected":false},"excerpt":{"rendered":"<p>Quando gli inviati di Giovanni furono partiti, Ges\u00f9 cominci\u00f2 a dire alla folla riguardo a Giovanni: \u00abChe cosa siete andati a vedere nel deserto? Una&#46;&#46;&#46;<\/p>\n","protected":false},"author":2,"featured_media":4787,"comment_status":"open","ping_status":"open","sticky":false,"template":"","format":"standard","meta":{"footnotes":""},"categories":[1,149,5],"tags":[228,35],"class_list":["post-4786","post","type-post","status-publish","format-standard","has-post-thumbnail","hentry","category-primo-piano","category-san-giovanni-incarico","category-santi","tag-festa","tag-san-giovanni-battista"],"_links":{"self":[{"href":"https:\/\/www.parrocchiasgibattista.it\/wordpress\/wp-json\/wp\/v2\/posts\/4786","targetHints":{"allow":["GET"]}}],"collection":[{"href":"https:\/\/www.parrocchiasgibattista.it\/wordpress\/wp-json\/wp\/v2\/posts"}],"about":[{"href":"https:\/\/www.parrocchiasgibattista.it\/wordpress\/wp-json\/wp\/v2\/types\/post"}],"author":[{"embeddable":true,"href":"https:\/\/www.parrocchiasgibattista.it\/wordpress\/wp-json\/wp\/v2\/users\/2"}],"replies":[{"embeddable":true,"href":"https:\/\/www.parrocchiasgibattista.it\/wordpress\/wp-json\/wp\/v2\/comments?post=4786"}],"version-history":[{"count":3,"href":"https:\/\/www.parrocchiasgibattista.it\/wordpress\/wp-json\/wp\/v2\/posts\/4786\/revisions"}],"predecessor-version":[{"id":4790,"href":"https:\/\/www.parrocchiasgibattista.it\/wordpress\/wp-json\/wp\/v2\/posts\/4786\/revisions\/4790"}],"wp:featuredmedia":[{"embeddable":true,"href":"https:\/\/www.parrocchiasgibattista.it\/wordpress\/wp-json\/wp\/v2\/media\/4787"}],"wp:attachment":[{"href":"https:\/\/www.parrocchiasgibattista.it\/wordpress\/wp-json\/wp\/v2\/media?parent=4786"}],"wp:term":[{"taxonomy":"category","embeddable":true,"href":"https:\/\/www.parrocchiasgibattista.it\/wordpress\/wp-json\/wp\/v2\/categories?post=4786"},{"taxonomy":"post_tag","embeddable":true,"href":"https:\/\/www.parrocchiasgibattista.it\/wordpress\/wp-json\/wp\/v2\/tags?post=4786"}],"curies":[{"name":"wp","href":"https:\/\/api.w.org\/{rel}","templated":true}]}}