{"id":4731,"date":"2020-04-28T13:00:38","date_gmt":"2020-04-28T11:00:38","guid":{"rendered":"http:\/\/www.parrocchiasgibattista.it\/wordpress\/?p=4731"},"modified":"2020-04-28T13:00:39","modified_gmt":"2020-04-28T11:00:39","slug":"comunicato-dei-vescovi-della-provincia-di-frosinone","status":"publish","type":"post","link":"https:\/\/www.parrocchiasgibattista.it\/wordpress\/2020\/04\/28\/comunicato-dei-vescovi-della-provincia-di-frosinone\/","title":{"rendered":"Comunicato dei Vescovi della provincia di Frosinone"},"content":{"rendered":"<p>Pubblichiamo integralmente il documento condiviso dei Vescovi della provincia di Frosinone riguardo le disposizioni con cui viene disciplinata la cosiddetta \u201cfase 2\u201d dell\u2019emergenza Coronavirus.<\/p>\n<p style=\"text-align: center;\"><strong>COMUNICATO DEI VESCOVI DI ANAGNI-ALATRI,<\/strong><\/p>\n<p style=\"text-align: center;\"><strong>FROSINONE-VEROLI-FERENTINO, SORA-CASSINO-AQUINO-PONTECORVO<\/strong><\/p>\n<p><img loading=\"lazy\" decoding=\"async\" class=\"wp-image-4732 size-full\" src=\"http:\/\/www.parrocchiasgibattista.it\/wordpress\/wp-content\/uploads\/2020\/04\/Diocesi-Frosinone.png\" alt=\"\" width=\"742\" height=\"280\" srcset=\"https:\/\/www.parrocchiasgibattista.it\/wordpress\/wp-content\/uploads\/2020\/04\/Diocesi-Frosinone.png 742w, https:\/\/www.parrocchiasgibattista.it\/wordpress\/wp-content\/uploads\/2020\/04\/Diocesi-Frosinone-300x113.png 300w\" sizes=\"auto, (max-width: 742px) 100vw, 742px\" \/><\/p>\n<p style=\"text-align: justify;\">Nella serata di domenica 26 aprile u.s., il Presidente del Consiglio ha reso noto il nuovo Decreto con cui viene disciplinata la cosiddetta \u201cfase 2\u201d dell\u2019emergenza Coronavirus. Questo nuovo Decreto arriva a conclusione di una settimana nella quale la Presidenza e la Segreteria Generale della Conferenza Episcopale Italiana, in stretta collaborazione con la Segreteria di Stato, hanno intensificato la presentazione delle attese e delle richieste della comunit\u00e0 ecclesiale, al Governo italiano, con la sottolineatura esplicita che \u2013 nel momento in cui vengano ridotte le limitazioni assunte per far fronte all\u2019emergenza sanitaria \u2013 la Chiesa\u00a0<em>esige<\/em>\u00a0di poter riprendere la sua azione pastorale. Quanto alle celebrazioni eucaristiche, si \u00e8 rappresentato come le chiese siano ampie e consentano la partecipazione di fedeli a celebrazioni che rispettino in pieno la normativa sanitaria. Al Ministero dell\u2019Interno e alla stessa Presidenza del Consiglio sono state sottoposte bozze di Orientamenti e Protocolli, e si \u00e8 ribadito che alle misure disposte dalla politica a tutela della salute, la Chiesa italiana si impegna a continuare a corrispondere in pieno, ma non pu\u00f2 accettare che se ne comprometta la libert\u00e0 di culto.<\/p>\n<p style=\"text-align: justify;\">Dopo questo confronto serrato, il nuovo Decreto, nei suoi contenuti, disattende le richieste avanzate. La Conferenza Episcopale Italiana ha ritenuto necessario manifestare il disaccordo dei Vescovi in un comunicato, nel quale tra l\u2019altro si dichiara: \u201cIl Decreto della Presidenza del Consiglio dei Ministri varato ieri sera esclude arbitrariamente la possibilit\u00e0 di celebrare la Messa con il popolo. Alla Presidenza del Consiglio e al Comitato tecnico-scientifico si richiama il dovere di distinguere tra la loro responsabilit\u00e0 \u2013 dare indicazioni precise di carattere sanitario \u2013 e quella della Chiesa, chiamata a organizzare la vita della comunit\u00e0 cristiana, nel rispetto delle misure disposte, ma nella pienezza della propria autonomia. I Vescovi italiani non possono accettare di vedere compromesso l\u2019esercizio della libert\u00e0 di culto\u201d.<\/p>\n<p style=\"text-align: justify;\">I Vescovi delle Diocesi Anagni-Alatri, di Frosinone-Veroli-Ferentino, e di Sora-Cassino-Aquino-Pontecorvo, facendosi voce delle comunit\u00e0 ecclesiali gi\u00e0 duramente messe alla prova dalle contingenze attuali, condividono unanimi il disappunto della CEI sulle decisioni adottate perch\u00e9 lesive di un diritto fondamentale dei cittadini quale la libert\u00e0 di culto, e perch\u00e9 non rispettose della legittima autonomia della Chiesa.<\/p>\n<p style=\"text-align: justify;\">Appare infatti ingiustificabile prospettare il graduale ritorno alle attivit\u00e0 sportive, al lavoro e alle attivit\u00e0 quotidiane quali recarsi in negozi, uffici, parchi e giardini, la ripresa degli allenamenti delle squadre di calcio (magari con le mascherine e a distanza dal pallone) ed allo stesso tempo continuare ad impedire la partecipazione dei fedeli alla Messa, secondo modalit\u00e0 che tutelino l\u2019incolumit\u00e0 delle persone e nel pieno rispetto delle norme sanitarie.<\/p>\n<p style=\"text-align: justify;\">Vorremmo ribadire anche che per noi la Santa Messa deve essere celebrata con il popolo, perch\u00e9 siamo comunit\u00e0 unita attorno al Signore Ges\u00f9, segno di un\u2019unit\u00e0 pi\u00f9 ampia. La celebrazione individuale o chiusa \u00e8 solo permessa in casi particolari. E\u2019 questa unit\u00e0 che crea legami e che ha permesso in questo tempo terribile del Covid-19 di esprimere tanta solidariet\u00e0 verso una moltitudine di gente bisognosa. Ci si attende dunque che ci sia una seria e urgente riconsiderazione delle misure adottate e che sia reso possibile il ritorno a celebrazioni liturgiche partecipate, manifestando sin d\u2019ora la disponibilit\u00e0 al rispetto delle norme sanitarie, a tutela dell\u2019incolumit\u00e0 delle persone. Crediamo in questo di condividere il bisogno di ogni credente, appartenente alle diverse confessioni cristiane e religioni.<\/p>\n<p style=\"text-align: justify;\">I Vescovi della Provincia di Frosinone invitano le Istituzioni civili presenti sul nostro territorio a esprimere segni concreti di condivisione del disagio e di preoccupazione per i fedeli privati di una libert\u00e0 fondamentale e degli elementi costitutivi dell\u2019identit\u00e0 religiosa, culturale e sociale delle comunit\u00e0.<\/p>\n","protected":false},"excerpt":{"rendered":"<p>Pubblichiamo integralmente il documento condiviso dei Vescovi della provincia di Frosinone riguardo le disposizioni con cui viene disciplinata la cosiddetta \u201cfase 2\u201d dell\u2019emergenza Coronavirus. COMUNICATO&#46;&#46;&#46;<\/p>\n","protected":false},"author":2,"featured_media":4732,"comment_status":"open","ping_status":"open","sticky":false,"template":"","format":"standard","meta":{"footnotes":""},"categories":[120,1,6,162],"tags":[50,225,224,223],"class_list":["post-4731","post","type-post","status-publish","format-standard","has-post-thumbnail","hentry","category-avvisi","category-primo-piano","category-parrocchia","category-vescovo","tag-avvisi","tag-comunicati","tag-frosinone","tag-vescovi"],"_links":{"self":[{"href":"https:\/\/www.parrocchiasgibattista.it\/wordpress\/wp-json\/wp\/v2\/posts\/4731","targetHints":{"allow":["GET"]}}],"collection":[{"href":"https:\/\/www.parrocchiasgibattista.it\/wordpress\/wp-json\/wp\/v2\/posts"}],"about":[{"href":"https:\/\/www.parrocchiasgibattista.it\/wordpress\/wp-json\/wp\/v2\/types\/post"}],"author":[{"embeddable":true,"href":"https:\/\/www.parrocchiasgibattista.it\/wordpress\/wp-json\/wp\/v2\/users\/2"}],"replies":[{"embeddable":true,"href":"https:\/\/www.parrocchiasgibattista.it\/wordpress\/wp-json\/wp\/v2\/comments?post=4731"}],"version-history":[{"count":2,"href":"https:\/\/www.parrocchiasgibattista.it\/wordpress\/wp-json\/wp\/v2\/posts\/4731\/revisions"}],"predecessor-version":[{"id":4734,"href":"https:\/\/www.parrocchiasgibattista.it\/wordpress\/wp-json\/wp\/v2\/posts\/4731\/revisions\/4734"}],"wp:featuredmedia":[{"embeddable":true,"href":"https:\/\/www.parrocchiasgibattista.it\/wordpress\/wp-json\/wp\/v2\/media\/4732"}],"wp:attachment":[{"href":"https:\/\/www.parrocchiasgibattista.it\/wordpress\/wp-json\/wp\/v2\/media?parent=4731"}],"wp:term":[{"taxonomy":"category","embeddable":true,"href":"https:\/\/www.parrocchiasgibattista.it\/wordpress\/wp-json\/wp\/v2\/categories?post=4731"},{"taxonomy":"post_tag","embeddable":true,"href":"https:\/\/www.parrocchiasgibattista.it\/wordpress\/wp-json\/wp\/v2\/tags?post=4731"}],"curies":[{"name":"wp","href":"https:\/\/api.w.org\/{rel}","templated":true}]}}