{"id":4719,"date":"2020-04-19T21:47:55","date_gmt":"2020-04-19T19:47:55","guid":{"rendered":"http:\/\/www.parrocchiasgibattista.it\/wordpress\/?p=4719"},"modified":"2020-04-19T21:49:45","modified_gmt":"2020-04-19T19:49:45","slug":"madonna-della-selva-2020","status":"publish","type":"post","link":"https:\/\/www.parrocchiasgibattista.it\/wordpress\/2020\/04\/19\/madonna-della-selva-2020\/","title":{"rendered":"Madonna della Selva (2020)"},"content":{"rendered":"<p style=\"text-align: justify;\">Dopo la Pasqua celebrata a &#8220;porte chiuse&#8221;, stessa sorte \u00e8 toccata alla festivit\u00e0 della Madonna della Selva, con l&#8217;eccezione che l&#8217;immagine \u00e8 stata portata nella chiesa Parrocchiale e qui onorata per tutta la settimana fino a questa domenica.<\/p>\n<p style=\"text-align: justify;\">Abbiamo pensato di ricordare la storia che accompagna questa festa e che parte da molto lontano, ed \u00e8 forse questo il motivo per il quale \u00e8 cosi &#8220;sentita e cara&#8221; per ogni sangiovannese.<\/p>\n<p style=\"text-align: center;\"><strong>Chiesa di Santa Maria della Selva<\/strong><\/p>\n<p><img loading=\"lazy\" decoding=\"async\" class=\"wp-image-4718 size-medium aligncenter\" src=\"http:\/\/www.parrocchiasgibattista.it\/wordpress\/wp-content\/uploads\/2020\/04\/IMG_20200419_182730-1-scaled-e1587325289234-193x300.jpg\" alt=\"\" width=\"193\" height=\"300\" srcset=\"https:\/\/www.parrocchiasgibattista.it\/wordpress\/wp-content\/uploads\/2020\/04\/IMG_20200419_182730-1-scaled-e1587325289234-193x300.jpg 193w, https:\/\/www.parrocchiasgibattista.it\/wordpress\/wp-content\/uploads\/2020\/04\/IMG_20200419_182730-1-scaled-e1587325289234-660x1024.jpg 660w, https:\/\/www.parrocchiasgibattista.it\/wordpress\/wp-content\/uploads\/2020\/04\/IMG_20200419_182730-1-scaled-e1587325289234-768x1192.jpg 768w, https:\/\/www.parrocchiasgibattista.it\/wordpress\/wp-content\/uploads\/2020\/04\/IMG_20200419_182730-1-scaled-e1587325289234-990x1536.jpg 990w, https:\/\/www.parrocchiasgibattista.it\/wordpress\/wp-content\/uploads\/2020\/04\/IMG_20200419_182730-1-scaled-e1587325289234.jpg 1043w\" sizes=\"auto, (max-width: 193px) 100vw, 193px\" \/><\/p>\n<p style=\"text-align: justify;\">Le prime notizie della chiesa sono attestate in documenti nel 1030.<\/p>\n<p style=\"text-align: justify;\">Essa, con il titolo di Santa Maria fu fondata negli anni venti del secolo XI quale chiesa &#8211; monastero dall\u2019abate Giovanni (figlio di un tal Dodo), responsabile di una comunit\u00e0 monastica. Successivamente fu costruito il monastero di San Benedetto de Bagnarola (allora ricadente nel territorio di Pontecorvo) di cui la chiesa di Santa Maria divenne cella, insieme al monastero di <em>San Maurizio \u2013 Madonna della Guardia.<\/em><\/p>\n<p style=\"text-align: justify;\">Secondo una tradizione, sorgeva sul luogo in cui vi era, in origine, l\u2019abitazione di alcuni possidenti: &#8220;<em>Un giorno la figlia di uno di essi si ammalo gravemente. I genitori erano disperati e temevano per la sorte della ragazza. Una notte, in preda al delirio della febbre, la fanciulla sogn\u00f2 una donna bellissima con abiti da contadina, che le promise la guarigione. Al suo risveglio la ragazza era perfettamente guarita e, come ringraziamento trasform\u00f2 un\u2019ala della cascina in chiesetta con l\u2019immagine della Madonna. In seguito, venne chiamata della Selva, perch\u00e9 nel sogno era apparsa tra una folta vegetazione<\/em>&#8220;.<\/p>\n<p style=\"text-align: justify;\">Dalla relazione della Visita Pastorale effettuata tra il 14 aprile 1703 e l&#8217;11 gennaio 1704 nella diocesi di Aquino dal suo Vescovo Giuseppe De Carolis, si desume che nel 1704 la chiesa registrava entrate ordinarie \u201c..<em>per dieci ducati e servivano per mantenere il cappellano che vi celebrava messa ogni sabato\u201d<\/em>.<\/p>\n<p style=\"text-align: justify;\">Nel 1937 circa dodici ettari dell&#8217;area vennero venduti dai conti Siniscalchi di Napoli al Generale di Artiglieria Giovanni Manetta (11.02.1895 &#8211; 9.12.1964) originario di Pignataro Interamna e coniugato con la sig. ra Santina Bonetti. La Chiesa \u00e8 ancora di propriet\u00e0 della famiglia Manetta che l&#8217;ha destinata al culto popolare. La zona fu raggiunta dalla luce elettrica nel 1964 grazie all&#8217;interessamento dell&#8217;Amministrazione del Sindaco Carlo Rescalli (1961-1963) e con la collaborazione del Generale Manetta.<\/p>\n<p style=\"text-align: justify;\">La festa della Madonna della Selva si celebra nella prima domenica dopo Pasqua con grande afflusso di fedeli, provenienti anche dai paesi vicini (in particolare da Pontecorvo)<\/p>\n<p style=\"text-align: justify;\">Vi sono altre localit\u00e0 nelle quali il Nome di Maria \u00e8 venerato sotto il titolo della Selva, bench\u00e9 non vi siano collegamenti con la tradizione sangiovannese: Fagnano Olona (Va), Caprese Michelangelo (Arezzo), Castel Frentano (Ch).<\/p>\n<p>[wds id=&#8221;6&#8243;]<\/p>\n<p>La Redazione.<\/p>\n\n","protected":false},"excerpt":{"rendered":"<p>Dopo la Pasqua celebrata a &#8220;porte chiuse&#8221;, stessa sorte \u00e8 toccata alla festivit\u00e0 della Madonna della Selva, con l&#8217;eccezione che l&#8217;immagine \u00e8 stata portata nella&#46;&#46;&#46;<\/p>\n","protected":false},"author":2,"featured_media":4718,"comment_status":"open","ping_status":"open","sticky":false,"template":"","format":"standard","meta":{"footnotes":""},"categories":[120,1,6,149,5],"tags":[25],"class_list":["post-4719","post","type-post","status-publish","format-standard","has-post-thumbnail","hentry","category-avvisi","category-primo-piano","category-parrocchia","category-san-giovanni-incarico","category-santi","tag-madonna-della-selva"],"_links":{"self":[{"href":"https:\/\/www.parrocchiasgibattista.it\/wordpress\/wp-json\/wp\/v2\/posts\/4719","targetHints":{"allow":["GET"]}}],"collection":[{"href":"https:\/\/www.parrocchiasgibattista.it\/wordpress\/wp-json\/wp\/v2\/posts"}],"about":[{"href":"https:\/\/www.parrocchiasgibattista.it\/wordpress\/wp-json\/wp\/v2\/types\/post"}],"author":[{"embeddable":true,"href":"https:\/\/www.parrocchiasgibattista.it\/wordpress\/wp-json\/wp\/v2\/users\/2"}],"replies":[{"embeddable":true,"href":"https:\/\/www.parrocchiasgibattista.it\/wordpress\/wp-json\/wp\/v2\/comments?post=4719"}],"version-history":[{"count":8,"href":"https:\/\/www.parrocchiasgibattista.it\/wordpress\/wp-json\/wp\/v2\/posts\/4719\/revisions"}],"predecessor-version":[{"id":4729,"href":"https:\/\/www.parrocchiasgibattista.it\/wordpress\/wp-json\/wp\/v2\/posts\/4719\/revisions\/4729"}],"wp:featuredmedia":[{"embeddable":true,"href":"https:\/\/www.parrocchiasgibattista.it\/wordpress\/wp-json\/wp\/v2\/media\/4718"}],"wp:attachment":[{"href":"https:\/\/www.parrocchiasgibattista.it\/wordpress\/wp-json\/wp\/v2\/media?parent=4719"}],"wp:term":[{"taxonomy":"category","embeddable":true,"href":"https:\/\/www.parrocchiasgibattista.it\/wordpress\/wp-json\/wp\/v2\/categories?post=4719"},{"taxonomy":"post_tag","embeddable":true,"href":"https:\/\/www.parrocchiasgibattista.it\/wordpress\/wp-json\/wp\/v2\/tags?post=4719"}],"curies":[{"name":"wp","href":"https:\/\/api.w.org\/{rel}","templated":true}]}}