{"id":4345,"date":"2019-10-29T10:31:46","date_gmt":"2019-10-29T09:31:46","guid":{"rendered":"http:\/\/www.parrocchiasgibattista.it\/wordpress\/?p=4345"},"modified":"2019-10-29T10:31:48","modified_gmt":"2019-10-29T09:31:48","slug":"foglietto-domenicale-ed-avvisi","status":"publish","type":"post","link":"https:\/\/www.parrocchiasgibattista.it\/wordpress\/2019\/10\/29\/foglietto-domenicale-ed-avvisi\/","title":{"rendered":"Foglietto domenicale ed Avvisi"},"content":{"rendered":"<p style=\"text-align: justify;\">Con l&#8217;arrivo di Don Giorgio, una delle novit\u00e0 pi\u00f9 evidenti in parrocchia \u00e8 sicuramente il <strong>foglietto domenicale<\/strong> con il quale il fedele pu\u00f2 seguire l&#8217;intera liturgia e non solo. Infatti sono presenti, suddivisi giorno per giorno, anche tutti gli appuntamenti della settimana e gli orari delle Sante Messe con le intenzioni per i nostri cari defunti.<\/p>\n<p style=\"text-align: justify;\">L&#8217;obiettivo \u00e8 quello di farlo conoscere e divulgarlo, in modo da averlo anche come promemoria settimanale ed essere sempre al corrente delle attivit\u00e0 che vengono svolte in parrocchia.<\/p>\n<p style=\"text-align: justify;\">I mezzi attraverso i quali si vuole dare voce a questo nuovo &#8220;strumento&#8221; vogliono essere:<\/p>\n<ol style=\"text-align: justify;\">\n<li>il <strong>sito parrocchiale<\/strong>,<\/li>\n<li>la <strong>televisione<\/strong> e sopratutto<\/li>\n<li>il <strong>passaparola<\/strong> con la <strong>partecipazione alle Sante Messe Domenicali<\/strong>.<\/li>\n<\/ol>\n<p style=\"text-align: justify;\">Per quanto riguarda il <strong>sito parrocchiale<\/strong>, gi\u00e0 da un paio di settimane stiamo rendendo disponibile (solitamente nella giornata del sabato) il foglietto in formato <strong>PDF<\/strong> attraverso la voce di menu\u00a0 &#8220;<strong>Servizi-&gt;Foglio Santa Messa&#8230;.<\/strong>&#8220;. In questo modo \u00e8 possibile consultarlo e volendo anche stamparlo.<\/p>\n<table style=\"border-collapse: collapse; width: 100%;\">\n<tbody>\n<tr>\n<td style=\"width: 33.3333%;\">\n<p><div id=\"attachment_4349\" style=\"width: 229px\" class=\"wp-caption aligncenter\"><img loading=\"lazy\" decoding=\"async\" aria-describedby=\"caption-attachment-4349\" class=\"wp-image-4349\" src=\"http:\/\/www.parrocchiasgibattista.it\/wordpress\/wp-content\/uploads\/2019\/10\/MenuServiziDesktop.png\" alt=\"\" width=\"219\" height=\"189\" srcset=\"https:\/\/www.parrocchiasgibattista.it\/wordpress\/wp-content\/uploads\/2019\/10\/MenuServiziDesktop.png 479w, https:\/\/www.parrocchiasgibattista.it\/wordpress\/wp-content\/uploads\/2019\/10\/MenuServiziDesktop-300x258.png 300w\" sizes=\"auto, (max-width: 219px) 100vw, 219px\" \/><p id=\"caption-attachment-4349\" class=\"wp-caption-text\">Dal browser del PC<\/p><\/div><\/td>\n<td style=\"width: 33.3333%;\">\n<p><div id=\"attachment_4347\" style=\"width: 216px\" class=\"wp-caption aligncenter\"><img loading=\"lazy\" decoding=\"async\" aria-describedby=\"caption-attachment-4347\" class=\"wp-image-4347\" src=\"http:\/\/www.parrocchiasgibattista.it\/wordpress\/wp-content\/uploads\/2019\/10\/MenuServizi_01_Smart.png\" alt=\"\" width=\"206\" height=\"281\" srcset=\"https:\/\/www.parrocchiasgibattista.it\/wordpress\/wp-content\/uploads\/2019\/10\/MenuServizi_01_Smart.png 404w, https:\/\/www.parrocchiasgibattista.it\/wordpress\/wp-content\/uploads\/2019\/10\/MenuServizi_01_Smart-220x300.png 220w\" sizes=\"auto, (max-width: 206px) 100vw, 206px\" \/><p id=\"caption-attachment-4347\" class=\"wp-caption-text\">Dallo smartphone: MENU<\/p><\/div><\/td>\n<td style=\"width: 33.3333%;\">\n<p><div id=\"attachment_4348\" style=\"width: 214px\" class=\"wp-caption aligncenter\"><img loading=\"lazy\" decoding=\"async\" aria-describedby=\"caption-attachment-4348\" class=\"wp-image-4348\" src=\"http:\/\/www.parrocchiasgibattista.it\/wordpress\/wp-content\/uploads\/2019\/10\/MenuServizi_02_Smart.png\" alt=\"\" width=\"204\" height=\"279\" srcset=\"https:\/\/www.parrocchiasgibattista.it\/wordpress\/wp-content\/uploads\/2019\/10\/MenuServizi_02_Smart.png 404w, https:\/\/www.parrocchiasgibattista.it\/wordpress\/wp-content\/uploads\/2019\/10\/MenuServizi_02_Smart-219x300.png 219w\" sizes=\"auto, (max-width: 204px) 100vw, 204px\" \/><p id=\"caption-attachment-4348\" class=\"wp-caption-text\">Dallo smartphone: MENU-&gt;Servizi<\/p><\/div><\/td>\n<\/tr>\n<\/tbody>\n<\/table>\n<p style=\"text-align: justify;\">Per la <strong>televisione<\/strong> invece, si sta procedendo ad acquistare uno strumento &#8220;compatibile&#8221; con le strumentazioni presenti e quanto prima tutti gli avvisi saranno disponibili come scritte scorrevoli sullo schermo della TV.<\/p>\n<p style=\"text-align: justify;\">Il terzo punto non ha bisogno di spiegazioni ma&#8230;. di partecipazione \ud83d\ude00 \ud83d\ude00 \ud83d\ude00<\/p>\n<p style=\"text-align: justify;\">Un abbraccio a tutti e &#8230;. buona lettura.<\/p>\n","protected":false},"excerpt":{"rendered":"<p>Con l&#8217;arrivo di Don Giorgio, una delle novit\u00e0 pi\u00f9 evidenti in parrocchia \u00e8 sicuramente il foglietto domenicale con il quale il fedele pu\u00f2 seguire l&#8217;intera&#46;&#46;&#46;<\/p>\n","protected":false},"author":1,"featured_media":4350,"comment_status":"open","ping_status":"open","sticky":false,"template":"","format":"standard","meta":{"footnotes":""},"categories":[12,120,1,9,17],"tags":[198,50,197],"class_list":["post-4345","post","type-post","status-publish","format-standard","has-post-thumbnail","hentry","category-appuntamenti","category-avvisi","category-primo-piano","category-servizi","category-tv_parrocchiale","tag-appuntamenti-settimanali","tag-avvisi","tag-folglietto"],"_links":{"self":[{"href":"https:\/\/www.parrocchiasgibattista.it\/wordpress\/wp-json\/wp\/v2\/posts\/4345","targetHints":{"allow":["GET"]}}],"collection":[{"href":"https:\/\/www.parrocchiasgibattista.it\/wordpress\/wp-json\/wp\/v2\/posts"}],"about":[{"href":"https:\/\/www.parrocchiasgibattista.it\/wordpress\/wp-json\/wp\/v2\/types\/post"}],"author":[{"embeddable":true,"href":"https:\/\/www.parrocchiasgibattista.it\/wordpress\/wp-json\/wp\/v2\/users\/1"}],"replies":[{"embeddable":true,"href":"https:\/\/www.parrocchiasgibattista.it\/wordpress\/wp-json\/wp\/v2\/comments?post=4345"}],"version-history":[{"count":9,"href":"https:\/\/www.parrocchiasgibattista.it\/wordpress\/wp-json\/wp\/v2\/posts\/4345\/revisions"}],"predecessor-version":[{"id":4358,"href":"https:\/\/www.parrocchiasgibattista.it\/wordpress\/wp-json\/wp\/v2\/posts\/4345\/revisions\/4358"}],"wp:featuredmedia":[{"embeddable":true,"href":"https:\/\/www.parrocchiasgibattista.it\/wordpress\/wp-json\/wp\/v2\/media\/4350"}],"wp:attachment":[{"href":"https:\/\/www.parrocchiasgibattista.it\/wordpress\/wp-json\/wp\/v2\/media?parent=4345"}],"wp:term":[{"taxonomy":"category","embeddable":true,"href":"https:\/\/www.parrocchiasgibattista.it\/wordpress\/wp-json\/wp\/v2\/categories?post=4345"},{"taxonomy":"post_tag","embeddable":true,"href":"https:\/\/www.parrocchiasgibattista.it\/wordpress\/wp-json\/wp\/v2\/tags?post=4345"}],"curies":[{"name":"wp","href":"https:\/\/api.w.org\/{rel}","templated":true}]}}