{"id":3951,"date":"2019-09-02T23:01:20","date_gmt":"2019-09-02T21:01:20","guid":{"rendered":"http:\/\/www.parrocchiasgibattista.it\/wordpress\/?p=3951"},"modified":"2019-09-14T16:30:08","modified_gmt":"2019-09-14T14:30:08","slug":"don-jorge-vargas-e-il-nuovo-parroco-e-rettore-del-santuario-della-guardia","status":"publish","type":"post","link":"https:\/\/www.parrocchiasgibattista.it\/wordpress\/2019\/09\/02\/don-jorge-vargas-e-il-nuovo-parroco-e-rettore-del-santuario-della-guardia\/","title":{"rendered":"Don Jorge Vargas \u00e8 il nuovo Parroco di S. Giovanni Incarico e Rettore del Santuario della Guardia"},"content":{"rendered":"<p><span style=\"color: #000000;\">Grande accoglienza per il nuovo Parroco di San Giovanni Incarico don Jorge Vargas nominato anche Rettore del Santuario della Madonna della Guardia.<\/span><\/p>\n<p><span style=\"color: #000000;\">Il Vescovo diocesano Antonazzo lo ha presentato alla comunit\u00e0, il Sindaco Paolo Fallone lo ha accolto sotto il palazzo municipale alla presenza di tantissimi cittadini.<\/span><\/p>\n<p><span style=\"color: #000000;\">Domenica alle 18 \u00e8 iniziata la prima fase dell\u2019accoglienza del nuovo parroco don Jorge Vargas, accompagnato dal Vescovo diocesano Antonazzo,\u00a0 avvenuta sotto il palazzo municipale dove il sindaco Paolo Fallone unitamente all\u2019intera amministrazione comunale e un gran numero di cittadini lo hanno accolto con tutti gli onori. Era presente anche la Banda Musicale Vincenzo Bellini diretta dal maestro Gianfranco Ricci e presieduta da Angelo Giacchetti. Qui dopo un breve saluto il corteo si \u00e8 mosso festosamente per raggiungere la chiesa parrocchiale dove, alle 18:30, \u00e8 iniziata la solenne Celebrazione Eucaristica presieduta dal Vescovo diocesano monsignor Antonazzo alla quale hanno preso parte anche i parroci\u00a0 emeriti don Antonio e don Aurelio Ricci.<\/span><\/p>\n<p><span style=\"color: #000000;\">Momento culminate della celebrazione \u00e8 stato la lettura da parte di don Aurelio Ricci del decreto di nomina di don Jorge Vargas a cui il Vescovo ha affidato le cura pastorale della Parrocchia di San Giovanni Battista in San Giovanni Incarico quale parroco e Rettore del Santuario della Madonna della Guardia. \u00c8 stato, questo, un momento particolarmente emozionante che ha visto unire sentimenti ed emozioni di due comunit\u00e0: quella di Rocca D\u2019Evandro e San Giovanni Incarico.<\/span><\/p>\n<p><span style=\"color: #000000;\">Il Vescovo diocesano, Mons. Gerardo Antonazzo,\u00a0 nella sua omelia ha messo in risalto la figura del sacerdote che \u00e8 chiamato ad\u00a0 assicurare la continuit\u00e0 garantendo, cos\u00ec,\u00a0\u00a0 la sua crescita. Un monito, questo,\u00a0 che ha evidenziato l\u2019indole pastorale della Chiesa\u00a0 che si concretizza nella premura del Vescovo diocesano di prendersi cura, il pi\u00f9 possibile, della Comunit\u00e0 cristiana. Ha poi voluto sottolineare le qualit\u00e0 di un pastore, che si possono riassumere nell\u2019amore e nella mitezza, caratteristiche che concorrono\u00a0 a costruire, giorno dopo, giorno una comunit\u00e0 esemplare il cui punto di riferimento deve essere, sempre, Ges\u00f9 buon Pastore.<\/span><\/p>\n<p><span style=\"color: #000000;\">Dopo l&#8217;omelia il Vescovo Antonazzo, come previsto dalla speciale liturgia, ha raccolto il giuramento di don Vargas affidandogli la cura pastorale della comunit\u00e0. Fase questa, accolta con un lungo applauso di tutti i presenti.<\/span><\/p>\n<p><span style=\"color: #000000;\">Terminata la celebrazione Eucaristica si sono tenuti i saluti di rito iniziando dal rappresentante del Consiglio Pastorale Parrocchiale, Marco Farina, del sindaco di Rocca D\u2019Evandro, Emilia Delli Colli, e chiusi dall\u2019intervento del sindaco di San Giovanni Incarico Paolo Fallone che, concluso il discorso, ha consegnato un dono al neo Parroco e Rettore del Santuario della Guardia a nome dell\u2019intera comunit\u00e0.<\/span><\/p>\n<p><span style=\"color: #000000;\">Don Jorge, terminati tutti gli interventi, ha preso la parola ringraziando tutti con evidente emozione, partendo da tutte le autorit\u00e0 presenti per poi salutare i parrocchiani di Rocca D\u2019Evandro che lo hanno accompagnato, per iniziare questa sua nuova missione nella comunit\u00e0 di San Giovanni Incarico. Anche qui non \u00e8 mancata la calorosa accoglienza di un gran numero di fedeli che hanno dimostrato al neo Parroco tutta la loro vicinanza e un grande affetto esteso anche ai suoi famigliari, presenti\u00a0 a questo giorno di festa. La cerimonia si \u00e8 chiusa con la firma del Verbale di Possesso da parte del nuovo Parroco Don Jorge Vargas su cui hanno apposto la firma\u00a0 i due\u00a0 testimoni laici Simonetta Sbardella ed Eleuterio Di Santo e, infine, il Vescovo Diocesano Monsignor Gerardo Antonazzo. Dopo questo momento conclusivo \u00e8 iniziata la festa d\u2019accoglienza organizzata dal Consiglio Pastorale Parrocchiale in collaborazione con l\u2019Amministrazione comunale.<\/span><\/p>\n<p><span style=\"color: #000000;\">Hanno preso parte all\u2019evento il sindaco di San Giovanni Incarico Paolo Fallone con l\u2019intera Amministrazione comunale, il sindaco di Rocca D\u2019Evandro Emilia Delli Colli con gli amministratori, i Carabinieri della\u00a0 Stazione locale, la Polizia locale, l\u2019Associazione locale Carabinieri in Congedo, la Pia Congregazione Vergine SS. della Guardia e la Protezione Civile Comunale che ha curato servizio d\u2019ordine e viabilit\u00e0.<\/span><\/p>\n<p><span style=\"color: #000000;\">Il tutto si \u00e8 chiuso con la consapevolezza d\u2019iniziare un nuovo cammino per contribuire alla costruzione di una comunit\u00e0 sempre pi\u00f9 attenta, sotto la guida del nuovo parroco don Vargas<\/span><\/p>\n<p style=\"text-align: left;\"><span style=\"color: #000000;\"><span style=\"font-size: 18pt;\"><strong>Saluto del rappresentante del Consiglio Pastorale Parrocchiale<\/strong><\/span><\/span><\/p>\n<p style=\"text-align: left;\"><span style=\"color: #000000;\"><span style=\"font-size: 18pt;\"><strong>Marco Farina<\/strong><\/span><\/span><\/p>\n<p><span style=\"color: #000000;\">Eccellenza Reverendissima, Autorit\u00e0, Sacerdoti e fedeli presenti, oggi la comunit\u00e0 parrocchiale di San Giovanni Incarico \u00e8 in festa e ringrazia il Signore perch\u00e9 felice di accogliere il nostro nuovo parroco don Jorge.\u00a0 La ringraziamo, in particolare, Eccellenza, per il fatto che Lei ci ha onorati della Sua presenza in questo momento importantissimo per noi fedeli di San Giovanni Incarico.<\/span><\/p>\n<p><span style=\"color: #000000;\">Sono Marco Farina, curo l\u2019animazione liturgica per quanto concerne i canti assieme a Clara Lombardi e sono qui in rappresentanza del nostro consiglio pastorale per dare il benvenuto pi\u00f9 sincero al nostro nuovo parroco, senza dimenticare i nostri carissimi Don Antonio e Don Aurelio, che per ben diciotto anni si sono impegnati per rendere sempre pi\u00f9 vicina agli ultimi ed ai veri valori cristiani la nostra comunit\u00e0, piantando ed ottenendo messe abbondante. Il Consiglio Pastorale, organismo che collabora strettamente con il Parroco, \u00e8 conscio del fatto che un nuovo capitolo, tutto da scrivere, si sta aprendo oggi per la nostra comunit\u00e0 e che la gioia si mescola con la trepidazione che sempre fa capolino dinanzi ad un nuovo inizio, ma siamo sicuri che saremo illuminati dal Santo Spirito di vita che ci far\u00e0 operare per il meglio, in sinergia con il nostro nuovo pastore e sempre nell\u2019impegno cristiano.<\/span><\/p>\n<p><span style=\"color: #000000;\">In conclusione sentiamo di poter assicurare a Te, Don Jorge, nostro nuovo pastore, la piena e consapevole collaborazione delle associazioni presenti in parrocchia e di tutti quanti noi ed \u00e8 con gioia che ti diamo il benvenuto in questa comunit\u00e0 che da oggi \u00e8 anche la tua comunit\u00e0, la tua nuova famiglia. Ed ora, con l\u2019aiuto dello Spirito Santo, siamo pronti a dire insieme a te: \u201cECCOCI SIGNORE, siamo pronti a seguire la Tua Parola, per andare dove Tu vorrai condurci!\u201d<\/span><\/p>\n<p><span style=\"color: #000000;\">Che lo Spirito Consolatore e Maria SS. della Guardia veglino su di te, Don Jorge e ti guidino nel tuo ministero.<\/span><\/p>\n<p><span style=\"color: #000000;\"><span style=\"font-size: 18pt;\"><strong>Saluto del Sindaco di San Giovanni Incarico<\/strong><\/span><\/span><\/p>\n<p><span style=\"color: #000000;\"><span style=\"font-size: 18pt;\"><strong>Paolo Fallone<\/strong><\/span><\/span><\/p>\n<p><span style=\"color: #000000;\">A lei Eccellenza Reverendissima rivolgo il saluto dell\u2019intera cittadinanza e con lei saluto il nuovo parroco Don Jorge Vargas, a cui do il nostro cordiale benvenuto, e ai carissimi Don Antonio e Don Aurelio. Rivolgo, inoltre, un doveroso saluto al Sindaco di Rocca D\u2019Evandro la Dottoressa Emilia Delli Colli, alle autorit\u00e0 militari, a tutte le associazioni e a tutti i presenti.<\/span><\/p>\n<p><span style=\"color: #000000;\">Questo \u00e8 per tutti noi un giorno speciale nel quale i sentimenti e le emozioni giocano un ruolo importante. Le sensazioni, i ricordi e ogni piccolo particolare ci aiuta a vivere, con passione, la storia che prosegue il suo corso conviti di costruire, insieme, un futuro sempre migliore, fondato sugli insegnamenti del Vangelo, pur consapevoli dei nostri limiti che ci devono stimolare a fare sempre meglio. Oggi \u00e8 il momento dell\u2019incontro di due comunit\u00e0: quella di San Giovanni Incarico e quella di Rocca D\u2019Evandro che si tendono la mano condividendo la decisione del nostro Vescovo Gerardo Antonazzo che ha designato, quale nostro nuovo parroco, don Jorge. Un dono che noi accogliamo certi di proseguire il lavoro iniziato insieme a don Antonio e don Aurelio, che ringrazio ancora una volta, certo che continueranno a supportarci con la preghiera e i loro preziosi consigli.<\/span><\/p>\n<p><span style=\"color: #000000;\">Ora per\u00f2 il testimone passa nelle sue mani Don Jorge per proseguire, insieme, il cammino di crescita della comunit\u00e0 dove, come ogni famiglia, successi e insuccessi fanno parte della quotidianit\u00e0. A lei, come Ges\u00f9 Buon Pastore, spetta la guida del popolo Santo di Dio che sono certo far\u00e0 con cura ed estrema dedizione. A lei, il compito di accogliere quanti soffrono e che nel loro silenzio chiedono di essere risollevati. La nostra comunit\u00e0 che gi\u00e0 ha fatto un buon cammino, non vuole altro che proseguirlo dando attenzione a tutti: anziani, giovani, stranieri e quanti vivono nel pi\u00f9 totale abbandono. Un compito e un dovere non solo dei sacerdoti ma di ciascuno di noi. Lei carissimo Don Jorge non sar\u00e0 solo, perch\u00e9 la nostra Amministrazione come ha sempre fatto, unitamente a tanti parrocchiani, la sosterr\u00e0 in questa missione.<\/span><\/p>\n<p><span style=\"color: #000000;\">Ci tengo per\u00f2 a sottolineare, in questa occasione, che in questo momento storico nel quale i valori sono sempre pi\u00f9 minati da posizioni egoistiche che tendono a disgregare, distogliendo lo sguardo da tutto ci\u00f2 che ci circonda, \u00e8 fondamentale un lavoro di squadra nel rispetto dei ruoli. Ai giovani che sono il futuro rappresentando una vera e propria risorsa, deve andare un\u2019ulteriore e particolare attenzione. Essi, sono infatti le fondamenta della societ\u00e0 futura e per questo devono avere il nostro massimo sostegno per evitare devianze di ogni genere. Con loro, e supportati dalla saggezza degli anziani, vogliamo iniziare un nuovo cammino, un percorso fondato sui valori del cristianesimo che \u00e8 pace e amore.<\/span><\/p>\n<p><span style=\"color: #000000;\">Queste sono le premesse Eccellenza, con le quali il popolo di San Giovanni Incarico accoglie Don Jorge che lei ha designato quale pastore e guida della nostra Comunit\u00e0. A lei don Jorge rinnovo, a nome dell\u2019intera Amministrazione comunale e di tutta la cittadinanza il benvenuto tra noi, certo di iniziare un proficuo cammino per costruire, con l\u2019aiuto di Dio e della nostra cara Madonna della Guardia, un futuro migliore.<\/span><\/p>\n<p><span style=\"color: #000000;\">Grazie a tutti e a lei Eccellenza, in modo particolare, per l\u2019attenzione che rivolge, sempre, alla nostra Comunit\u00e0.<\/span><\/p>\n<p><span style=\"color: #000000;\">A lei Don Jorge chiediamo la sua benedizione augurandole buon lavoro.<\/span><\/p>\n\n\t\t<style>\n\t\t\t#gallery-1 {\n\t\t\t\tmargin: auto;\n\t\t\t}\n\t\t\t#gallery-1 .gallery-item {\n\t\t\t\tfloat: left;\n\t\t\t\tmargin-top: 10px;\n\t\t\t\ttext-align: center;\n\t\t\t\twidth: 25%;\n\t\t\t}\n\t\t\t#gallery-1 img {\n\t\t\t\tborder: 2px solid #cfcfcf;\n\t\t\t}\n\t\t\t#gallery-1 .gallery-caption {\n\t\t\t\tmargin-left: 0;\n\t\t\t}\n\t\t\t\/* see gallery_shortcode() in wp-includes\/media.php *\/\n\t\t<\/style>\n\t\t<div id='gallery-1' class='gallery galleryid-3951 gallery-columns-4 gallery-size-medium'><dl class='gallery-item'>\n\t\t\t<dt class='gallery-icon landscape'>\n\t\t\t\t<a href='https:\/\/www.parrocchiasgibattista.it\/wordpress\/wp-content\/uploads\/2019\/09\/IMG_9047.jpg'><img loading=\"lazy\" decoding=\"async\" width=\"300\" height=\"200\" src=\"https:\/\/www.parrocchiasgibattista.it\/wordpress\/wp-content\/uploads\/2019\/09\/IMG_9047-300x200.jpg\" class=\"attachment-medium size-medium\" alt=\"\" srcset=\"https:\/\/www.parrocchiasgibattista.it\/wordpress\/wp-content\/uploads\/2019\/09\/IMG_9047-300x200.jpg 300w, https:\/\/www.parrocchiasgibattista.it\/wordpress\/wp-content\/uploads\/2019\/09\/IMG_9047-500x334.jpg 500w, https:\/\/www.parrocchiasgibattista.it\/wordpress\/wp-content\/uploads\/2019\/09\/IMG_9047-272x182.jpg 272w, https:\/\/www.parrocchiasgibattista.it\/wordpress\/wp-content\/uploads\/2019\/09\/IMG_9047.jpg 640w\" sizes=\"auto, (max-width: 300px) 100vw, 300px\" \/><\/a>\n\t\t\t<\/dt><\/dl><dl class='gallery-item'>\n\t\t\t<dt class='gallery-icon landscape'>\n\t\t\t\t<a href='https:\/\/www.parrocchiasgibattista.it\/wordpress\/wp-content\/uploads\/2019\/09\/IMG_9055.jpg'><img loading=\"lazy\" decoding=\"async\" width=\"300\" height=\"200\" src=\"https:\/\/www.parrocchiasgibattista.it\/wordpress\/wp-content\/uploads\/2019\/09\/IMG_9055-300x200.jpg\" class=\"attachment-medium size-medium\" alt=\"\" srcset=\"https:\/\/www.parrocchiasgibattista.it\/wordpress\/wp-content\/uploads\/2019\/09\/IMG_9055-300x200.jpg 300w, https:\/\/www.parrocchiasgibattista.it\/wordpress\/wp-content\/uploads\/2019\/09\/IMG_9055-500x334.jpg 500w, https:\/\/www.parrocchiasgibattista.it\/wordpress\/wp-content\/uploads\/2019\/09\/IMG_9055-272x182.jpg 272w, https:\/\/www.parrocchiasgibattista.it\/wordpress\/wp-content\/uploads\/2019\/09\/IMG_9055.jpg 640w\" sizes=\"auto, (max-width: 300px) 100vw, 300px\" \/><\/a>\n\t\t\t<\/dt><\/dl><dl class='gallery-item'>\n\t\t\t<dt class='gallery-icon landscape'>\n\t\t\t\t<a href='https:\/\/www.parrocchiasgibattista.it\/wordpress\/wp-content\/uploads\/2019\/09\/IMG_9031.jpg'><img loading=\"lazy\" decoding=\"async\" width=\"300\" height=\"200\" src=\"https:\/\/www.parrocchiasgibattista.it\/wordpress\/wp-content\/uploads\/2019\/09\/IMG_9031-300x200.jpg\" class=\"attachment-medium size-medium\" alt=\"\" srcset=\"https:\/\/www.parrocchiasgibattista.it\/wordpress\/wp-content\/uploads\/2019\/09\/IMG_9031-300x200.jpg 300w, https:\/\/www.parrocchiasgibattista.it\/wordpress\/wp-content\/uploads\/2019\/09\/IMG_9031-500x334.jpg 500w, https:\/\/www.parrocchiasgibattista.it\/wordpress\/wp-content\/uploads\/2019\/09\/IMG_9031-272x182.jpg 272w, https:\/\/www.parrocchiasgibattista.it\/wordpress\/wp-content\/uploads\/2019\/09\/IMG_9031.jpg 640w\" sizes=\"auto, (max-width: 300px) 100vw, 300px\" \/><\/a>\n\t\t\t<\/dt><\/dl><dl class='gallery-item'>\n\t\t\t<dt class='gallery-icon landscape'>\n\t\t\t\t<a href='https:\/\/www.parrocchiasgibattista.it\/wordpress\/wp-content\/uploads\/2019\/09\/IMG_9043.jpg'><img loading=\"lazy\" decoding=\"async\" width=\"300\" height=\"200\" src=\"https:\/\/www.parrocchiasgibattista.it\/wordpress\/wp-content\/uploads\/2019\/09\/IMG_9043-300x200.jpg\" class=\"attachment-medium size-medium\" alt=\"\" srcset=\"https:\/\/www.parrocchiasgibattista.it\/wordpress\/wp-content\/uploads\/2019\/09\/IMG_9043-300x200.jpg 300w, https:\/\/www.parrocchiasgibattista.it\/wordpress\/wp-content\/uploads\/2019\/09\/IMG_9043-500x334.jpg 500w, https:\/\/www.parrocchiasgibattista.it\/wordpress\/wp-content\/uploads\/2019\/09\/IMG_9043-272x182.jpg 272w, https:\/\/www.parrocchiasgibattista.it\/wordpress\/wp-content\/uploads\/2019\/09\/IMG_9043.jpg 640w\" sizes=\"auto, (max-width: 300px) 100vw, 300px\" \/><\/a>\n\t\t\t<\/dt><\/dl><br style=\"clear: both\" \/><dl class='gallery-item'>\n\t\t\t<dt class='gallery-icon landscape'>\n\t\t\t\t<a href='https:\/\/www.parrocchiasgibattista.it\/wordpress\/wp-content\/uploads\/2019\/09\/IMG_9044.jpg'><img loading=\"lazy\" decoding=\"async\" width=\"300\" height=\"200\" src=\"https:\/\/www.parrocchiasgibattista.it\/wordpress\/wp-content\/uploads\/2019\/09\/IMG_9044-300x200.jpg\" class=\"attachment-medium size-medium\" alt=\"\" srcset=\"https:\/\/www.parrocchiasgibattista.it\/wordpress\/wp-content\/uploads\/2019\/09\/IMG_9044-300x200.jpg 300w, https:\/\/www.parrocchiasgibattista.it\/wordpress\/wp-content\/uploads\/2019\/09\/IMG_9044-500x334.jpg 500w, https:\/\/www.parrocchiasgibattista.it\/wordpress\/wp-content\/uploads\/2019\/09\/IMG_9044-272x182.jpg 272w, https:\/\/www.parrocchiasgibattista.it\/wordpress\/wp-content\/uploads\/2019\/09\/IMG_9044.jpg 640w\" sizes=\"auto, (max-width: 300px) 100vw, 300px\" \/><\/a>\n\t\t\t<\/dt><\/dl><dl class='gallery-item'>\n\t\t\t<dt class='gallery-icon landscape'>\n\t\t\t\t<a href='https:\/\/www.parrocchiasgibattista.it\/wordpress\/wp-content\/uploads\/2019\/09\/IMG_9062.jpg'><img loading=\"lazy\" decoding=\"async\" width=\"300\" height=\"200\" src=\"https:\/\/www.parrocchiasgibattista.it\/wordpress\/wp-content\/uploads\/2019\/09\/IMG_9062-300x200.jpg\" class=\"attachment-medium size-medium\" alt=\"\" srcset=\"https:\/\/www.parrocchiasgibattista.it\/wordpress\/wp-content\/uploads\/2019\/09\/IMG_9062-300x200.jpg 300w, https:\/\/www.parrocchiasgibattista.it\/wordpress\/wp-content\/uploads\/2019\/09\/IMG_9062-500x334.jpg 500w, https:\/\/www.parrocchiasgibattista.it\/wordpress\/wp-content\/uploads\/2019\/09\/IMG_9062-272x182.jpg 272w, https:\/\/www.parrocchiasgibattista.it\/wordpress\/wp-content\/uploads\/2019\/09\/IMG_9062.jpg 640w\" sizes=\"auto, (max-width: 300px) 100vw, 300px\" \/><\/a>\n\t\t\t<\/dt><\/dl><dl class='gallery-item'>\n\t\t\t<dt class='gallery-icon landscape'>\n\t\t\t\t<a href='https:\/\/www.parrocchiasgibattista.it\/wordpress\/wp-content\/uploads\/2019\/09\/IMG_9065.jpg'><img loading=\"lazy\" decoding=\"async\" width=\"300\" height=\"200\" src=\"https:\/\/www.parrocchiasgibattista.it\/wordpress\/wp-content\/uploads\/2019\/09\/IMG_9065-300x200.jpg\" class=\"attachment-medium size-medium\" alt=\"\" srcset=\"https:\/\/www.parrocchiasgibattista.it\/wordpress\/wp-content\/uploads\/2019\/09\/IMG_9065-300x200.jpg 300w, https:\/\/www.parrocchiasgibattista.it\/wordpress\/wp-content\/uploads\/2019\/09\/IMG_9065-500x334.jpg 500w, https:\/\/www.parrocchiasgibattista.it\/wordpress\/wp-content\/uploads\/2019\/09\/IMG_9065-272x182.jpg 272w, https:\/\/www.parrocchiasgibattista.it\/wordpress\/wp-content\/uploads\/2019\/09\/IMG_9065.jpg 640w\" sizes=\"auto, (max-width: 300px) 100vw, 300px\" \/><\/a>\n\t\t\t<\/dt><\/dl><dl class='gallery-item'>\n\t\t\t<dt class='gallery-icon landscape'>\n\t\t\t\t<a href='https:\/\/www.parrocchiasgibattista.it\/wordpress\/wp-content\/uploads\/2019\/09\/IMG_9066.jpg'><img loading=\"lazy\" decoding=\"async\" width=\"300\" height=\"200\" src=\"https:\/\/www.parrocchiasgibattista.it\/wordpress\/wp-content\/uploads\/2019\/09\/IMG_9066-300x200.jpg\" class=\"attachment-medium size-medium\" alt=\"\" srcset=\"https:\/\/www.parrocchiasgibattista.it\/wordpress\/wp-content\/uploads\/2019\/09\/IMG_9066-300x200.jpg 300w, https:\/\/www.parrocchiasgibattista.it\/wordpress\/wp-content\/uploads\/2019\/09\/IMG_9066-500x334.jpg 500w, https:\/\/www.parrocchiasgibattista.it\/wordpress\/wp-content\/uploads\/2019\/09\/IMG_9066-272x182.jpg 272w, https:\/\/www.parrocchiasgibattista.it\/wordpress\/wp-content\/uploads\/2019\/09\/IMG_9066.jpg 640w\" sizes=\"auto, (max-width: 300px) 100vw, 300px\" \/><\/a>\n\t\t\t<\/dt><\/dl><br style=\"clear: both\" \/><dl class='gallery-item'>\n\t\t\t<dt class='gallery-icon landscape'>\n\t\t\t\t<a href='https:\/\/www.parrocchiasgibattista.it\/wordpress\/wp-content\/uploads\/2019\/09\/IMG_9067.jpg'><img loading=\"lazy\" decoding=\"async\" width=\"300\" height=\"200\" src=\"https:\/\/www.parrocchiasgibattista.it\/wordpress\/wp-content\/uploads\/2019\/09\/IMG_9067-300x200.jpg\" class=\"attachment-medium size-medium\" alt=\"\" srcset=\"https:\/\/www.parrocchiasgibattista.it\/wordpress\/wp-content\/uploads\/2019\/09\/IMG_9067-300x200.jpg 300w, https:\/\/www.parrocchiasgibattista.it\/wordpress\/wp-content\/uploads\/2019\/09\/IMG_9067-500x334.jpg 500w, https:\/\/www.parrocchiasgibattista.it\/wordpress\/wp-content\/uploads\/2019\/09\/IMG_9067-272x182.jpg 272w, https:\/\/www.parrocchiasgibattista.it\/wordpress\/wp-content\/uploads\/2019\/09\/IMG_9067.jpg 640w\" sizes=\"auto, (max-width: 300px) 100vw, 300px\" \/><\/a>\n\t\t\t<\/dt><\/dl><dl class='gallery-item'>\n\t\t\t<dt class='gallery-icon landscape'>\n\t\t\t\t<a href='https:\/\/www.parrocchiasgibattista.it\/wordpress\/wp-content\/uploads\/2019\/09\/IMG_9068.jpg'><img loading=\"lazy\" decoding=\"async\" width=\"300\" height=\"200\" src=\"https:\/\/www.parrocchiasgibattista.it\/wordpress\/wp-content\/uploads\/2019\/09\/IMG_9068-300x200.jpg\" class=\"attachment-medium size-medium\" alt=\"\" srcset=\"https:\/\/www.parrocchiasgibattista.it\/wordpress\/wp-content\/uploads\/2019\/09\/IMG_9068-300x200.jpg 300w, https:\/\/www.parrocchiasgibattista.it\/wordpress\/wp-content\/uploads\/2019\/09\/IMG_9068-500x334.jpg 500w, https:\/\/www.parrocchiasgibattista.it\/wordpress\/wp-content\/uploads\/2019\/09\/IMG_9068-272x182.jpg 272w, https:\/\/www.parrocchiasgibattista.it\/wordpress\/wp-content\/uploads\/2019\/09\/IMG_9068.jpg 640w\" sizes=\"auto, (max-width: 300px) 100vw, 300px\" \/><\/a>\n\t\t\t<\/dt><\/dl><dl class='gallery-item'>\n\t\t\t<dt class='gallery-icon landscape'>\n\t\t\t\t<a href='https:\/\/www.parrocchiasgibattista.it\/wordpress\/wp-content\/uploads\/2019\/09\/IMG_9073.jpg'><img loading=\"lazy\" decoding=\"async\" width=\"300\" height=\"200\" src=\"https:\/\/www.parrocchiasgibattista.it\/wordpress\/wp-content\/uploads\/2019\/09\/IMG_9073-300x200.jpg\" class=\"attachment-medium size-medium\" alt=\"\" srcset=\"https:\/\/www.parrocchiasgibattista.it\/wordpress\/wp-content\/uploads\/2019\/09\/IMG_9073-300x200.jpg 300w, https:\/\/www.parrocchiasgibattista.it\/wordpress\/wp-content\/uploads\/2019\/09\/IMG_9073-500x334.jpg 500w, https:\/\/www.parrocchiasgibattista.it\/wordpress\/wp-content\/uploads\/2019\/09\/IMG_9073-272x182.jpg 272w, https:\/\/www.parrocchiasgibattista.it\/wordpress\/wp-content\/uploads\/2019\/09\/IMG_9073.jpg 640w\" sizes=\"auto, (max-width: 300px) 100vw, 300px\" \/><\/a>\n\t\t\t<\/dt><\/dl><dl class='gallery-item'>\n\t\t\t<dt class='gallery-icon landscape'>\n\t\t\t\t<a href='https:\/\/www.parrocchiasgibattista.it\/wordpress\/wp-content\/uploads\/2019\/09\/IMG_9074.jpg'><img loading=\"lazy\" decoding=\"async\" width=\"300\" height=\"200\" src=\"https:\/\/www.parrocchiasgibattista.it\/wordpress\/wp-content\/uploads\/2019\/09\/IMG_9074-300x200.jpg\" class=\"attachment-medium size-medium\" alt=\"\" srcset=\"https:\/\/www.parrocchiasgibattista.it\/wordpress\/wp-content\/uploads\/2019\/09\/IMG_9074-300x200.jpg 300w, https:\/\/www.parrocchiasgibattista.it\/wordpress\/wp-content\/uploads\/2019\/09\/IMG_9074-500x334.jpg 500w, https:\/\/www.parrocchiasgibattista.it\/wordpress\/wp-content\/uploads\/2019\/09\/IMG_9074-272x182.jpg 272w, https:\/\/www.parrocchiasgibattista.it\/wordpress\/wp-content\/uploads\/2019\/09\/IMG_9074.jpg 640w\" sizes=\"auto, (max-width: 300px) 100vw, 300px\" \/><\/a>\n\t\t\t<\/dt><\/dl><br style=\"clear: both\" \/><dl class='gallery-item'>\n\t\t\t<dt class='gallery-icon landscape'>\n\t\t\t\t<a href='https:\/\/www.parrocchiasgibattista.it\/wordpress\/wp-content\/uploads\/2019\/09\/IMG_9077.jpg'><img loading=\"lazy\" decoding=\"async\" width=\"300\" height=\"200\" src=\"https:\/\/www.parrocchiasgibattista.it\/wordpress\/wp-content\/uploads\/2019\/09\/IMG_9077-300x200.jpg\" class=\"attachment-medium size-medium\" alt=\"\" srcset=\"https:\/\/www.parrocchiasgibattista.it\/wordpress\/wp-content\/uploads\/2019\/09\/IMG_9077-300x200.jpg 300w, https:\/\/www.parrocchiasgibattista.it\/wordpress\/wp-content\/uploads\/2019\/09\/IMG_9077-500x334.jpg 500w, https:\/\/www.parrocchiasgibattista.it\/wordpress\/wp-content\/uploads\/2019\/09\/IMG_9077-272x182.jpg 272w, https:\/\/www.parrocchiasgibattista.it\/wordpress\/wp-content\/uploads\/2019\/09\/IMG_9077.jpg 640w\" sizes=\"auto, (max-width: 300px) 100vw, 300px\" \/><\/a>\n\t\t\t<\/dt><\/dl><dl class='gallery-item'>\n\t\t\t<dt class='gallery-icon landscape'>\n\t\t\t\t<a href='https:\/\/www.parrocchiasgibattista.it\/wordpress\/wp-content\/uploads\/2019\/09\/IMG_9078.jpg'><img loading=\"lazy\" decoding=\"async\" width=\"300\" height=\"200\" src=\"https:\/\/www.parrocchiasgibattista.it\/wordpress\/wp-content\/uploads\/2019\/09\/IMG_9078-300x200.jpg\" class=\"attachment-medium size-medium\" alt=\"\" srcset=\"https:\/\/www.parrocchiasgibattista.it\/wordpress\/wp-content\/uploads\/2019\/09\/IMG_9078-300x200.jpg 300w, https:\/\/www.parrocchiasgibattista.it\/wordpress\/wp-content\/uploads\/2019\/09\/IMG_9078-500x334.jpg 500w, https:\/\/www.parrocchiasgibattista.it\/wordpress\/wp-content\/uploads\/2019\/09\/IMG_9078-272x182.jpg 272w, https:\/\/www.parrocchiasgibattista.it\/wordpress\/wp-content\/uploads\/2019\/09\/IMG_9078.jpg 640w\" sizes=\"auto, (max-width: 300px) 100vw, 300px\" \/><\/a>\n\t\t\t<\/dt><\/dl><dl class='gallery-item'>\n\t\t\t<dt class='gallery-icon landscape'>\n\t\t\t\t<a href='https:\/\/www.parrocchiasgibattista.it\/wordpress\/wp-content\/uploads\/2019\/09\/IMG_9079.jpg'><img loading=\"lazy\" decoding=\"async\" width=\"300\" height=\"200\" src=\"https:\/\/www.parrocchiasgibattista.it\/wordpress\/wp-content\/uploads\/2019\/09\/IMG_9079-300x200.jpg\" class=\"attachment-medium size-medium\" alt=\"\" srcset=\"https:\/\/www.parrocchiasgibattista.it\/wordpress\/wp-content\/uploads\/2019\/09\/IMG_9079-300x200.jpg 300w, https:\/\/www.parrocchiasgibattista.it\/wordpress\/wp-content\/uploads\/2019\/09\/IMG_9079-500x334.jpg 500w, https:\/\/www.parrocchiasgibattista.it\/wordpress\/wp-content\/uploads\/2019\/09\/IMG_9079-272x182.jpg 272w, https:\/\/www.parrocchiasgibattista.it\/wordpress\/wp-content\/uploads\/2019\/09\/IMG_9079.jpg 640w\" sizes=\"auto, (max-width: 300px) 100vw, 300px\" \/><\/a>\n\t\t\t<\/dt><\/dl><dl class='gallery-item'>\n\t\t\t<dt class='gallery-icon landscape'>\n\t\t\t\t<a href='https:\/\/www.parrocchiasgibattista.it\/wordpress\/wp-content\/uploads\/2019\/09\/IMG_9081.jpg'><img loading=\"lazy\" decoding=\"async\" width=\"300\" height=\"200\" src=\"https:\/\/www.parrocchiasgibattista.it\/wordpress\/wp-content\/uploads\/2019\/09\/IMG_9081-300x200.jpg\" class=\"attachment-medium size-medium\" alt=\"\" srcset=\"https:\/\/www.parrocchiasgibattista.it\/wordpress\/wp-content\/uploads\/2019\/09\/IMG_9081-300x200.jpg 300w, https:\/\/www.parrocchiasgibattista.it\/wordpress\/wp-content\/uploads\/2019\/09\/IMG_9081-500x334.jpg 500w, https:\/\/www.parrocchiasgibattista.it\/wordpress\/wp-content\/uploads\/2019\/09\/IMG_9081-272x182.jpg 272w, https:\/\/www.parrocchiasgibattista.it\/wordpress\/wp-content\/uploads\/2019\/09\/IMG_9081.jpg 640w\" sizes=\"auto, (max-width: 300px) 100vw, 300px\" \/><\/a>\n\t\t\t<\/dt><\/dl><br style=\"clear: both\" \/><dl class='gallery-item'>\n\t\t\t<dt class='gallery-icon landscape'>\n\t\t\t\t<a href='https:\/\/www.parrocchiasgibattista.it\/wordpress\/wp-content\/uploads\/2019\/09\/IMG_9085.jpg'><img loading=\"lazy\" decoding=\"async\" width=\"300\" height=\"200\" src=\"https:\/\/www.parrocchiasgibattista.it\/wordpress\/wp-content\/uploads\/2019\/09\/IMG_9085-300x200.jpg\" class=\"attachment-medium size-medium\" alt=\"\" srcset=\"https:\/\/www.parrocchiasgibattista.it\/wordpress\/wp-content\/uploads\/2019\/09\/IMG_9085-300x200.jpg 300w, https:\/\/www.parrocchiasgibattista.it\/wordpress\/wp-content\/uploads\/2019\/09\/IMG_9085-500x334.jpg 500w, https:\/\/www.parrocchiasgibattista.it\/wordpress\/wp-content\/uploads\/2019\/09\/IMG_9085-272x182.jpg 272w, https:\/\/www.parrocchiasgibattista.it\/wordpress\/wp-content\/uploads\/2019\/09\/IMG_9085.jpg 640w\" sizes=\"auto, (max-width: 300px) 100vw, 300px\" \/><\/a>\n\t\t\t<\/dt><\/dl><dl class='gallery-item'>\n\t\t\t<dt class='gallery-icon landscape'>\n\t\t\t\t<a href='https:\/\/www.parrocchiasgibattista.it\/wordpress\/wp-content\/uploads\/2019\/09\/IMG_9091.jpg'><img loading=\"lazy\" decoding=\"async\" width=\"300\" height=\"200\" src=\"https:\/\/www.parrocchiasgibattista.it\/wordpress\/wp-content\/uploads\/2019\/09\/IMG_9091-300x200.jpg\" class=\"attachment-medium size-medium\" alt=\"\" srcset=\"https:\/\/www.parrocchiasgibattista.it\/wordpress\/wp-content\/uploads\/2019\/09\/IMG_9091-300x200.jpg 300w, https:\/\/www.parrocchiasgibattista.it\/wordpress\/wp-content\/uploads\/2019\/09\/IMG_9091-500x334.jpg 500w, https:\/\/www.parrocchiasgibattista.it\/wordpress\/wp-content\/uploads\/2019\/09\/IMG_9091-272x182.jpg 272w, https:\/\/www.parrocchiasgibattista.it\/wordpress\/wp-content\/uploads\/2019\/09\/IMG_9091.jpg 640w\" sizes=\"auto, (max-width: 300px) 100vw, 300px\" \/><\/a>\n\t\t\t<\/dt><\/dl><dl class='gallery-item'>\n\t\t\t<dt class='gallery-icon landscape'>\n\t\t\t\t<a href='https:\/\/www.parrocchiasgibattista.it\/wordpress\/wp-content\/uploads\/2019\/09\/IMG_9094.jpg'><img loading=\"lazy\" decoding=\"async\" width=\"300\" height=\"200\" src=\"https:\/\/www.parrocchiasgibattista.it\/wordpress\/wp-content\/uploads\/2019\/09\/IMG_9094-300x200.jpg\" class=\"attachment-medium size-medium\" alt=\"\" srcset=\"https:\/\/www.parrocchiasgibattista.it\/wordpress\/wp-content\/uploads\/2019\/09\/IMG_9094-300x200.jpg 300w, https:\/\/www.parrocchiasgibattista.it\/wordpress\/wp-content\/uploads\/2019\/09\/IMG_9094-500x334.jpg 500w, https:\/\/www.parrocchiasgibattista.it\/wordpress\/wp-content\/uploads\/2019\/09\/IMG_9094-272x182.jpg 272w, https:\/\/www.parrocchiasgibattista.it\/wordpress\/wp-content\/uploads\/2019\/09\/IMG_9094.jpg 640w\" sizes=\"auto, (max-width: 300px) 100vw, 300px\" \/><\/a>\n\t\t\t<\/dt><\/dl><dl class='gallery-item'>\n\t\t\t<dt class='gallery-icon landscape'>\n\t\t\t\t<a href='https:\/\/www.parrocchiasgibattista.it\/wordpress\/wp-content\/uploads\/2019\/09\/IMG_9095.jpg'><img loading=\"lazy\" decoding=\"async\" width=\"300\" height=\"200\" src=\"https:\/\/www.parrocchiasgibattista.it\/wordpress\/wp-content\/uploads\/2019\/09\/IMG_9095-300x200.jpg\" class=\"attachment-medium size-medium\" alt=\"\" srcset=\"https:\/\/www.parrocchiasgibattista.it\/wordpress\/wp-content\/uploads\/2019\/09\/IMG_9095-300x200.jpg 300w, https:\/\/www.parrocchiasgibattista.it\/wordpress\/wp-content\/uploads\/2019\/09\/IMG_9095-500x334.jpg 500w, https:\/\/www.parrocchiasgibattista.it\/wordpress\/wp-content\/uploads\/2019\/09\/IMG_9095-272x182.jpg 272w, https:\/\/www.parrocchiasgibattista.it\/wordpress\/wp-content\/uploads\/2019\/09\/IMG_9095.jpg 640w\" sizes=\"auto, (max-width: 300px) 100vw, 300px\" \/><\/a>\n\t\t\t<\/dt><\/dl><br style=\"clear: both\" \/><dl class='gallery-item'>\n\t\t\t<dt class='gallery-icon landscape'>\n\t\t\t\t<a href='https:\/\/www.parrocchiasgibattista.it\/wordpress\/wp-content\/uploads\/2019\/09\/IMG_9096.jpg'><img loading=\"lazy\" decoding=\"async\" width=\"300\" height=\"200\" src=\"https:\/\/www.parrocchiasgibattista.it\/wordpress\/wp-content\/uploads\/2019\/09\/IMG_9096-300x200.jpg\" class=\"attachment-medium size-medium\" alt=\"\" srcset=\"https:\/\/www.parrocchiasgibattista.it\/wordpress\/wp-content\/uploads\/2019\/09\/IMG_9096-300x200.jpg 300w, https:\/\/www.parrocchiasgibattista.it\/wordpress\/wp-content\/uploads\/2019\/09\/IMG_9096-500x334.jpg 500w, https:\/\/www.parrocchiasgibattista.it\/wordpress\/wp-content\/uploads\/2019\/09\/IMG_9096-272x182.jpg 272w, https:\/\/www.parrocchiasgibattista.it\/wordpress\/wp-content\/uploads\/2019\/09\/IMG_9096.jpg 640w\" sizes=\"auto, (max-width: 300px) 100vw, 300px\" \/><\/a>\n\t\t\t<\/dt><\/dl><dl class='gallery-item'>\n\t\t\t<dt class='gallery-icon landscape'>\n\t\t\t\t<a href='https:\/\/www.parrocchiasgibattista.it\/wordpress\/wp-content\/uploads\/2019\/09\/IMG_9098.jpg'><img loading=\"lazy\" decoding=\"async\" width=\"300\" height=\"200\" src=\"https:\/\/www.parrocchiasgibattista.it\/wordpress\/wp-content\/uploads\/2019\/09\/IMG_9098-300x200.jpg\" class=\"attachment-medium size-medium\" alt=\"\" srcset=\"https:\/\/www.parrocchiasgibattista.it\/wordpress\/wp-content\/uploads\/2019\/09\/IMG_9098-300x200.jpg 300w, https:\/\/www.parrocchiasgibattista.it\/wordpress\/wp-content\/uploads\/2019\/09\/IMG_9098-500x334.jpg 500w, https:\/\/www.parrocchiasgibattista.it\/wordpress\/wp-content\/uploads\/2019\/09\/IMG_9098-272x182.jpg 272w, https:\/\/www.parrocchiasgibattista.it\/wordpress\/wp-content\/uploads\/2019\/09\/IMG_9098.jpg 640w\" sizes=\"auto, (max-width: 300px) 100vw, 300px\" \/><\/a>\n\t\t\t<\/dt><\/dl><dl class='gallery-item'>\n\t\t\t<dt class='gallery-icon landscape'>\n\t\t\t\t<a href='https:\/\/www.parrocchiasgibattista.it\/wordpress\/wp-content\/uploads\/2019\/09\/IMG_9101.jpg'><img loading=\"lazy\" decoding=\"async\" width=\"300\" height=\"200\" src=\"https:\/\/www.parrocchiasgibattista.it\/wordpress\/wp-content\/uploads\/2019\/09\/IMG_9101-300x200.jpg\" class=\"attachment-medium size-medium\" alt=\"\" srcset=\"https:\/\/www.parrocchiasgibattista.it\/wordpress\/wp-content\/uploads\/2019\/09\/IMG_9101-300x200.jpg 300w, https:\/\/www.parrocchiasgibattista.it\/wordpress\/wp-content\/uploads\/2019\/09\/IMG_9101-500x334.jpg 500w, https:\/\/www.parrocchiasgibattista.it\/wordpress\/wp-content\/uploads\/2019\/09\/IMG_9101-272x182.jpg 272w, https:\/\/www.parrocchiasgibattista.it\/wordpress\/wp-content\/uploads\/2019\/09\/IMG_9101.jpg 640w\" sizes=\"auto, (max-width: 300px) 100vw, 300px\" \/><\/a>\n\t\t\t<\/dt><\/dl><dl class='gallery-item'>\n\t\t\t<dt class='gallery-icon landscape'>\n\t\t\t\t<a href='https:\/\/www.parrocchiasgibattista.it\/wordpress\/wp-content\/uploads\/2019\/09\/IMG_9103.jpg'><img loading=\"lazy\" decoding=\"async\" width=\"300\" height=\"200\" src=\"https:\/\/www.parrocchiasgibattista.it\/wordpress\/wp-content\/uploads\/2019\/09\/IMG_9103-300x200.jpg\" class=\"attachment-medium size-medium\" alt=\"\" srcset=\"https:\/\/www.parrocchiasgibattista.it\/wordpress\/wp-content\/uploads\/2019\/09\/IMG_9103-300x200.jpg 300w, https:\/\/www.parrocchiasgibattista.it\/wordpress\/wp-content\/uploads\/2019\/09\/IMG_9103-500x334.jpg 500w, https:\/\/www.parrocchiasgibattista.it\/wordpress\/wp-content\/uploads\/2019\/09\/IMG_9103-272x182.jpg 272w, https:\/\/www.parrocchiasgibattista.it\/wordpress\/wp-content\/uploads\/2019\/09\/IMG_9103.jpg 640w\" sizes=\"auto, (max-width: 300px) 100vw, 300px\" \/><\/a>\n\t\t\t<\/dt><\/dl><br style=\"clear: both\" \/><dl class='gallery-item'>\n\t\t\t<dt class='gallery-icon landscape'>\n\t\t\t\t<a href='https:\/\/www.parrocchiasgibattista.it\/wordpress\/wp-content\/uploads\/2019\/09\/IMG_9104.jpg'><img loading=\"lazy\" decoding=\"async\" width=\"300\" height=\"200\" src=\"https:\/\/www.parrocchiasgibattista.it\/wordpress\/wp-content\/uploads\/2019\/09\/IMG_9104-300x200.jpg\" class=\"attachment-medium size-medium\" alt=\"\" srcset=\"https:\/\/www.parrocchiasgibattista.it\/wordpress\/wp-content\/uploads\/2019\/09\/IMG_9104-300x200.jpg 300w, https:\/\/www.parrocchiasgibattista.it\/wordpress\/wp-content\/uploads\/2019\/09\/IMG_9104-500x334.jpg 500w, https:\/\/www.parrocchiasgibattista.it\/wordpress\/wp-content\/uploads\/2019\/09\/IMG_9104-272x182.jpg 272w, https:\/\/www.parrocchiasgibattista.it\/wordpress\/wp-content\/uploads\/2019\/09\/IMG_9104.jpg 640w\" sizes=\"auto, (max-width: 300px) 100vw, 300px\" \/><\/a>\n\t\t\t<\/dt><\/dl><dl class='gallery-item'>\n\t\t\t<dt class='gallery-icon landscape'>\n\t\t\t\t<a href='https:\/\/www.parrocchiasgibattista.it\/wordpress\/wp-content\/uploads\/2019\/09\/IMG_9105.jpg'><img loading=\"lazy\" decoding=\"async\" width=\"300\" height=\"200\" src=\"https:\/\/www.parrocchiasgibattista.it\/wordpress\/wp-content\/uploads\/2019\/09\/IMG_9105-300x200.jpg\" class=\"attachment-medium size-medium\" alt=\"\" srcset=\"https:\/\/www.parrocchiasgibattista.it\/wordpress\/wp-content\/uploads\/2019\/09\/IMG_9105-300x200.jpg 300w, https:\/\/www.parrocchiasgibattista.it\/wordpress\/wp-content\/uploads\/2019\/09\/IMG_9105-500x334.jpg 500w, https:\/\/www.parrocchiasgibattista.it\/wordpress\/wp-content\/uploads\/2019\/09\/IMG_9105-272x182.jpg 272w, https:\/\/www.parrocchiasgibattista.it\/wordpress\/wp-content\/uploads\/2019\/09\/IMG_9105.jpg 640w\" sizes=\"auto, (max-width: 300px) 100vw, 300px\" \/><\/a>\n\t\t\t<\/dt><\/dl><dl class='gallery-item'>\n\t\t\t<dt class='gallery-icon landscape'>\n\t\t\t\t<a href='https:\/\/www.parrocchiasgibattista.it\/wordpress\/wp-content\/uploads\/2019\/09\/IMG_9106.jpg'><img loading=\"lazy\" decoding=\"async\" width=\"300\" height=\"200\" src=\"https:\/\/www.parrocchiasgibattista.it\/wordpress\/wp-content\/uploads\/2019\/09\/IMG_9106-300x200.jpg\" class=\"attachment-medium size-medium\" alt=\"\" srcset=\"https:\/\/www.parrocchiasgibattista.it\/wordpress\/wp-content\/uploads\/2019\/09\/IMG_9106-300x200.jpg 300w, https:\/\/www.parrocchiasgibattista.it\/wordpress\/wp-content\/uploads\/2019\/09\/IMG_9106-500x334.jpg 500w, https:\/\/www.parrocchiasgibattista.it\/wordpress\/wp-content\/uploads\/2019\/09\/IMG_9106-272x182.jpg 272w, https:\/\/www.parrocchiasgibattista.it\/wordpress\/wp-content\/uploads\/2019\/09\/IMG_9106.jpg 640w\" sizes=\"auto, (max-width: 300px) 100vw, 300px\" \/><\/a>\n\t\t\t<\/dt><\/dl><dl class='gallery-item'>\n\t\t\t<dt class='gallery-icon landscape'>\n\t\t\t\t<a href='https:\/\/www.parrocchiasgibattista.it\/wordpress\/wp-content\/uploads\/2019\/09\/IMG_9107.jpg'><img loading=\"lazy\" decoding=\"async\" width=\"300\" height=\"200\" src=\"https:\/\/www.parrocchiasgibattista.it\/wordpress\/wp-content\/uploads\/2019\/09\/IMG_9107-300x200.jpg\" class=\"attachment-medium size-medium\" alt=\"\" srcset=\"https:\/\/www.parrocchiasgibattista.it\/wordpress\/wp-content\/uploads\/2019\/09\/IMG_9107-300x200.jpg 300w, https:\/\/www.parrocchiasgibattista.it\/wordpress\/wp-content\/uploads\/2019\/09\/IMG_9107-500x334.jpg 500w, https:\/\/www.parrocchiasgibattista.it\/wordpress\/wp-content\/uploads\/2019\/09\/IMG_9107-272x182.jpg 272w, https:\/\/www.parrocchiasgibattista.it\/wordpress\/wp-content\/uploads\/2019\/09\/IMG_9107.jpg 640w\" sizes=\"auto, (max-width: 300px) 100vw, 300px\" \/><\/a>\n\t\t\t<\/dt><\/dl><br style=\"clear: both\" \/><dl class='gallery-item'>\n\t\t\t<dt class='gallery-icon landscape'>\n\t\t\t\t<a href='https:\/\/www.parrocchiasgibattista.it\/wordpress\/wp-content\/uploads\/2019\/09\/IMG_9108.jpg'><img loading=\"lazy\" decoding=\"async\" width=\"300\" height=\"200\" src=\"https:\/\/www.parrocchiasgibattista.it\/wordpress\/wp-content\/uploads\/2019\/09\/IMG_9108-300x200.jpg\" class=\"attachment-medium size-medium\" alt=\"\" srcset=\"https:\/\/www.parrocchiasgibattista.it\/wordpress\/wp-content\/uploads\/2019\/09\/IMG_9108-300x200.jpg 300w, https:\/\/www.parrocchiasgibattista.it\/wordpress\/wp-content\/uploads\/2019\/09\/IMG_9108-500x334.jpg 500w, https:\/\/www.parrocchiasgibattista.it\/wordpress\/wp-content\/uploads\/2019\/09\/IMG_9108-272x182.jpg 272w, https:\/\/www.parrocchiasgibattista.it\/wordpress\/wp-content\/uploads\/2019\/09\/IMG_9108.jpg 640w\" sizes=\"auto, (max-width: 300px) 100vw, 300px\" \/><\/a>\n\t\t\t<\/dt><\/dl><dl class='gallery-item'>\n\t\t\t<dt class='gallery-icon landscape'>\n\t\t\t\t<a href='https:\/\/www.parrocchiasgibattista.it\/wordpress\/wp-content\/uploads\/2019\/09\/IMG_9110.jpg'><img loading=\"lazy\" decoding=\"async\" width=\"300\" height=\"200\" src=\"https:\/\/www.parrocchiasgibattista.it\/wordpress\/wp-content\/uploads\/2019\/09\/IMG_9110-300x200.jpg\" class=\"attachment-medium size-medium\" alt=\"\" srcset=\"https:\/\/www.parrocchiasgibattista.it\/wordpress\/wp-content\/uploads\/2019\/09\/IMG_9110-300x200.jpg 300w, https:\/\/www.parrocchiasgibattista.it\/wordpress\/wp-content\/uploads\/2019\/09\/IMG_9110-500x334.jpg 500w, https:\/\/www.parrocchiasgibattista.it\/wordpress\/wp-content\/uploads\/2019\/09\/IMG_9110-272x182.jpg 272w, https:\/\/www.parrocchiasgibattista.it\/wordpress\/wp-content\/uploads\/2019\/09\/IMG_9110.jpg 640w\" sizes=\"auto, (max-width: 300px) 100vw, 300px\" \/><\/a>\n\t\t\t<\/dt><\/dl><dl class='gallery-item'>\n\t\t\t<dt class='gallery-icon landscape'>\n\t\t\t\t<a href='https:\/\/www.parrocchiasgibattista.it\/wordpress\/wp-content\/uploads\/2019\/09\/IMG_9112.jpg'><img loading=\"lazy\" decoding=\"async\" width=\"300\" height=\"200\" src=\"https:\/\/www.parrocchiasgibattista.it\/wordpress\/wp-content\/uploads\/2019\/09\/IMG_9112-300x200.jpg\" class=\"attachment-medium size-medium\" alt=\"\" srcset=\"https:\/\/www.parrocchiasgibattista.it\/wordpress\/wp-content\/uploads\/2019\/09\/IMG_9112-300x200.jpg 300w, https:\/\/www.parrocchiasgibattista.it\/wordpress\/wp-content\/uploads\/2019\/09\/IMG_9112-500x334.jpg 500w, https:\/\/www.parrocchiasgibattista.it\/wordpress\/wp-content\/uploads\/2019\/09\/IMG_9112-272x182.jpg 272w, https:\/\/www.parrocchiasgibattista.it\/wordpress\/wp-content\/uploads\/2019\/09\/IMG_9112.jpg 640w\" sizes=\"auto, (max-width: 300px) 100vw, 300px\" \/><\/a>\n\t\t\t<\/dt><\/dl><dl class='gallery-item'>\n\t\t\t<dt class='gallery-icon landscape'>\n\t\t\t\t<a href='https:\/\/www.parrocchiasgibattista.it\/wordpress\/wp-content\/uploads\/2019\/09\/IMG_9113.jpg'><img loading=\"lazy\" decoding=\"async\" width=\"300\" height=\"200\" src=\"https:\/\/www.parrocchiasgibattista.it\/wordpress\/wp-content\/uploads\/2019\/09\/IMG_9113-300x200.jpg\" class=\"attachment-medium size-medium\" alt=\"\" srcset=\"https:\/\/www.parrocchiasgibattista.it\/wordpress\/wp-content\/uploads\/2019\/09\/IMG_9113-300x200.jpg 300w, https:\/\/www.parrocchiasgibattista.it\/wordpress\/wp-content\/uploads\/2019\/09\/IMG_9113-500x334.jpg 500w, https:\/\/www.parrocchiasgibattista.it\/wordpress\/wp-content\/uploads\/2019\/09\/IMG_9113-272x182.jpg 272w, https:\/\/www.parrocchiasgibattista.it\/wordpress\/wp-content\/uploads\/2019\/09\/IMG_9113.jpg 640w\" sizes=\"auto, (max-width: 300px) 100vw, 300px\" \/><\/a>\n\t\t\t<\/dt><\/dl><br style=\"clear: both\" \/><dl class='gallery-item'>\n\t\t\t<dt class='gallery-icon landscape'>\n\t\t\t\t<a href='https:\/\/www.parrocchiasgibattista.it\/wordpress\/wp-content\/uploads\/2019\/09\/IMG_9115.jpg'><img loading=\"lazy\" decoding=\"async\" width=\"300\" height=\"200\" src=\"https:\/\/www.parrocchiasgibattista.it\/wordpress\/wp-content\/uploads\/2019\/09\/IMG_9115-300x200.jpg\" class=\"attachment-medium size-medium\" alt=\"\" srcset=\"https:\/\/www.parrocchiasgibattista.it\/wordpress\/wp-content\/uploads\/2019\/09\/IMG_9115-300x200.jpg 300w, https:\/\/www.parrocchiasgibattista.it\/wordpress\/wp-content\/uploads\/2019\/09\/IMG_9115-500x334.jpg 500w, https:\/\/www.parrocchiasgibattista.it\/wordpress\/wp-content\/uploads\/2019\/09\/IMG_9115-272x182.jpg 272w, https:\/\/www.parrocchiasgibattista.it\/wordpress\/wp-content\/uploads\/2019\/09\/IMG_9115.jpg 640w\" sizes=\"auto, (max-width: 300px) 100vw, 300px\" \/><\/a>\n\t\t\t<\/dt><\/dl><dl class='gallery-item'>\n\t\t\t<dt class='gallery-icon landscape'>\n\t\t\t\t<a href='https:\/\/www.parrocchiasgibattista.it\/wordpress\/wp-content\/uploads\/2019\/09\/IMG_9119.jpg'><img loading=\"lazy\" decoding=\"async\" width=\"300\" height=\"200\" src=\"https:\/\/www.parrocchiasgibattista.it\/wordpress\/wp-content\/uploads\/2019\/09\/IMG_9119-300x200.jpg\" class=\"attachment-medium size-medium\" alt=\"\" srcset=\"https:\/\/www.parrocchiasgibattista.it\/wordpress\/wp-content\/uploads\/2019\/09\/IMG_9119-300x200.jpg 300w, https:\/\/www.parrocchiasgibattista.it\/wordpress\/wp-content\/uploads\/2019\/09\/IMG_9119-500x334.jpg 500w, https:\/\/www.parrocchiasgibattista.it\/wordpress\/wp-content\/uploads\/2019\/09\/IMG_9119-272x182.jpg 272w, https:\/\/www.parrocchiasgibattista.it\/wordpress\/wp-content\/uploads\/2019\/09\/IMG_9119.jpg 640w\" sizes=\"auto, (max-width: 300px) 100vw, 300px\" \/><\/a>\n\t\t\t<\/dt><\/dl><dl class='gallery-item'>\n\t\t\t<dt class='gallery-icon landscape'>\n\t\t\t\t<a href='https:\/\/www.parrocchiasgibattista.it\/wordpress\/wp-content\/uploads\/2019\/09\/IMG_9120.jpg'><img loading=\"lazy\" decoding=\"async\" width=\"300\" height=\"200\" src=\"https:\/\/www.parrocchiasgibattista.it\/wordpress\/wp-content\/uploads\/2019\/09\/IMG_9120-300x200.jpg\" class=\"attachment-medium size-medium\" alt=\"\" srcset=\"https:\/\/www.parrocchiasgibattista.it\/wordpress\/wp-content\/uploads\/2019\/09\/IMG_9120-300x200.jpg 300w, https:\/\/www.parrocchiasgibattista.it\/wordpress\/wp-content\/uploads\/2019\/09\/IMG_9120-500x334.jpg 500w, https:\/\/www.parrocchiasgibattista.it\/wordpress\/wp-content\/uploads\/2019\/09\/IMG_9120-272x182.jpg 272w, https:\/\/www.parrocchiasgibattista.it\/wordpress\/wp-content\/uploads\/2019\/09\/IMG_9120.jpg 640w\" sizes=\"auto, (max-width: 300px) 100vw, 300px\" \/><\/a>\n\t\t\t<\/dt><\/dl><dl class='gallery-item'>\n\t\t\t<dt class='gallery-icon landscape'>\n\t\t\t\t<a href='https:\/\/www.parrocchiasgibattista.it\/wordpress\/wp-content\/uploads\/2019\/09\/IMG_9121.jpg'><img loading=\"lazy\" decoding=\"async\" width=\"300\" height=\"200\" src=\"https:\/\/www.parrocchiasgibattista.it\/wordpress\/wp-content\/uploads\/2019\/09\/IMG_9121-300x200.jpg\" class=\"attachment-medium size-medium\" alt=\"\" srcset=\"https:\/\/www.parrocchiasgibattista.it\/wordpress\/wp-content\/uploads\/2019\/09\/IMG_9121-300x200.jpg 300w, https:\/\/www.parrocchiasgibattista.it\/wordpress\/wp-content\/uploads\/2019\/09\/IMG_9121-500x334.jpg 500w, https:\/\/www.parrocchiasgibattista.it\/wordpress\/wp-content\/uploads\/2019\/09\/IMG_9121-272x182.jpg 272w, https:\/\/www.parrocchiasgibattista.it\/wordpress\/wp-content\/uploads\/2019\/09\/IMG_9121.jpg 640w\" sizes=\"auto, (max-width: 300px) 100vw, 300px\" \/><\/a>\n\t\t\t<\/dt><\/dl><br style=\"clear: both\" \/><dl class='gallery-item'>\n\t\t\t<dt class='gallery-icon landscape'>\n\t\t\t\t<a href='https:\/\/www.parrocchiasgibattista.it\/wordpress\/wp-content\/uploads\/2019\/09\/IMG_9124.jpg'><img loading=\"lazy\" decoding=\"async\" width=\"300\" height=\"200\" src=\"https:\/\/www.parrocchiasgibattista.it\/wordpress\/wp-content\/uploads\/2019\/09\/IMG_9124-300x200.jpg\" class=\"attachment-medium size-medium\" alt=\"\" srcset=\"https:\/\/www.parrocchiasgibattista.it\/wordpress\/wp-content\/uploads\/2019\/09\/IMG_9124-300x200.jpg 300w, https:\/\/www.parrocchiasgibattista.it\/wordpress\/wp-content\/uploads\/2019\/09\/IMG_9124-500x334.jpg 500w, https:\/\/www.parrocchiasgibattista.it\/wordpress\/wp-content\/uploads\/2019\/09\/IMG_9124-272x182.jpg 272w, https:\/\/www.parrocchiasgibattista.it\/wordpress\/wp-content\/uploads\/2019\/09\/IMG_9124.jpg 640w\" sizes=\"auto, (max-width: 300px) 100vw, 300px\" \/><\/a>\n\t\t\t<\/dt><\/dl><dl class='gallery-item'>\n\t\t\t<dt class='gallery-icon landscape'>\n\t\t\t\t<a href='https:\/\/www.parrocchiasgibattista.it\/wordpress\/wp-content\/uploads\/2019\/09\/IMG_9132.jpg'><img loading=\"lazy\" decoding=\"async\" width=\"300\" height=\"200\" src=\"https:\/\/www.parrocchiasgibattista.it\/wordpress\/wp-content\/uploads\/2019\/09\/IMG_9132-300x200.jpg\" class=\"attachment-medium size-medium\" alt=\"\" srcset=\"https:\/\/www.parrocchiasgibattista.it\/wordpress\/wp-content\/uploads\/2019\/09\/IMG_9132-300x200.jpg 300w, https:\/\/www.parrocchiasgibattista.it\/wordpress\/wp-content\/uploads\/2019\/09\/IMG_9132-500x334.jpg 500w, https:\/\/www.parrocchiasgibattista.it\/wordpress\/wp-content\/uploads\/2019\/09\/IMG_9132-272x182.jpg 272w, https:\/\/www.parrocchiasgibattista.it\/wordpress\/wp-content\/uploads\/2019\/09\/IMG_9132.jpg 640w\" sizes=\"auto, (max-width: 300px) 100vw, 300px\" \/><\/a>\n\t\t\t<\/dt><\/dl><dl class='gallery-item'>\n\t\t\t<dt class='gallery-icon landscape'>\n\t\t\t\t<a href='https:\/\/www.parrocchiasgibattista.it\/wordpress\/wp-content\/uploads\/2019\/09\/IMG_9136.jpg'><img loading=\"lazy\" decoding=\"async\" width=\"300\" height=\"200\" src=\"https:\/\/www.parrocchiasgibattista.it\/wordpress\/wp-content\/uploads\/2019\/09\/IMG_9136-300x200.jpg\" class=\"attachment-medium size-medium\" alt=\"\" srcset=\"https:\/\/www.parrocchiasgibattista.it\/wordpress\/wp-content\/uploads\/2019\/09\/IMG_9136-300x200.jpg 300w, https:\/\/www.parrocchiasgibattista.it\/wordpress\/wp-content\/uploads\/2019\/09\/IMG_9136-500x334.jpg 500w, https:\/\/www.parrocchiasgibattista.it\/wordpress\/wp-content\/uploads\/2019\/09\/IMG_9136-272x182.jpg 272w, https:\/\/www.parrocchiasgibattista.it\/wordpress\/wp-content\/uploads\/2019\/09\/IMG_9136.jpg 640w\" sizes=\"auto, (max-width: 300px) 100vw, 300px\" \/><\/a>\n\t\t\t<\/dt><\/dl><dl class='gallery-item'>\n\t\t\t<dt class='gallery-icon landscape'>\n\t\t\t\t<a href='https:\/\/www.parrocchiasgibattista.it\/wordpress\/wp-content\/uploads\/2019\/09\/IMG_9137.jpg'><img loading=\"lazy\" decoding=\"async\" width=\"300\" height=\"200\" src=\"https:\/\/www.parrocchiasgibattista.it\/wordpress\/wp-content\/uploads\/2019\/09\/IMG_9137-300x200.jpg\" class=\"attachment-medium size-medium\" alt=\"\" srcset=\"https:\/\/www.parrocchiasgibattista.it\/wordpress\/wp-content\/uploads\/2019\/09\/IMG_9137-300x200.jpg 300w, https:\/\/www.parrocchiasgibattista.it\/wordpress\/wp-content\/uploads\/2019\/09\/IMG_9137-500x334.jpg 500w, https:\/\/www.parrocchiasgibattista.it\/wordpress\/wp-content\/uploads\/2019\/09\/IMG_9137-272x182.jpg 272w, https:\/\/www.parrocchiasgibattista.it\/wordpress\/wp-content\/uploads\/2019\/09\/IMG_9137.jpg 640w\" sizes=\"auto, (max-width: 300px) 100vw, 300px\" \/><\/a>\n\t\t\t<\/dt><\/dl><br style=\"clear: both\" \/><dl class='gallery-item'>\n\t\t\t<dt class='gallery-icon landscape'>\n\t\t\t\t<a href='https:\/\/www.parrocchiasgibattista.it\/wordpress\/wp-content\/uploads\/2019\/09\/IMG_9141.jpg'><img loading=\"lazy\" decoding=\"async\" width=\"300\" height=\"200\" src=\"https:\/\/www.parrocchiasgibattista.it\/wordpress\/wp-content\/uploads\/2019\/09\/IMG_9141-300x200.jpg\" class=\"attachment-medium size-medium\" alt=\"\" srcset=\"https:\/\/www.parrocchiasgibattista.it\/wordpress\/wp-content\/uploads\/2019\/09\/IMG_9141-300x200.jpg 300w, https:\/\/www.parrocchiasgibattista.it\/wordpress\/wp-content\/uploads\/2019\/09\/IMG_9141-500x334.jpg 500w, https:\/\/www.parrocchiasgibattista.it\/wordpress\/wp-content\/uploads\/2019\/09\/IMG_9141-272x182.jpg 272w, https:\/\/www.parrocchiasgibattista.it\/wordpress\/wp-content\/uploads\/2019\/09\/IMG_9141.jpg 640w\" sizes=\"auto, (max-width: 300px) 100vw, 300px\" \/><\/a>\n\t\t\t<\/dt><\/dl><dl class='gallery-item'>\n\t\t\t<dt class='gallery-icon landscape'>\n\t\t\t\t<a href='https:\/\/www.parrocchiasgibattista.it\/wordpress\/wp-content\/uploads\/2019\/09\/IMG_9144.jpg'><img loading=\"lazy\" decoding=\"async\" width=\"300\" height=\"200\" src=\"https:\/\/www.parrocchiasgibattista.it\/wordpress\/wp-content\/uploads\/2019\/09\/IMG_9144-300x200.jpg\" class=\"attachment-medium size-medium\" alt=\"\" srcset=\"https:\/\/www.parrocchiasgibattista.it\/wordpress\/wp-content\/uploads\/2019\/09\/IMG_9144-300x200.jpg 300w, https:\/\/www.parrocchiasgibattista.it\/wordpress\/wp-content\/uploads\/2019\/09\/IMG_9144-500x334.jpg 500w, https:\/\/www.parrocchiasgibattista.it\/wordpress\/wp-content\/uploads\/2019\/09\/IMG_9144-272x182.jpg 272w, https:\/\/www.parrocchiasgibattista.it\/wordpress\/wp-content\/uploads\/2019\/09\/IMG_9144.jpg 640w\" sizes=\"auto, (max-width: 300px) 100vw, 300px\" \/><\/a>\n\t\t\t<\/dt><\/dl><dl class='gallery-item'>\n\t\t\t<dt class='gallery-icon landscape'>\n\t\t\t\t<a href='https:\/\/www.parrocchiasgibattista.it\/wordpress\/wp-content\/uploads\/2019\/09\/IMG_9145.jpg'><img loading=\"lazy\" decoding=\"async\" width=\"300\" height=\"200\" src=\"https:\/\/www.parrocchiasgibattista.it\/wordpress\/wp-content\/uploads\/2019\/09\/IMG_9145-300x200.jpg\" class=\"attachment-medium size-medium\" alt=\"\" srcset=\"https:\/\/www.parrocchiasgibattista.it\/wordpress\/wp-content\/uploads\/2019\/09\/IMG_9145-300x200.jpg 300w, https:\/\/www.parrocchiasgibattista.it\/wordpress\/wp-content\/uploads\/2019\/09\/IMG_9145-500x334.jpg 500w, https:\/\/www.parrocchiasgibattista.it\/wordpress\/wp-content\/uploads\/2019\/09\/IMG_9145-272x182.jpg 272w, https:\/\/www.parrocchiasgibattista.it\/wordpress\/wp-content\/uploads\/2019\/09\/IMG_9145.jpg 640w\" sizes=\"auto, (max-width: 300px) 100vw, 300px\" \/><\/a>\n\t\t\t<\/dt><\/dl><dl class='gallery-item'>\n\t\t\t<dt class='gallery-icon landscape'>\n\t\t\t\t<a href='https:\/\/www.parrocchiasgibattista.it\/wordpress\/wp-content\/uploads\/2019\/09\/IMG_9147.jpg'><img loading=\"lazy\" decoding=\"async\" width=\"300\" height=\"200\" src=\"https:\/\/www.parrocchiasgibattista.it\/wordpress\/wp-content\/uploads\/2019\/09\/IMG_9147-300x200.jpg\" class=\"attachment-medium size-medium\" alt=\"\" srcset=\"https:\/\/www.parrocchiasgibattista.it\/wordpress\/wp-content\/uploads\/2019\/09\/IMG_9147-300x200.jpg 300w, https:\/\/www.parrocchiasgibattista.it\/wordpress\/wp-content\/uploads\/2019\/09\/IMG_9147-500x334.jpg 500w, https:\/\/www.parrocchiasgibattista.it\/wordpress\/wp-content\/uploads\/2019\/09\/IMG_9147-272x182.jpg 272w, https:\/\/www.parrocchiasgibattista.it\/wordpress\/wp-content\/uploads\/2019\/09\/IMG_9147.jpg 640w\" sizes=\"auto, (max-width: 300px) 100vw, 300px\" \/><\/a>\n\t\t\t<\/dt><\/dl><br style=\"clear: both\" \/><dl class='gallery-item'>\n\t\t\t<dt class='gallery-icon landscape'>\n\t\t\t\t<a href='https:\/\/www.parrocchiasgibattista.it\/wordpress\/wp-content\/uploads\/2019\/09\/IMG_9148.jpg'><img loading=\"lazy\" decoding=\"async\" width=\"300\" height=\"200\" src=\"https:\/\/www.parrocchiasgibattista.it\/wordpress\/wp-content\/uploads\/2019\/09\/IMG_9148-300x200.jpg\" class=\"attachment-medium size-medium\" alt=\"\" srcset=\"https:\/\/www.parrocchiasgibattista.it\/wordpress\/wp-content\/uploads\/2019\/09\/IMG_9148-300x200.jpg 300w, https:\/\/www.parrocchiasgibattista.it\/wordpress\/wp-content\/uploads\/2019\/09\/IMG_9148-500x334.jpg 500w, https:\/\/www.parrocchiasgibattista.it\/wordpress\/wp-content\/uploads\/2019\/09\/IMG_9148-272x182.jpg 272w, https:\/\/www.parrocchiasgibattista.it\/wordpress\/wp-content\/uploads\/2019\/09\/IMG_9148.jpg 640w\" sizes=\"auto, (max-width: 300px) 100vw, 300px\" \/><\/a>\n\t\t\t<\/dt><\/dl><dl class='gallery-item'>\n\t\t\t<dt class='gallery-icon landscape'>\n\t\t\t\t<a href='https:\/\/www.parrocchiasgibattista.it\/wordpress\/wp-content\/uploads\/2019\/09\/IMG_9152.jpg'><img loading=\"lazy\" decoding=\"async\" width=\"300\" height=\"200\" src=\"https:\/\/www.parrocchiasgibattista.it\/wordpress\/wp-content\/uploads\/2019\/09\/IMG_9152-300x200.jpg\" class=\"attachment-medium size-medium\" alt=\"\" srcset=\"https:\/\/www.parrocchiasgibattista.it\/wordpress\/wp-content\/uploads\/2019\/09\/IMG_9152-300x200.jpg 300w, https:\/\/www.parrocchiasgibattista.it\/wordpress\/wp-content\/uploads\/2019\/09\/IMG_9152-500x334.jpg 500w, https:\/\/www.parrocchiasgibattista.it\/wordpress\/wp-content\/uploads\/2019\/09\/IMG_9152-272x182.jpg 272w, https:\/\/www.parrocchiasgibattista.it\/wordpress\/wp-content\/uploads\/2019\/09\/IMG_9152.jpg 640w\" sizes=\"auto, (max-width: 300px) 100vw, 300px\" \/><\/a>\n\t\t\t<\/dt><\/dl><dl class='gallery-item'>\n\t\t\t<dt class='gallery-icon landscape'>\n\t\t\t\t<a href='https:\/\/www.parrocchiasgibattista.it\/wordpress\/wp-content\/uploads\/2019\/09\/IMG_9154.jpg'><img loading=\"lazy\" decoding=\"async\" width=\"300\" height=\"200\" src=\"https:\/\/www.parrocchiasgibattista.it\/wordpress\/wp-content\/uploads\/2019\/09\/IMG_9154-300x200.jpg\" class=\"attachment-medium size-medium\" alt=\"\" srcset=\"https:\/\/www.parrocchiasgibattista.it\/wordpress\/wp-content\/uploads\/2019\/09\/IMG_9154-300x200.jpg 300w, https:\/\/www.parrocchiasgibattista.it\/wordpress\/wp-content\/uploads\/2019\/09\/IMG_9154-500x334.jpg 500w, https:\/\/www.parrocchiasgibattista.it\/wordpress\/wp-content\/uploads\/2019\/09\/IMG_9154-272x182.jpg 272w, https:\/\/www.parrocchiasgibattista.it\/wordpress\/wp-content\/uploads\/2019\/09\/IMG_9154.jpg 640w\" sizes=\"auto, (max-width: 300px) 100vw, 300px\" \/><\/a>\n\t\t\t<\/dt><\/dl><dl class='gallery-item'>\n\t\t\t<dt class='gallery-icon landscape'>\n\t\t\t\t<a href='https:\/\/www.parrocchiasgibattista.it\/wordpress\/wp-content\/uploads\/2019\/09\/IMG_9156.jpg'><img loading=\"lazy\" decoding=\"async\" width=\"300\" height=\"200\" src=\"https:\/\/www.parrocchiasgibattista.it\/wordpress\/wp-content\/uploads\/2019\/09\/IMG_9156-300x200.jpg\" class=\"attachment-medium size-medium\" alt=\"\" srcset=\"https:\/\/www.parrocchiasgibattista.it\/wordpress\/wp-content\/uploads\/2019\/09\/IMG_9156-300x200.jpg 300w, https:\/\/www.parrocchiasgibattista.it\/wordpress\/wp-content\/uploads\/2019\/09\/IMG_9156-500x334.jpg 500w, https:\/\/www.parrocchiasgibattista.it\/wordpress\/wp-content\/uploads\/2019\/09\/IMG_9156-272x182.jpg 272w, https:\/\/www.parrocchiasgibattista.it\/wordpress\/wp-content\/uploads\/2019\/09\/IMG_9156.jpg 640w\" sizes=\"auto, (max-width: 300px) 100vw, 300px\" \/><\/a>\n\t\t\t<\/dt><\/dl><br style=\"clear: both\" \/><dl class='gallery-item'>\n\t\t\t<dt class='gallery-icon landscape'>\n\t\t\t\t<a href='https:\/\/www.parrocchiasgibattista.it\/wordpress\/wp-content\/uploads\/2019\/09\/IMG_9157.jpg'><img loading=\"lazy\" decoding=\"async\" width=\"300\" height=\"200\" src=\"https:\/\/www.parrocchiasgibattista.it\/wordpress\/wp-content\/uploads\/2019\/09\/IMG_9157-300x200.jpg\" class=\"attachment-medium size-medium\" alt=\"\" srcset=\"https:\/\/www.parrocchiasgibattista.it\/wordpress\/wp-content\/uploads\/2019\/09\/IMG_9157-300x200.jpg 300w, https:\/\/www.parrocchiasgibattista.it\/wordpress\/wp-content\/uploads\/2019\/09\/IMG_9157-500x334.jpg 500w, https:\/\/www.parrocchiasgibattista.it\/wordpress\/wp-content\/uploads\/2019\/09\/IMG_9157-272x182.jpg 272w, https:\/\/www.parrocchiasgibattista.it\/wordpress\/wp-content\/uploads\/2019\/09\/IMG_9157.jpg 640w\" sizes=\"auto, (max-width: 300px) 100vw, 300px\" \/><\/a>\n\t\t\t<\/dt><\/dl><dl class='gallery-item'>\n\t\t\t<dt class='gallery-icon landscape'>\n\t\t\t\t<a href='https:\/\/www.parrocchiasgibattista.it\/wordpress\/wp-content\/uploads\/2019\/09\/IMG_9160.jpg'><img loading=\"lazy\" decoding=\"async\" width=\"300\" height=\"200\" src=\"https:\/\/www.parrocchiasgibattista.it\/wordpress\/wp-content\/uploads\/2019\/09\/IMG_9160-300x200.jpg\" class=\"attachment-medium size-medium\" alt=\"\" srcset=\"https:\/\/www.parrocchiasgibattista.it\/wordpress\/wp-content\/uploads\/2019\/09\/IMG_9160-300x200.jpg 300w, https:\/\/www.parrocchiasgibattista.it\/wordpress\/wp-content\/uploads\/2019\/09\/IMG_9160-500x334.jpg 500w, https:\/\/www.parrocchiasgibattista.it\/wordpress\/wp-content\/uploads\/2019\/09\/IMG_9160-272x182.jpg 272w, https:\/\/www.parrocchiasgibattista.it\/wordpress\/wp-content\/uploads\/2019\/09\/IMG_9160.jpg 640w\" sizes=\"auto, (max-width: 300px) 100vw, 300px\" \/><\/a>\n\t\t\t<\/dt><\/dl><dl class='gallery-item'>\n\t\t\t<dt class='gallery-icon landscape'>\n\t\t\t\t<a href='https:\/\/www.parrocchiasgibattista.it\/wordpress\/wp-content\/uploads\/2019\/09\/IMG_9162.jpg'><img loading=\"lazy\" decoding=\"async\" width=\"300\" height=\"200\" src=\"https:\/\/www.parrocchiasgibattista.it\/wordpress\/wp-content\/uploads\/2019\/09\/IMG_9162-300x200.jpg\" class=\"attachment-medium size-medium\" alt=\"\" srcset=\"https:\/\/www.parrocchiasgibattista.it\/wordpress\/wp-content\/uploads\/2019\/09\/IMG_9162-300x200.jpg 300w, https:\/\/www.parrocchiasgibattista.it\/wordpress\/wp-content\/uploads\/2019\/09\/IMG_9162-500x334.jpg 500w, https:\/\/www.parrocchiasgibattista.it\/wordpress\/wp-content\/uploads\/2019\/09\/IMG_9162-272x182.jpg 272w, https:\/\/www.parrocchiasgibattista.it\/wordpress\/wp-content\/uploads\/2019\/09\/IMG_9162.jpg 640w\" sizes=\"auto, (max-width: 300px) 100vw, 300px\" \/><\/a>\n\t\t\t<\/dt><\/dl><dl class='gallery-item'>\n\t\t\t<dt class='gallery-icon landscape'>\n\t\t\t\t<a href='https:\/\/www.parrocchiasgibattista.it\/wordpress\/wp-content\/uploads\/2019\/09\/IMG_9163.jpg'><img loading=\"lazy\" decoding=\"async\" width=\"300\" height=\"200\" src=\"https:\/\/www.parrocchiasgibattista.it\/wordpress\/wp-content\/uploads\/2019\/09\/IMG_9163-300x200.jpg\" class=\"attachment-medium size-medium\" alt=\"\" srcset=\"https:\/\/www.parrocchiasgibattista.it\/wordpress\/wp-content\/uploads\/2019\/09\/IMG_9163-300x200.jpg 300w, https:\/\/www.parrocchiasgibattista.it\/wordpress\/wp-content\/uploads\/2019\/09\/IMG_9163-500x334.jpg 500w, https:\/\/www.parrocchiasgibattista.it\/wordpress\/wp-content\/uploads\/2019\/09\/IMG_9163-272x182.jpg 272w, https:\/\/www.parrocchiasgibattista.it\/wordpress\/wp-content\/uploads\/2019\/09\/IMG_9163.jpg 640w\" sizes=\"auto, (max-width: 300px) 100vw, 300px\" \/><\/a>\n\t\t\t<\/dt><\/dl><br style=\"clear: both\" \/><dl class='gallery-item'>\n\t\t\t<dt class='gallery-icon landscape'>\n\t\t\t\t<a href='https:\/\/www.parrocchiasgibattista.it\/wordpress\/wp-content\/uploads\/2019\/09\/IMG_9168.jpg'><img loading=\"lazy\" decoding=\"async\" width=\"300\" height=\"200\" src=\"https:\/\/www.parrocchiasgibattista.it\/wordpress\/wp-content\/uploads\/2019\/09\/IMG_9168-300x200.jpg\" class=\"attachment-medium size-medium\" alt=\"\" srcset=\"https:\/\/www.parrocchiasgibattista.it\/wordpress\/wp-content\/uploads\/2019\/09\/IMG_9168-300x200.jpg 300w, https:\/\/www.parrocchiasgibattista.it\/wordpress\/wp-content\/uploads\/2019\/09\/IMG_9168-500x334.jpg 500w, https:\/\/www.parrocchiasgibattista.it\/wordpress\/wp-content\/uploads\/2019\/09\/IMG_9168-272x182.jpg 272w, https:\/\/www.parrocchiasgibattista.it\/wordpress\/wp-content\/uploads\/2019\/09\/IMG_9168.jpg 640w\" sizes=\"auto, (max-width: 300px) 100vw, 300px\" \/><\/a>\n\t\t\t<\/dt><\/dl><dl class='gallery-item'>\n\t\t\t<dt class='gallery-icon landscape'>\n\t\t\t\t<a href='https:\/\/www.parrocchiasgibattista.it\/wordpress\/wp-content\/uploads\/2019\/09\/IMG_9169.jpg'><img loading=\"lazy\" decoding=\"async\" width=\"300\" height=\"200\" src=\"https:\/\/www.parrocchiasgibattista.it\/wordpress\/wp-content\/uploads\/2019\/09\/IMG_9169-300x200.jpg\" class=\"attachment-medium size-medium\" alt=\"\" srcset=\"https:\/\/www.parrocchiasgibattista.it\/wordpress\/wp-content\/uploads\/2019\/09\/IMG_9169-300x200.jpg 300w, https:\/\/www.parrocchiasgibattista.it\/wordpress\/wp-content\/uploads\/2019\/09\/IMG_9169-500x334.jpg 500w, https:\/\/www.parrocchiasgibattista.it\/wordpress\/wp-content\/uploads\/2019\/09\/IMG_9169-272x182.jpg 272w, https:\/\/www.parrocchiasgibattista.it\/wordpress\/wp-content\/uploads\/2019\/09\/IMG_9169.jpg 640w\" sizes=\"auto, (max-width: 300px) 100vw, 300px\" \/><\/a>\n\t\t\t<\/dt><\/dl><dl class='gallery-item'>\n\t\t\t<dt class='gallery-icon landscape'>\n\t\t\t\t<a href='https:\/\/www.parrocchiasgibattista.it\/wordpress\/wp-content\/uploads\/2019\/09\/IMG_9170.jpg'><img loading=\"lazy\" decoding=\"async\" width=\"300\" height=\"200\" src=\"https:\/\/www.parrocchiasgibattista.it\/wordpress\/wp-content\/uploads\/2019\/09\/IMG_9170-300x200.jpg\" class=\"attachment-medium size-medium\" alt=\"\" srcset=\"https:\/\/www.parrocchiasgibattista.it\/wordpress\/wp-content\/uploads\/2019\/09\/IMG_9170-300x200.jpg 300w, https:\/\/www.parrocchiasgibattista.it\/wordpress\/wp-content\/uploads\/2019\/09\/IMG_9170-500x334.jpg 500w, https:\/\/www.parrocchiasgibattista.it\/wordpress\/wp-content\/uploads\/2019\/09\/IMG_9170-272x182.jpg 272w, https:\/\/www.parrocchiasgibattista.it\/wordpress\/wp-content\/uploads\/2019\/09\/IMG_9170.jpg 640w\" sizes=\"auto, (max-width: 300px) 100vw, 300px\" \/><\/a>\n\t\t\t<\/dt><\/dl><dl class='gallery-item'>\n\t\t\t<dt class='gallery-icon landscape'>\n\t\t\t\t<a href='https:\/\/www.parrocchiasgibattista.it\/wordpress\/wp-content\/uploads\/2019\/09\/IMG_9172.jpg'><img loading=\"lazy\" decoding=\"async\" width=\"300\" height=\"200\" src=\"https:\/\/www.parrocchiasgibattista.it\/wordpress\/wp-content\/uploads\/2019\/09\/IMG_9172-300x200.jpg\" class=\"attachment-medium size-medium\" alt=\"\" srcset=\"https:\/\/www.parrocchiasgibattista.it\/wordpress\/wp-content\/uploads\/2019\/09\/IMG_9172-300x200.jpg 300w, https:\/\/www.parrocchiasgibattista.it\/wordpress\/wp-content\/uploads\/2019\/09\/IMG_9172-500x334.jpg 500w, https:\/\/www.parrocchiasgibattista.it\/wordpress\/wp-content\/uploads\/2019\/09\/IMG_9172-272x182.jpg 272w, https:\/\/www.parrocchiasgibattista.it\/wordpress\/wp-content\/uploads\/2019\/09\/IMG_9172.jpg 640w\" sizes=\"auto, (max-width: 300px) 100vw, 300px\" \/><\/a>\n\t\t\t<\/dt><\/dl><br style=\"clear: both\" \/><dl class='gallery-item'>\n\t\t\t<dt class='gallery-icon landscape'>\n\t\t\t\t<a href='https:\/\/www.parrocchiasgibattista.it\/wordpress\/wp-content\/uploads\/2019\/09\/IMG_9177.jpg'><img loading=\"lazy\" decoding=\"async\" width=\"300\" height=\"200\" src=\"https:\/\/www.parrocchiasgibattista.it\/wordpress\/wp-content\/uploads\/2019\/09\/IMG_9177-300x200.jpg\" class=\"attachment-medium size-medium\" alt=\"\" srcset=\"https:\/\/www.parrocchiasgibattista.it\/wordpress\/wp-content\/uploads\/2019\/09\/IMG_9177-300x200.jpg 300w, https:\/\/www.parrocchiasgibattista.it\/wordpress\/wp-content\/uploads\/2019\/09\/IMG_9177-500x334.jpg 500w, https:\/\/www.parrocchiasgibattista.it\/wordpress\/wp-content\/uploads\/2019\/09\/IMG_9177-272x182.jpg 272w, https:\/\/www.parrocchiasgibattista.it\/wordpress\/wp-content\/uploads\/2019\/09\/IMG_9177.jpg 640w\" sizes=\"auto, (max-width: 300px) 100vw, 300px\" \/><\/a>\n\t\t\t<\/dt><\/dl><dl class='gallery-item'>\n\t\t\t<dt class='gallery-icon landscape'>\n\t\t\t\t<a href='https:\/\/www.parrocchiasgibattista.it\/wordpress\/wp-content\/uploads\/2019\/09\/IMG_9178.jpg'><img loading=\"lazy\" decoding=\"async\" width=\"300\" height=\"200\" src=\"https:\/\/www.parrocchiasgibattista.it\/wordpress\/wp-content\/uploads\/2019\/09\/IMG_9178-300x200.jpg\" class=\"attachment-medium size-medium\" alt=\"\" srcset=\"https:\/\/www.parrocchiasgibattista.it\/wordpress\/wp-content\/uploads\/2019\/09\/IMG_9178-300x200.jpg 300w, https:\/\/www.parrocchiasgibattista.it\/wordpress\/wp-content\/uploads\/2019\/09\/IMG_9178-500x334.jpg 500w, https:\/\/www.parrocchiasgibattista.it\/wordpress\/wp-content\/uploads\/2019\/09\/IMG_9178-272x182.jpg 272w, https:\/\/www.parrocchiasgibattista.it\/wordpress\/wp-content\/uploads\/2019\/09\/IMG_9178.jpg 640w\" sizes=\"auto, (max-width: 300px) 100vw, 300px\" \/><\/a>\n\t\t\t<\/dt><\/dl><dl class='gallery-item'>\n\t\t\t<dt class='gallery-icon landscape'>\n\t\t\t\t<a href='https:\/\/www.parrocchiasgibattista.it\/wordpress\/wp-content\/uploads\/2019\/09\/IMG_9179.jpg'><img loading=\"lazy\" decoding=\"async\" width=\"300\" height=\"200\" src=\"https:\/\/www.parrocchiasgibattista.it\/wordpress\/wp-content\/uploads\/2019\/09\/IMG_9179-300x200.jpg\" class=\"attachment-medium size-medium\" alt=\"\" srcset=\"https:\/\/www.parrocchiasgibattista.it\/wordpress\/wp-content\/uploads\/2019\/09\/IMG_9179-300x200.jpg 300w, https:\/\/www.parrocchiasgibattista.it\/wordpress\/wp-content\/uploads\/2019\/09\/IMG_9179-500x334.jpg 500w, https:\/\/www.parrocchiasgibattista.it\/wordpress\/wp-content\/uploads\/2019\/09\/IMG_9179-272x182.jpg 272w, https:\/\/www.parrocchiasgibattista.it\/wordpress\/wp-content\/uploads\/2019\/09\/IMG_9179.jpg 640w\" sizes=\"auto, (max-width: 300px) 100vw, 300px\" \/><\/a>\n\t\t\t<\/dt><\/dl><dl class='gallery-item'>\n\t\t\t<dt class='gallery-icon landscape'>\n\t\t\t\t<a href='https:\/\/www.parrocchiasgibattista.it\/wordpress\/wp-content\/uploads\/2019\/09\/IMG_9180.jpg'><img loading=\"lazy\" decoding=\"async\" width=\"300\" height=\"200\" src=\"https:\/\/www.parrocchiasgibattista.it\/wordpress\/wp-content\/uploads\/2019\/09\/IMG_9180-300x200.jpg\" class=\"attachment-medium size-medium\" alt=\"\" srcset=\"https:\/\/www.parrocchiasgibattista.it\/wordpress\/wp-content\/uploads\/2019\/09\/IMG_9180-300x200.jpg 300w, https:\/\/www.parrocchiasgibattista.it\/wordpress\/wp-content\/uploads\/2019\/09\/IMG_9180-500x334.jpg 500w, https:\/\/www.parrocchiasgibattista.it\/wordpress\/wp-content\/uploads\/2019\/09\/IMG_9180-272x182.jpg 272w, https:\/\/www.parrocchiasgibattista.it\/wordpress\/wp-content\/uploads\/2019\/09\/IMG_9180.jpg 640w\" sizes=\"auto, (max-width: 300px) 100vw, 300px\" \/><\/a>\n\t\t\t<\/dt><\/dl><br style=\"clear: both\" \/><dl class='gallery-item'>\n\t\t\t<dt class='gallery-icon landscape'>\n\t\t\t\t<a href='https:\/\/www.parrocchiasgibattista.it\/wordpress\/wp-content\/uploads\/2019\/09\/IMG_9181.jpg'><img loading=\"lazy\" decoding=\"async\" width=\"300\" height=\"200\" src=\"https:\/\/www.parrocchiasgibattista.it\/wordpress\/wp-content\/uploads\/2019\/09\/IMG_9181-300x200.jpg\" class=\"attachment-medium size-medium\" alt=\"\" srcset=\"https:\/\/www.parrocchiasgibattista.it\/wordpress\/wp-content\/uploads\/2019\/09\/IMG_9181-300x200.jpg 300w, https:\/\/www.parrocchiasgibattista.it\/wordpress\/wp-content\/uploads\/2019\/09\/IMG_9181-500x334.jpg 500w, https:\/\/www.parrocchiasgibattista.it\/wordpress\/wp-content\/uploads\/2019\/09\/IMG_9181-272x182.jpg 272w, https:\/\/www.parrocchiasgibattista.it\/wordpress\/wp-content\/uploads\/2019\/09\/IMG_9181.jpg 640w\" sizes=\"auto, (max-width: 300px) 100vw, 300px\" \/><\/a>\n\t\t\t<\/dt><\/dl><dl class='gallery-item'>\n\t\t\t<dt class='gallery-icon landscape'>\n\t\t\t\t<a href='https:\/\/www.parrocchiasgibattista.it\/wordpress\/wp-content\/uploads\/2019\/09\/IMG_9184.jpg'><img loading=\"lazy\" decoding=\"async\" width=\"300\" height=\"200\" src=\"https:\/\/www.parrocchiasgibattista.it\/wordpress\/wp-content\/uploads\/2019\/09\/IMG_9184-300x200.jpg\" class=\"attachment-medium size-medium\" alt=\"\" srcset=\"https:\/\/www.parrocchiasgibattista.it\/wordpress\/wp-content\/uploads\/2019\/09\/IMG_9184-300x200.jpg 300w, https:\/\/www.parrocchiasgibattista.it\/wordpress\/wp-content\/uploads\/2019\/09\/IMG_9184-500x334.jpg 500w, https:\/\/www.parrocchiasgibattista.it\/wordpress\/wp-content\/uploads\/2019\/09\/IMG_9184-272x182.jpg 272w, https:\/\/www.parrocchiasgibattista.it\/wordpress\/wp-content\/uploads\/2019\/09\/IMG_9184.jpg 640w\" sizes=\"auto, (max-width: 300px) 100vw, 300px\" \/><\/a>\n\t\t\t<\/dt><\/dl><dl class='gallery-item'>\n\t\t\t<dt class='gallery-icon landscape'>\n\t\t\t\t<a href='https:\/\/www.parrocchiasgibattista.it\/wordpress\/wp-content\/uploads\/2019\/09\/IMG_9186.jpg'><img loading=\"lazy\" decoding=\"async\" width=\"300\" height=\"200\" src=\"https:\/\/www.parrocchiasgibattista.it\/wordpress\/wp-content\/uploads\/2019\/09\/IMG_9186-300x200.jpg\" class=\"attachment-medium size-medium\" alt=\"\" srcset=\"https:\/\/www.parrocchiasgibattista.it\/wordpress\/wp-content\/uploads\/2019\/09\/IMG_9186-300x200.jpg 300w, https:\/\/www.parrocchiasgibattista.it\/wordpress\/wp-content\/uploads\/2019\/09\/IMG_9186-500x334.jpg 500w, https:\/\/www.parrocchiasgibattista.it\/wordpress\/wp-content\/uploads\/2019\/09\/IMG_9186-272x182.jpg 272w, https:\/\/www.parrocchiasgibattista.it\/wordpress\/wp-content\/uploads\/2019\/09\/IMG_9186.jpg 640w\" sizes=\"auto, (max-width: 300px) 100vw, 300px\" \/><\/a>\n\t\t\t<\/dt><\/dl><dl class='gallery-item'>\n\t\t\t<dt class='gallery-icon landscape'>\n\t\t\t\t<a href='https:\/\/www.parrocchiasgibattista.it\/wordpress\/wp-content\/uploads\/2019\/09\/IMG_9187.jpg'><img loading=\"lazy\" decoding=\"async\" width=\"300\" height=\"200\" src=\"https:\/\/www.parrocchiasgibattista.it\/wordpress\/wp-content\/uploads\/2019\/09\/IMG_9187-300x200.jpg\" class=\"attachment-medium size-medium\" alt=\"\" srcset=\"https:\/\/www.parrocchiasgibattista.it\/wordpress\/wp-content\/uploads\/2019\/09\/IMG_9187-300x200.jpg 300w, https:\/\/www.parrocchiasgibattista.it\/wordpress\/wp-content\/uploads\/2019\/09\/IMG_9187-500x334.jpg 500w, https:\/\/www.parrocchiasgibattista.it\/wordpress\/wp-content\/uploads\/2019\/09\/IMG_9187-272x182.jpg 272w, https:\/\/www.parrocchiasgibattista.it\/wordpress\/wp-content\/uploads\/2019\/09\/IMG_9187.jpg 640w\" sizes=\"auto, (max-width: 300px) 100vw, 300px\" \/><\/a>\n\t\t\t<\/dt><\/dl><br style=\"clear: both\" \/><dl class='gallery-item'>\n\t\t\t<dt class='gallery-icon landscape'>\n\t\t\t\t<a href='https:\/\/www.parrocchiasgibattista.it\/wordpress\/wp-content\/uploads\/2019\/09\/IMG_9189.jpg'><img loading=\"lazy\" decoding=\"async\" width=\"300\" height=\"200\" src=\"https:\/\/www.parrocchiasgibattista.it\/wordpress\/wp-content\/uploads\/2019\/09\/IMG_9189-300x200.jpg\" class=\"attachment-medium size-medium\" alt=\"\" srcset=\"https:\/\/www.parrocchiasgibattista.it\/wordpress\/wp-content\/uploads\/2019\/09\/IMG_9189-300x200.jpg 300w, https:\/\/www.parrocchiasgibattista.it\/wordpress\/wp-content\/uploads\/2019\/09\/IMG_9189-500x334.jpg 500w, https:\/\/www.parrocchiasgibattista.it\/wordpress\/wp-content\/uploads\/2019\/09\/IMG_9189-272x182.jpg 272w, https:\/\/www.parrocchiasgibattista.it\/wordpress\/wp-content\/uploads\/2019\/09\/IMG_9189.jpg 640w\" sizes=\"auto, (max-width: 300px) 100vw, 300px\" \/><\/a>\n\t\t\t<\/dt><\/dl><dl class='gallery-item'>\n\t\t\t<dt class='gallery-icon landscape'>\n\t\t\t\t<a href='https:\/\/www.parrocchiasgibattista.it\/wordpress\/wp-content\/uploads\/2019\/09\/IMG_9190.jpg'><img loading=\"lazy\" decoding=\"async\" width=\"300\" height=\"200\" src=\"https:\/\/www.parrocchiasgibattista.it\/wordpress\/wp-content\/uploads\/2019\/09\/IMG_9190-300x200.jpg\" class=\"attachment-medium size-medium\" alt=\"\" srcset=\"https:\/\/www.parrocchiasgibattista.it\/wordpress\/wp-content\/uploads\/2019\/09\/IMG_9190-300x200.jpg 300w, https:\/\/www.parrocchiasgibattista.it\/wordpress\/wp-content\/uploads\/2019\/09\/IMG_9190-500x334.jpg 500w, https:\/\/www.parrocchiasgibattista.it\/wordpress\/wp-content\/uploads\/2019\/09\/IMG_9190-272x182.jpg 272w, https:\/\/www.parrocchiasgibattista.it\/wordpress\/wp-content\/uploads\/2019\/09\/IMG_9190.jpg 640w\" sizes=\"auto, (max-width: 300px) 100vw, 300px\" \/><\/a>\n\t\t\t<\/dt><\/dl><dl class='gallery-item'>\n\t\t\t<dt class='gallery-icon landscape'>\n\t\t\t\t<a href='https:\/\/www.parrocchiasgibattista.it\/wordpress\/wp-content\/uploads\/2019\/09\/IMG_9196.jpg'><img loading=\"lazy\" decoding=\"async\" width=\"300\" height=\"200\" src=\"https:\/\/www.parrocchiasgibattista.it\/wordpress\/wp-content\/uploads\/2019\/09\/IMG_9196-300x200.jpg\" class=\"attachment-medium size-medium\" alt=\"\" srcset=\"https:\/\/www.parrocchiasgibattista.it\/wordpress\/wp-content\/uploads\/2019\/09\/IMG_9196-300x200.jpg 300w, https:\/\/www.parrocchiasgibattista.it\/wordpress\/wp-content\/uploads\/2019\/09\/IMG_9196-500x334.jpg 500w, https:\/\/www.parrocchiasgibattista.it\/wordpress\/wp-content\/uploads\/2019\/09\/IMG_9196-272x182.jpg 272w, https:\/\/www.parrocchiasgibattista.it\/wordpress\/wp-content\/uploads\/2019\/09\/IMG_9196.jpg 640w\" sizes=\"auto, (max-width: 300px) 100vw, 300px\" \/><\/a>\n\t\t\t<\/dt><\/dl><dl class='gallery-item'>\n\t\t\t<dt class='gallery-icon landscape'>\n\t\t\t\t<a href='https:\/\/www.parrocchiasgibattista.it\/wordpress\/wp-content\/uploads\/2019\/09\/IMG_9197.jpg'><img loading=\"lazy\" decoding=\"async\" width=\"300\" height=\"200\" src=\"https:\/\/www.parrocchiasgibattista.it\/wordpress\/wp-content\/uploads\/2019\/09\/IMG_9197-300x200.jpg\" class=\"attachment-medium size-medium\" alt=\"\" srcset=\"https:\/\/www.parrocchiasgibattista.it\/wordpress\/wp-content\/uploads\/2019\/09\/IMG_9197-300x200.jpg 300w, https:\/\/www.parrocchiasgibattista.it\/wordpress\/wp-content\/uploads\/2019\/09\/IMG_9197-500x334.jpg 500w, https:\/\/www.parrocchiasgibattista.it\/wordpress\/wp-content\/uploads\/2019\/09\/IMG_9197-272x182.jpg 272w, https:\/\/www.parrocchiasgibattista.it\/wordpress\/wp-content\/uploads\/2019\/09\/IMG_9197.jpg 640w\" sizes=\"auto, (max-width: 300px) 100vw, 300px\" \/><\/a>\n\t\t\t<\/dt><\/dl><br style=\"clear: both\" \/><dl class='gallery-item'>\n\t\t\t<dt class='gallery-icon landscape'>\n\t\t\t\t<a href='https:\/\/www.parrocchiasgibattista.it\/wordpress\/wp-content\/uploads\/2019\/09\/IMG_9201.jpg'><img loading=\"lazy\" decoding=\"async\" width=\"300\" height=\"200\" src=\"https:\/\/www.parrocchiasgibattista.it\/wordpress\/wp-content\/uploads\/2019\/09\/IMG_9201-300x200.jpg\" class=\"attachment-medium size-medium\" alt=\"\" srcset=\"https:\/\/www.parrocchiasgibattista.it\/wordpress\/wp-content\/uploads\/2019\/09\/IMG_9201-300x200.jpg 300w, https:\/\/www.parrocchiasgibattista.it\/wordpress\/wp-content\/uploads\/2019\/09\/IMG_9201-500x334.jpg 500w, https:\/\/www.parrocchiasgibattista.it\/wordpress\/wp-content\/uploads\/2019\/09\/IMG_9201-272x182.jpg 272w, https:\/\/www.parrocchiasgibattista.it\/wordpress\/wp-content\/uploads\/2019\/09\/IMG_9201.jpg 640w\" sizes=\"auto, (max-width: 300px) 100vw, 300px\" \/><\/a>\n\t\t\t<\/dt><\/dl><dl class='gallery-item'>\n\t\t\t<dt class='gallery-icon landscape'>\n\t\t\t\t<a href='https:\/\/www.parrocchiasgibattista.it\/wordpress\/wp-content\/uploads\/2019\/09\/IMG_9202.jpg'><img loading=\"lazy\" decoding=\"async\" width=\"300\" height=\"200\" src=\"https:\/\/www.parrocchiasgibattista.it\/wordpress\/wp-content\/uploads\/2019\/09\/IMG_9202-300x200.jpg\" class=\"attachment-medium size-medium\" alt=\"\" srcset=\"https:\/\/www.parrocchiasgibattista.it\/wordpress\/wp-content\/uploads\/2019\/09\/IMG_9202-300x200.jpg 300w, https:\/\/www.parrocchiasgibattista.it\/wordpress\/wp-content\/uploads\/2019\/09\/IMG_9202-500x334.jpg 500w, https:\/\/www.parrocchiasgibattista.it\/wordpress\/wp-content\/uploads\/2019\/09\/IMG_9202-272x182.jpg 272w, https:\/\/www.parrocchiasgibattista.it\/wordpress\/wp-content\/uploads\/2019\/09\/IMG_9202.jpg 640w\" sizes=\"auto, (max-width: 300px) 100vw, 300px\" \/><\/a>\n\t\t\t<\/dt><\/dl><dl class='gallery-item'>\n\t\t\t<dt class='gallery-icon landscape'>\n\t\t\t\t<a href='https:\/\/www.parrocchiasgibattista.it\/wordpress\/wp-content\/uploads\/2019\/09\/IMG_9203.jpg'><img loading=\"lazy\" decoding=\"async\" width=\"300\" height=\"200\" src=\"https:\/\/www.parrocchiasgibattista.it\/wordpress\/wp-content\/uploads\/2019\/09\/IMG_9203-300x200.jpg\" class=\"attachment-medium size-medium\" alt=\"\" srcset=\"https:\/\/www.parrocchiasgibattista.it\/wordpress\/wp-content\/uploads\/2019\/09\/IMG_9203-300x200.jpg 300w, https:\/\/www.parrocchiasgibattista.it\/wordpress\/wp-content\/uploads\/2019\/09\/IMG_9203-500x334.jpg 500w, https:\/\/www.parrocchiasgibattista.it\/wordpress\/wp-content\/uploads\/2019\/09\/IMG_9203-272x182.jpg 272w, https:\/\/www.parrocchiasgibattista.it\/wordpress\/wp-content\/uploads\/2019\/09\/IMG_9203.jpg 640w\" sizes=\"auto, (max-width: 300px) 100vw, 300px\" \/><\/a>\n\t\t\t<\/dt><\/dl><dl class='gallery-item'>\n\t\t\t<dt class='gallery-icon landscape'>\n\t\t\t\t<a href='https:\/\/www.parrocchiasgibattista.it\/wordpress\/wp-content\/uploads\/2019\/09\/IMG_9206.jpg'><img loading=\"lazy\" decoding=\"async\" width=\"300\" height=\"200\" src=\"https:\/\/www.parrocchiasgibattista.it\/wordpress\/wp-content\/uploads\/2019\/09\/IMG_9206-300x200.jpg\" class=\"attachment-medium size-medium\" alt=\"\" srcset=\"https:\/\/www.parrocchiasgibattista.it\/wordpress\/wp-content\/uploads\/2019\/09\/IMG_9206-300x200.jpg 300w, https:\/\/www.parrocchiasgibattista.it\/wordpress\/wp-content\/uploads\/2019\/09\/IMG_9206-500x334.jpg 500w, https:\/\/www.parrocchiasgibattista.it\/wordpress\/wp-content\/uploads\/2019\/09\/IMG_9206-272x182.jpg 272w, https:\/\/www.parrocchiasgibattista.it\/wordpress\/wp-content\/uploads\/2019\/09\/IMG_9206.jpg 640w\" sizes=\"auto, (max-width: 300px) 100vw, 300px\" \/><\/a>\n\t\t\t<\/dt><\/dl><br style=\"clear: both\" \/><dl class='gallery-item'>\n\t\t\t<dt class='gallery-icon landscape'>\n\t\t\t\t<a href='https:\/\/www.parrocchiasgibattista.it\/wordpress\/wp-content\/uploads\/2019\/09\/IMG_9209.jpg'><img loading=\"lazy\" decoding=\"async\" width=\"300\" height=\"200\" src=\"https:\/\/www.parrocchiasgibattista.it\/wordpress\/wp-content\/uploads\/2019\/09\/IMG_9209-300x200.jpg\" class=\"attachment-medium size-medium\" alt=\"\" srcset=\"https:\/\/www.parrocchiasgibattista.it\/wordpress\/wp-content\/uploads\/2019\/09\/IMG_9209-300x200.jpg 300w, https:\/\/www.parrocchiasgibattista.it\/wordpress\/wp-content\/uploads\/2019\/09\/IMG_9209-500x334.jpg 500w, https:\/\/www.parrocchiasgibattista.it\/wordpress\/wp-content\/uploads\/2019\/09\/IMG_9209-272x182.jpg 272w, https:\/\/www.parrocchiasgibattista.it\/wordpress\/wp-content\/uploads\/2019\/09\/IMG_9209.jpg 640w\" sizes=\"auto, (max-width: 300px) 100vw, 300px\" \/><\/a>\n\t\t\t<\/dt><\/dl><dl class='gallery-item'>\n\t\t\t<dt class='gallery-icon landscape'>\n\t\t\t\t<a href='https:\/\/www.parrocchiasgibattista.it\/wordpress\/wp-content\/uploads\/2019\/09\/IMG_9210.jpg'><img loading=\"lazy\" decoding=\"async\" width=\"300\" height=\"200\" src=\"https:\/\/www.parrocchiasgibattista.it\/wordpress\/wp-content\/uploads\/2019\/09\/IMG_9210-300x200.jpg\" class=\"attachment-medium size-medium\" alt=\"\" srcset=\"https:\/\/www.parrocchiasgibattista.it\/wordpress\/wp-content\/uploads\/2019\/09\/IMG_9210-300x200.jpg 300w, https:\/\/www.parrocchiasgibattista.it\/wordpress\/wp-content\/uploads\/2019\/09\/IMG_9210-500x334.jpg 500w, https:\/\/www.parrocchiasgibattista.it\/wordpress\/wp-content\/uploads\/2019\/09\/IMG_9210-272x182.jpg 272w, https:\/\/www.parrocchiasgibattista.it\/wordpress\/wp-content\/uploads\/2019\/09\/IMG_9210.jpg 640w\" sizes=\"auto, (max-width: 300px) 100vw, 300px\" \/><\/a>\n\t\t\t<\/dt><\/dl><dl class='gallery-item'>\n\t\t\t<dt class='gallery-icon landscape'>\n\t\t\t\t<a href='https:\/\/www.parrocchiasgibattista.it\/wordpress\/wp-content\/uploads\/2019\/09\/IMG_9212.jpg'><img loading=\"lazy\" decoding=\"async\" width=\"300\" height=\"200\" src=\"https:\/\/www.parrocchiasgibattista.it\/wordpress\/wp-content\/uploads\/2019\/09\/IMG_9212-300x200.jpg\" class=\"attachment-medium size-medium\" alt=\"\" srcset=\"https:\/\/www.parrocchiasgibattista.it\/wordpress\/wp-content\/uploads\/2019\/09\/IMG_9212-300x200.jpg 300w, https:\/\/www.parrocchiasgibattista.it\/wordpress\/wp-content\/uploads\/2019\/09\/IMG_9212-500x334.jpg 500w, https:\/\/www.parrocchiasgibattista.it\/wordpress\/wp-content\/uploads\/2019\/09\/IMG_9212-272x182.jpg 272w, https:\/\/www.parrocchiasgibattista.it\/wordpress\/wp-content\/uploads\/2019\/09\/IMG_9212.jpg 640w\" sizes=\"auto, (max-width: 300px) 100vw, 300px\" \/><\/a>\n\t\t\t<\/dt><\/dl><dl class='gallery-item'>\n\t\t\t<dt class='gallery-icon landscape'>\n\t\t\t\t<a href='https:\/\/www.parrocchiasgibattista.it\/wordpress\/wp-content\/uploads\/2019\/09\/IMG_9213.jpg'><img loading=\"lazy\" decoding=\"async\" width=\"300\" height=\"200\" src=\"https:\/\/www.parrocchiasgibattista.it\/wordpress\/wp-content\/uploads\/2019\/09\/IMG_9213-300x200.jpg\" class=\"attachment-medium size-medium\" alt=\"\" srcset=\"https:\/\/www.parrocchiasgibattista.it\/wordpress\/wp-content\/uploads\/2019\/09\/IMG_9213-300x200.jpg 300w, https:\/\/www.parrocchiasgibattista.it\/wordpress\/wp-content\/uploads\/2019\/09\/IMG_9213-500x334.jpg 500w, https:\/\/www.parrocchiasgibattista.it\/wordpress\/wp-content\/uploads\/2019\/09\/IMG_9213-272x182.jpg 272w, https:\/\/www.parrocchiasgibattista.it\/wordpress\/wp-content\/uploads\/2019\/09\/IMG_9213.jpg 640w\" sizes=\"auto, (max-width: 300px) 100vw, 300px\" \/><\/a>\n\t\t\t<\/dt><\/dl><br style=\"clear: both\" \/><dl class='gallery-item'>\n\t\t\t<dt class='gallery-icon landscape'>\n\t\t\t\t<a href='https:\/\/www.parrocchiasgibattista.it\/wordpress\/wp-content\/uploads\/2019\/09\/IMG_9218.jpg'><img loading=\"lazy\" decoding=\"async\" width=\"300\" height=\"200\" src=\"https:\/\/www.parrocchiasgibattista.it\/wordpress\/wp-content\/uploads\/2019\/09\/IMG_9218-300x200.jpg\" class=\"attachment-medium size-medium\" alt=\"\" srcset=\"https:\/\/www.parrocchiasgibattista.it\/wordpress\/wp-content\/uploads\/2019\/09\/IMG_9218-300x200.jpg 300w, https:\/\/www.parrocchiasgibattista.it\/wordpress\/wp-content\/uploads\/2019\/09\/IMG_9218-500x334.jpg 500w, https:\/\/www.parrocchiasgibattista.it\/wordpress\/wp-content\/uploads\/2019\/09\/IMG_9218-272x182.jpg 272w, https:\/\/www.parrocchiasgibattista.it\/wordpress\/wp-content\/uploads\/2019\/09\/IMG_9218.jpg 640w\" sizes=\"auto, (max-width: 300px) 100vw, 300px\" \/><\/a>\n\t\t\t<\/dt><\/dl><dl class='gallery-item'>\n\t\t\t<dt class='gallery-icon landscape'>\n\t\t\t\t<a href='https:\/\/www.parrocchiasgibattista.it\/wordpress\/wp-content\/uploads\/2019\/09\/IMG_9221.jpg'><img loading=\"lazy\" decoding=\"async\" width=\"300\" height=\"200\" src=\"https:\/\/www.parrocchiasgibattista.it\/wordpress\/wp-content\/uploads\/2019\/09\/IMG_9221-300x200.jpg\" class=\"attachment-medium size-medium\" alt=\"\" srcset=\"https:\/\/www.parrocchiasgibattista.it\/wordpress\/wp-content\/uploads\/2019\/09\/IMG_9221-300x200.jpg 300w, https:\/\/www.parrocchiasgibattista.it\/wordpress\/wp-content\/uploads\/2019\/09\/IMG_9221-500x334.jpg 500w, https:\/\/www.parrocchiasgibattista.it\/wordpress\/wp-content\/uploads\/2019\/09\/IMG_9221-272x182.jpg 272w, https:\/\/www.parrocchiasgibattista.it\/wordpress\/wp-content\/uploads\/2019\/09\/IMG_9221.jpg 640w\" sizes=\"auto, (max-width: 300px) 100vw, 300px\" \/><\/a>\n\t\t\t<\/dt><\/dl><dl class='gallery-item'>\n\t\t\t<dt class='gallery-icon landscape'>\n\t\t\t\t<a href='https:\/\/www.parrocchiasgibattista.it\/wordpress\/wp-content\/uploads\/2019\/09\/IMG_9228.jpg'><img loading=\"lazy\" decoding=\"async\" width=\"300\" height=\"200\" src=\"https:\/\/www.parrocchiasgibattista.it\/wordpress\/wp-content\/uploads\/2019\/09\/IMG_9228-300x200.jpg\" class=\"attachment-medium size-medium\" alt=\"\" srcset=\"https:\/\/www.parrocchiasgibattista.it\/wordpress\/wp-content\/uploads\/2019\/09\/IMG_9228-300x200.jpg 300w, https:\/\/www.parrocchiasgibattista.it\/wordpress\/wp-content\/uploads\/2019\/09\/IMG_9228-500x334.jpg 500w, https:\/\/www.parrocchiasgibattista.it\/wordpress\/wp-content\/uploads\/2019\/09\/IMG_9228-272x182.jpg 272w, https:\/\/www.parrocchiasgibattista.it\/wordpress\/wp-content\/uploads\/2019\/09\/IMG_9228.jpg 640w\" sizes=\"auto, (max-width: 300px) 100vw, 300px\" \/><\/a>\n\t\t\t<\/dt><\/dl><dl class='gallery-item'>\n\t\t\t<dt class='gallery-icon landscape'>\n\t\t\t\t<a href='https:\/\/www.parrocchiasgibattista.it\/wordpress\/wp-content\/uploads\/2019\/09\/IMG_9229.jpg'><img loading=\"lazy\" decoding=\"async\" width=\"300\" height=\"200\" src=\"https:\/\/www.parrocchiasgibattista.it\/wordpress\/wp-content\/uploads\/2019\/09\/IMG_9229-300x200.jpg\" class=\"attachment-medium size-medium\" alt=\"\" srcset=\"https:\/\/www.parrocchiasgibattista.it\/wordpress\/wp-content\/uploads\/2019\/09\/IMG_9229-300x200.jpg 300w, https:\/\/www.parrocchiasgibattista.it\/wordpress\/wp-content\/uploads\/2019\/09\/IMG_9229-500x334.jpg 500w, https:\/\/www.parrocchiasgibattista.it\/wordpress\/wp-content\/uploads\/2019\/09\/IMG_9229-272x182.jpg 272w, https:\/\/www.parrocchiasgibattista.it\/wordpress\/wp-content\/uploads\/2019\/09\/IMG_9229.jpg 640w\" sizes=\"auto, (max-width: 300px) 100vw, 300px\" \/><\/a>\n\t\t\t<\/dt><\/dl><br style=\"clear: both\" \/><dl class='gallery-item'>\n\t\t\t<dt class='gallery-icon landscape'>\n\t\t\t\t<a href='https:\/\/www.parrocchiasgibattista.it\/wordpress\/wp-content\/uploads\/2019\/09\/IMG_9235.jpg'><img loading=\"lazy\" decoding=\"async\" width=\"300\" height=\"200\" src=\"https:\/\/www.parrocchiasgibattista.it\/wordpress\/wp-content\/uploads\/2019\/09\/IMG_9235-300x200.jpg\" class=\"attachment-medium size-medium\" alt=\"\" srcset=\"https:\/\/www.parrocchiasgibattista.it\/wordpress\/wp-content\/uploads\/2019\/09\/IMG_9235-300x200.jpg 300w, https:\/\/www.parrocchiasgibattista.it\/wordpress\/wp-content\/uploads\/2019\/09\/IMG_9235-500x334.jpg 500w, https:\/\/www.parrocchiasgibattista.it\/wordpress\/wp-content\/uploads\/2019\/09\/IMG_9235-272x182.jpg 272w, https:\/\/www.parrocchiasgibattista.it\/wordpress\/wp-content\/uploads\/2019\/09\/IMG_9235.jpg 640w\" sizes=\"auto, (max-width: 300px) 100vw, 300px\" \/><\/a>\n\t\t\t<\/dt><\/dl><dl class='gallery-item'>\n\t\t\t<dt class='gallery-icon landscape'>\n\t\t\t\t<a href='https:\/\/www.parrocchiasgibattista.it\/wordpress\/wp-content\/uploads\/2019\/09\/IMG_9249.jpg'><img loading=\"lazy\" decoding=\"async\" width=\"300\" height=\"200\" src=\"https:\/\/www.parrocchiasgibattista.it\/wordpress\/wp-content\/uploads\/2019\/09\/IMG_9249-300x200.jpg\" class=\"attachment-medium size-medium\" alt=\"\" srcset=\"https:\/\/www.parrocchiasgibattista.it\/wordpress\/wp-content\/uploads\/2019\/09\/IMG_9249-300x200.jpg 300w, https:\/\/www.parrocchiasgibattista.it\/wordpress\/wp-content\/uploads\/2019\/09\/IMG_9249-500x334.jpg 500w, https:\/\/www.parrocchiasgibattista.it\/wordpress\/wp-content\/uploads\/2019\/09\/IMG_9249-272x182.jpg 272w, https:\/\/www.parrocchiasgibattista.it\/wordpress\/wp-content\/uploads\/2019\/09\/IMG_9249.jpg 640w\" sizes=\"auto, (max-width: 300px) 100vw, 300px\" \/><\/a>\n\t\t\t<\/dt><\/dl><dl class='gallery-item'>\n\t\t\t<dt class='gallery-icon landscape'>\n\t\t\t\t<a href='https:\/\/www.parrocchiasgibattista.it\/wordpress\/wp-content\/uploads\/2019\/09\/IMG_9253.jpg'><img loading=\"lazy\" decoding=\"async\" width=\"300\" height=\"200\" src=\"https:\/\/www.parrocchiasgibattista.it\/wordpress\/wp-content\/uploads\/2019\/09\/IMG_9253-300x200.jpg\" class=\"attachment-medium size-medium\" alt=\"\" srcset=\"https:\/\/www.parrocchiasgibattista.it\/wordpress\/wp-content\/uploads\/2019\/09\/IMG_9253-300x200.jpg 300w, https:\/\/www.parrocchiasgibattista.it\/wordpress\/wp-content\/uploads\/2019\/09\/IMG_9253-500x334.jpg 500w, https:\/\/www.parrocchiasgibattista.it\/wordpress\/wp-content\/uploads\/2019\/09\/IMG_9253-272x182.jpg 272w, https:\/\/www.parrocchiasgibattista.it\/wordpress\/wp-content\/uploads\/2019\/09\/IMG_9253.jpg 640w\" sizes=\"auto, (max-width: 300px) 100vw, 300px\" \/><\/a>\n\t\t\t<\/dt><\/dl><dl class='gallery-item'>\n\t\t\t<dt class='gallery-icon landscape'>\n\t\t\t\t<a href='https:\/\/www.parrocchiasgibattista.it\/wordpress\/wp-content\/uploads\/2019\/09\/IMG_9256.jpg'><img loading=\"lazy\" decoding=\"async\" width=\"300\" height=\"200\" src=\"https:\/\/www.parrocchiasgibattista.it\/wordpress\/wp-content\/uploads\/2019\/09\/IMG_9256-300x200.jpg\" class=\"attachment-medium size-medium\" alt=\"\" srcset=\"https:\/\/www.parrocchiasgibattista.it\/wordpress\/wp-content\/uploads\/2019\/09\/IMG_9256-300x200.jpg 300w, https:\/\/www.parrocchiasgibattista.it\/wordpress\/wp-content\/uploads\/2019\/09\/IMG_9256-500x334.jpg 500w, https:\/\/www.parrocchiasgibattista.it\/wordpress\/wp-content\/uploads\/2019\/09\/IMG_9256-272x182.jpg 272w, https:\/\/www.parrocchiasgibattista.it\/wordpress\/wp-content\/uploads\/2019\/09\/IMG_9256.jpg 640w\" sizes=\"auto, (max-width: 300px) 100vw, 300px\" \/><\/a>\n\t\t\t<\/dt><\/dl><br style=\"clear: both\" \/><dl class='gallery-item'>\n\t\t\t<dt class='gallery-icon landscape'>\n\t\t\t\t<a href='https:\/\/www.parrocchiasgibattista.it\/wordpress\/wp-content\/uploads\/2019\/09\/IMG_9257.jpg'><img loading=\"lazy\" decoding=\"async\" width=\"300\" height=\"200\" src=\"https:\/\/www.parrocchiasgibattista.it\/wordpress\/wp-content\/uploads\/2019\/09\/IMG_9257-300x200.jpg\" class=\"attachment-medium size-medium\" alt=\"\" srcset=\"https:\/\/www.parrocchiasgibattista.it\/wordpress\/wp-content\/uploads\/2019\/09\/IMG_9257-300x200.jpg 300w, https:\/\/www.parrocchiasgibattista.it\/wordpress\/wp-content\/uploads\/2019\/09\/IMG_9257-500x334.jpg 500w, https:\/\/www.parrocchiasgibattista.it\/wordpress\/wp-content\/uploads\/2019\/09\/IMG_9257-272x182.jpg 272w, https:\/\/www.parrocchiasgibattista.it\/wordpress\/wp-content\/uploads\/2019\/09\/IMG_9257.jpg 640w\" sizes=\"auto, (max-width: 300px) 100vw, 300px\" \/><\/a>\n\t\t\t<\/dt><\/dl><dl class='gallery-item'>\n\t\t\t<dt class='gallery-icon landscape'>\n\t\t\t\t<a href='https:\/\/www.parrocchiasgibattista.it\/wordpress\/wp-content\/uploads\/2019\/09\/IMG_9258.jpg'><img loading=\"lazy\" decoding=\"async\" width=\"300\" height=\"200\" src=\"https:\/\/www.parrocchiasgibattista.it\/wordpress\/wp-content\/uploads\/2019\/09\/IMG_9258-300x200.jpg\" class=\"attachment-medium size-medium\" alt=\"\" srcset=\"https:\/\/www.parrocchiasgibattista.it\/wordpress\/wp-content\/uploads\/2019\/09\/IMG_9258-300x200.jpg 300w, https:\/\/www.parrocchiasgibattista.it\/wordpress\/wp-content\/uploads\/2019\/09\/IMG_9258-500x334.jpg 500w, https:\/\/www.parrocchiasgibattista.it\/wordpress\/wp-content\/uploads\/2019\/09\/IMG_9258-272x182.jpg 272w, https:\/\/www.parrocchiasgibattista.it\/wordpress\/wp-content\/uploads\/2019\/09\/IMG_9258.jpg 640w\" sizes=\"auto, (max-width: 300px) 100vw, 300px\" \/><\/a>\n\t\t\t<\/dt><\/dl><dl class='gallery-item'>\n\t\t\t<dt class='gallery-icon landscape'>\n\t\t\t\t<a href='https:\/\/www.parrocchiasgibattista.it\/wordpress\/wp-content\/uploads\/2019\/09\/IMG_9261.jpg'><img loading=\"lazy\" decoding=\"async\" width=\"300\" height=\"200\" src=\"https:\/\/www.parrocchiasgibattista.it\/wordpress\/wp-content\/uploads\/2019\/09\/IMG_9261-300x200.jpg\" class=\"attachment-medium size-medium\" alt=\"\" srcset=\"https:\/\/www.parrocchiasgibattista.it\/wordpress\/wp-content\/uploads\/2019\/09\/IMG_9261-300x200.jpg 300w, https:\/\/www.parrocchiasgibattista.it\/wordpress\/wp-content\/uploads\/2019\/09\/IMG_9261-500x334.jpg 500w, https:\/\/www.parrocchiasgibattista.it\/wordpress\/wp-content\/uploads\/2019\/09\/IMG_9261-272x182.jpg 272w, https:\/\/www.parrocchiasgibattista.it\/wordpress\/wp-content\/uploads\/2019\/09\/IMG_9261.jpg 640w\" sizes=\"auto, (max-width: 300px) 100vw, 300px\" \/><\/a>\n\t\t\t<\/dt><\/dl><dl class='gallery-item'>\n\t\t\t<dt class='gallery-icon portrait'>\n\t\t\t\t<a href='https:\/\/www.parrocchiasgibattista.it\/wordpress\/wp-content\/uploads\/2019\/09\/IMG_9265-e1648403473864.jpg'><img loading=\"lazy\" decoding=\"async\" width=\"281\" height=\"300\" src=\"https:\/\/www.parrocchiasgibattista.it\/wordpress\/wp-content\/uploads\/2019\/09\/IMG_9265-e1648403473864-281x300.jpg\" class=\"attachment-medium size-medium\" alt=\"\" srcset=\"https:\/\/www.parrocchiasgibattista.it\/wordpress\/wp-content\/uploads\/2019\/09\/IMG_9265-e1648403473864-281x300.jpg 281w, https:\/\/www.parrocchiasgibattista.it\/wordpress\/wp-content\/uploads\/2019\/09\/IMG_9265-e1648403473864.jpg 400w\" sizes=\"auto, (max-width: 281px) 100vw, 281px\" \/><\/a>\n\t\t\t<\/dt><\/dl><br style=\"clear: both\" \/><dl class='gallery-item'>\n\t\t\t<dt class='gallery-icon landscape'>\n\t\t\t\t<a href='https:\/\/www.parrocchiasgibattista.it\/wordpress\/wp-content\/uploads\/2019\/09\/IMG_9267.jpg'><img loading=\"lazy\" decoding=\"async\" width=\"300\" height=\"200\" src=\"https:\/\/www.parrocchiasgibattista.it\/wordpress\/wp-content\/uploads\/2019\/09\/IMG_9267-300x200.jpg\" class=\"attachment-medium size-medium\" alt=\"\" srcset=\"https:\/\/www.parrocchiasgibattista.it\/wordpress\/wp-content\/uploads\/2019\/09\/IMG_9267-300x200.jpg 300w, https:\/\/www.parrocchiasgibattista.it\/wordpress\/wp-content\/uploads\/2019\/09\/IMG_9267-500x334.jpg 500w, https:\/\/www.parrocchiasgibattista.it\/wordpress\/wp-content\/uploads\/2019\/09\/IMG_9267-272x182.jpg 272w, https:\/\/www.parrocchiasgibattista.it\/wordpress\/wp-content\/uploads\/2019\/09\/IMG_9267.jpg 640w\" sizes=\"auto, (max-width: 300px) 100vw, 300px\" \/><\/a>\n\t\t\t<\/dt><\/dl><dl class='gallery-item'>\n\t\t\t<dt class='gallery-icon landscape'>\n\t\t\t\t<a href='https:\/\/www.parrocchiasgibattista.it\/wordpress\/wp-content\/uploads\/2019\/09\/IMG_9271.jpg'><img loading=\"lazy\" decoding=\"async\" width=\"300\" height=\"200\" src=\"https:\/\/www.parrocchiasgibattista.it\/wordpress\/wp-content\/uploads\/2019\/09\/IMG_9271-300x200.jpg\" class=\"attachment-medium size-medium\" alt=\"\" srcset=\"https:\/\/www.parrocchiasgibattista.it\/wordpress\/wp-content\/uploads\/2019\/09\/IMG_9271-300x200.jpg 300w, https:\/\/www.parrocchiasgibattista.it\/wordpress\/wp-content\/uploads\/2019\/09\/IMG_9271-500x334.jpg 500w, https:\/\/www.parrocchiasgibattista.it\/wordpress\/wp-content\/uploads\/2019\/09\/IMG_9271-272x182.jpg 272w, https:\/\/www.parrocchiasgibattista.it\/wordpress\/wp-content\/uploads\/2019\/09\/IMG_9271.jpg 640w\" sizes=\"auto, (max-width: 300px) 100vw, 300px\" \/><\/a>\n\t\t\t<\/dt><\/dl><dl class='gallery-item'>\n\t\t\t<dt class='gallery-icon landscape'>\n\t\t\t\t<a href='https:\/\/www.parrocchiasgibattista.it\/wordpress\/wp-content\/uploads\/2019\/09\/IMG_9272.jpg'><img loading=\"lazy\" decoding=\"async\" width=\"300\" height=\"200\" src=\"https:\/\/www.parrocchiasgibattista.it\/wordpress\/wp-content\/uploads\/2019\/09\/IMG_9272-300x200.jpg\" class=\"attachment-medium size-medium\" alt=\"\" srcset=\"https:\/\/www.parrocchiasgibattista.it\/wordpress\/wp-content\/uploads\/2019\/09\/IMG_9272-300x200.jpg 300w, https:\/\/www.parrocchiasgibattista.it\/wordpress\/wp-content\/uploads\/2019\/09\/IMG_9272-500x334.jpg 500w, https:\/\/www.parrocchiasgibattista.it\/wordpress\/wp-content\/uploads\/2019\/09\/IMG_9272-272x182.jpg 272w, https:\/\/www.parrocchiasgibattista.it\/wordpress\/wp-content\/uploads\/2019\/09\/IMG_9272.jpg 640w\" sizes=\"auto, (max-width: 300px) 100vw, 300px\" \/><\/a>\n\t\t\t<\/dt><\/dl><dl class='gallery-item'>\n\t\t\t<dt class='gallery-icon landscape'>\n\t\t\t\t<a href='https:\/\/www.parrocchiasgibattista.it\/wordpress\/wp-content\/uploads\/2019\/09\/IMG_9275.jpg'><img loading=\"lazy\" decoding=\"async\" width=\"300\" height=\"200\" src=\"https:\/\/www.parrocchiasgibattista.it\/wordpress\/wp-content\/uploads\/2019\/09\/IMG_9275-300x200.jpg\" class=\"attachment-medium size-medium\" alt=\"\" srcset=\"https:\/\/www.parrocchiasgibattista.it\/wordpress\/wp-content\/uploads\/2019\/09\/IMG_9275-300x200.jpg 300w, https:\/\/www.parrocchiasgibattista.it\/wordpress\/wp-content\/uploads\/2019\/09\/IMG_9275-500x334.jpg 500w, https:\/\/www.parrocchiasgibattista.it\/wordpress\/wp-content\/uploads\/2019\/09\/IMG_9275-272x182.jpg 272w, https:\/\/www.parrocchiasgibattista.it\/wordpress\/wp-content\/uploads\/2019\/09\/IMG_9275.jpg 640w\" sizes=\"auto, (max-width: 300px) 100vw, 300px\" \/><\/a>\n\t\t\t<\/dt><\/dl><br style=\"clear: both\" \/><dl class='gallery-item'>\n\t\t\t<dt class='gallery-icon landscape'>\n\t\t\t\t<a href='https:\/\/www.parrocchiasgibattista.it\/wordpress\/wp-content\/uploads\/2019\/09\/IMG_9276.jpg'><img loading=\"lazy\" decoding=\"async\" width=\"300\" height=\"200\" src=\"https:\/\/www.parrocchiasgibattista.it\/wordpress\/wp-content\/uploads\/2019\/09\/IMG_9276-300x200.jpg\" class=\"attachment-medium size-medium\" alt=\"\" srcset=\"https:\/\/www.parrocchiasgibattista.it\/wordpress\/wp-content\/uploads\/2019\/09\/IMG_9276-300x200.jpg 300w, https:\/\/www.parrocchiasgibattista.it\/wordpress\/wp-content\/uploads\/2019\/09\/IMG_9276-500x334.jpg 500w, https:\/\/www.parrocchiasgibattista.it\/wordpress\/wp-content\/uploads\/2019\/09\/IMG_9276-272x182.jpg 272w, https:\/\/www.parrocchiasgibattista.it\/wordpress\/wp-content\/uploads\/2019\/09\/IMG_9276.jpg 640w\" sizes=\"auto, (max-width: 300px) 100vw, 300px\" \/><\/a>\n\t\t\t<\/dt><\/dl><dl class='gallery-item'>\n\t\t\t<dt class='gallery-icon landscape'>\n\t\t\t\t<a href='https:\/\/www.parrocchiasgibattista.it\/wordpress\/wp-content\/uploads\/2019\/09\/IMG_9277.jpg'><img loading=\"lazy\" decoding=\"async\" width=\"300\" height=\"200\" src=\"https:\/\/www.parrocchiasgibattista.it\/wordpress\/wp-content\/uploads\/2019\/09\/IMG_9277-300x200.jpg\" class=\"attachment-medium size-medium\" alt=\"\" srcset=\"https:\/\/www.parrocchiasgibattista.it\/wordpress\/wp-content\/uploads\/2019\/09\/IMG_9277-300x200.jpg 300w, https:\/\/www.parrocchiasgibattista.it\/wordpress\/wp-content\/uploads\/2019\/09\/IMG_9277-500x334.jpg 500w, https:\/\/www.parrocchiasgibattista.it\/wordpress\/wp-content\/uploads\/2019\/09\/IMG_9277-272x182.jpg 272w, https:\/\/www.parrocchiasgibattista.it\/wordpress\/wp-content\/uploads\/2019\/09\/IMG_9277.jpg 640w\" sizes=\"auto, (max-width: 300px) 100vw, 300px\" \/><\/a>\n\t\t\t<\/dt><\/dl><dl class='gallery-item'>\n\t\t\t<dt class='gallery-icon landscape'>\n\t\t\t\t<a href='https:\/\/www.parrocchiasgibattista.it\/wordpress\/wp-content\/uploads\/2019\/09\/IMG_9278.jpg'><img loading=\"lazy\" decoding=\"async\" width=\"300\" height=\"200\" src=\"https:\/\/www.parrocchiasgibattista.it\/wordpress\/wp-content\/uploads\/2019\/09\/IMG_9278-300x200.jpg\" class=\"attachment-medium size-medium\" alt=\"\" srcset=\"https:\/\/www.parrocchiasgibattista.it\/wordpress\/wp-content\/uploads\/2019\/09\/IMG_9278-300x200.jpg 300w, https:\/\/www.parrocchiasgibattista.it\/wordpress\/wp-content\/uploads\/2019\/09\/IMG_9278-500x334.jpg 500w, https:\/\/www.parrocchiasgibattista.it\/wordpress\/wp-content\/uploads\/2019\/09\/IMG_9278-272x182.jpg 272w, https:\/\/www.parrocchiasgibattista.it\/wordpress\/wp-content\/uploads\/2019\/09\/IMG_9278.jpg 640w\" sizes=\"auto, (max-width: 300px) 100vw, 300px\" \/><\/a>\n\t\t\t<\/dt><\/dl><dl class='gallery-item'>\n\t\t\t<dt class='gallery-icon landscape'>\n\t\t\t\t<a href='https:\/\/www.parrocchiasgibattista.it\/wordpress\/wp-content\/uploads\/2019\/09\/IMG_9279.jpg'><img loading=\"lazy\" decoding=\"async\" width=\"300\" height=\"200\" src=\"https:\/\/www.parrocchiasgibattista.it\/wordpress\/wp-content\/uploads\/2019\/09\/IMG_9279-300x200.jpg\" class=\"attachment-medium size-medium\" alt=\"\" srcset=\"https:\/\/www.parrocchiasgibattista.it\/wordpress\/wp-content\/uploads\/2019\/09\/IMG_9279-300x200.jpg 300w, https:\/\/www.parrocchiasgibattista.it\/wordpress\/wp-content\/uploads\/2019\/09\/IMG_9279-500x334.jpg 500w, https:\/\/www.parrocchiasgibattista.it\/wordpress\/wp-content\/uploads\/2019\/09\/IMG_9279-272x182.jpg 272w, https:\/\/www.parrocchiasgibattista.it\/wordpress\/wp-content\/uploads\/2019\/09\/IMG_9279.jpg 640w\" sizes=\"auto, (max-width: 300px) 100vw, 300px\" \/><\/a>\n\t\t\t<\/dt><\/dl><br style=\"clear: both\" \/><dl class='gallery-item'>\n\t\t\t<dt class='gallery-icon landscape'>\n\t\t\t\t<a href='https:\/\/www.parrocchiasgibattista.it\/wordpress\/wp-content\/uploads\/2019\/09\/IMG_9280.jpg'><img loading=\"lazy\" decoding=\"async\" width=\"300\" height=\"200\" src=\"https:\/\/www.parrocchiasgibattista.it\/wordpress\/wp-content\/uploads\/2019\/09\/IMG_9280-300x200.jpg\" class=\"attachment-medium size-medium\" alt=\"\" srcset=\"https:\/\/www.parrocchiasgibattista.it\/wordpress\/wp-content\/uploads\/2019\/09\/IMG_9280-300x200.jpg 300w, https:\/\/www.parrocchiasgibattista.it\/wordpress\/wp-content\/uploads\/2019\/09\/IMG_9280-500x334.jpg 500w, https:\/\/www.parrocchiasgibattista.it\/wordpress\/wp-content\/uploads\/2019\/09\/IMG_9280-272x182.jpg 272w, https:\/\/www.parrocchiasgibattista.it\/wordpress\/wp-content\/uploads\/2019\/09\/IMG_9280.jpg 640w\" sizes=\"auto, (max-width: 300px) 100vw, 300px\" \/><\/a>\n\t\t\t<\/dt><\/dl><dl class='gallery-item'>\n\t\t\t<dt class='gallery-icon landscape'>\n\t\t\t\t<a href='https:\/\/www.parrocchiasgibattista.it\/wordpress\/wp-content\/uploads\/2019\/09\/IMG_9281.jpg'><img loading=\"lazy\" decoding=\"async\" width=\"300\" height=\"200\" src=\"https:\/\/www.parrocchiasgibattista.it\/wordpress\/wp-content\/uploads\/2019\/09\/IMG_9281-300x200.jpg\" class=\"attachment-medium size-medium\" alt=\"\" srcset=\"https:\/\/www.parrocchiasgibattista.it\/wordpress\/wp-content\/uploads\/2019\/09\/IMG_9281-300x200.jpg 300w, https:\/\/www.parrocchiasgibattista.it\/wordpress\/wp-content\/uploads\/2019\/09\/IMG_9281-500x334.jpg 500w, https:\/\/www.parrocchiasgibattista.it\/wordpress\/wp-content\/uploads\/2019\/09\/IMG_9281-272x182.jpg 272w, https:\/\/www.parrocchiasgibattista.it\/wordpress\/wp-content\/uploads\/2019\/09\/IMG_9281.jpg 640w\" sizes=\"auto, (max-width: 300px) 100vw, 300px\" \/><\/a>\n\t\t\t<\/dt><\/dl><dl class='gallery-item'>\n\t\t\t<dt class='gallery-icon landscape'>\n\t\t\t\t<a href='https:\/\/www.parrocchiasgibattista.it\/wordpress\/wp-content\/uploads\/2019\/09\/IMG_9282.jpg'><img loading=\"lazy\" decoding=\"async\" width=\"300\" height=\"200\" src=\"https:\/\/www.parrocchiasgibattista.it\/wordpress\/wp-content\/uploads\/2019\/09\/IMG_9282-300x200.jpg\" class=\"attachment-medium size-medium\" alt=\"\" srcset=\"https:\/\/www.parrocchiasgibattista.it\/wordpress\/wp-content\/uploads\/2019\/09\/IMG_9282-300x200.jpg 300w, https:\/\/www.parrocchiasgibattista.it\/wordpress\/wp-content\/uploads\/2019\/09\/IMG_9282-500x334.jpg 500w, https:\/\/www.parrocchiasgibattista.it\/wordpress\/wp-content\/uploads\/2019\/09\/IMG_9282-272x182.jpg 272w, https:\/\/www.parrocchiasgibattista.it\/wordpress\/wp-content\/uploads\/2019\/09\/IMG_9282.jpg 640w\" sizes=\"auto, (max-width: 300px) 100vw, 300px\" \/><\/a>\n\t\t\t<\/dt><\/dl><dl class='gallery-item'>\n\t\t\t<dt class='gallery-icon landscape'>\n\t\t\t\t<a href='https:\/\/www.parrocchiasgibattista.it\/wordpress\/wp-content\/uploads\/2019\/09\/IMG_9283.jpg'><img loading=\"lazy\" decoding=\"async\" width=\"300\" height=\"200\" src=\"https:\/\/www.parrocchiasgibattista.it\/wordpress\/wp-content\/uploads\/2019\/09\/IMG_9283-300x200.jpg\" class=\"attachment-medium size-medium\" alt=\"\" srcset=\"https:\/\/www.parrocchiasgibattista.it\/wordpress\/wp-content\/uploads\/2019\/09\/IMG_9283-300x200.jpg 300w, https:\/\/www.parrocchiasgibattista.it\/wordpress\/wp-content\/uploads\/2019\/09\/IMG_9283-500x334.jpg 500w, https:\/\/www.parrocchiasgibattista.it\/wordpress\/wp-content\/uploads\/2019\/09\/IMG_9283-272x182.jpg 272w, https:\/\/www.parrocchiasgibattista.it\/wordpress\/wp-content\/uploads\/2019\/09\/IMG_9283.jpg 640w\" sizes=\"auto, (max-width: 300px) 100vw, 300px\" \/><\/a>\n\t\t\t<\/dt><\/dl><br style=\"clear: both\" \/><dl class='gallery-item'>\n\t\t\t<dt class='gallery-icon landscape'>\n\t\t\t\t<a href='https:\/\/www.parrocchiasgibattista.it\/wordpress\/wp-content\/uploads\/2019\/09\/IMG_9284.jpg'><img loading=\"lazy\" decoding=\"async\" width=\"300\" height=\"200\" src=\"https:\/\/www.parrocchiasgibattista.it\/wordpress\/wp-content\/uploads\/2019\/09\/IMG_9284-300x200.jpg\" class=\"attachment-medium size-medium\" alt=\"\" srcset=\"https:\/\/www.parrocchiasgibattista.it\/wordpress\/wp-content\/uploads\/2019\/09\/IMG_9284-300x200.jpg 300w, https:\/\/www.parrocchiasgibattista.it\/wordpress\/wp-content\/uploads\/2019\/09\/IMG_9284-500x334.jpg 500w, https:\/\/www.parrocchiasgibattista.it\/wordpress\/wp-content\/uploads\/2019\/09\/IMG_9284-272x182.jpg 272w, https:\/\/www.parrocchiasgibattista.it\/wordpress\/wp-content\/uploads\/2019\/09\/IMG_9284.jpg 640w\" sizes=\"auto, (max-width: 300px) 100vw, 300px\" \/><\/a>\n\t\t\t<\/dt><\/dl><dl class='gallery-item'>\n\t\t\t<dt class='gallery-icon landscape'>\n\t\t\t\t<a href='https:\/\/www.parrocchiasgibattista.it\/wordpress\/wp-content\/uploads\/2019\/09\/IMG_9285.jpg'><img loading=\"lazy\" decoding=\"async\" width=\"300\" height=\"200\" src=\"https:\/\/www.parrocchiasgibattista.it\/wordpress\/wp-content\/uploads\/2019\/09\/IMG_9285-300x200.jpg\" class=\"attachment-medium size-medium\" alt=\"\" srcset=\"https:\/\/www.parrocchiasgibattista.it\/wordpress\/wp-content\/uploads\/2019\/09\/IMG_9285-300x200.jpg 300w, https:\/\/www.parrocchiasgibattista.it\/wordpress\/wp-content\/uploads\/2019\/09\/IMG_9285-500x334.jpg 500w, https:\/\/www.parrocchiasgibattista.it\/wordpress\/wp-content\/uploads\/2019\/09\/IMG_9285-272x182.jpg 272w, https:\/\/www.parrocchiasgibattista.it\/wordpress\/wp-content\/uploads\/2019\/09\/IMG_9285.jpg 640w\" sizes=\"auto, (max-width: 300px) 100vw, 300px\" \/><\/a>\n\t\t\t<\/dt><\/dl><dl class='gallery-item'>\n\t\t\t<dt class='gallery-icon landscape'>\n\t\t\t\t<a href='https:\/\/www.parrocchiasgibattista.it\/wordpress\/wp-content\/uploads\/2019\/09\/IMG_9286.jpg'><img loading=\"lazy\" decoding=\"async\" width=\"300\" height=\"200\" src=\"https:\/\/www.parrocchiasgibattista.it\/wordpress\/wp-content\/uploads\/2019\/09\/IMG_9286-300x200.jpg\" class=\"attachment-medium size-medium\" alt=\"\" srcset=\"https:\/\/www.parrocchiasgibattista.it\/wordpress\/wp-content\/uploads\/2019\/09\/IMG_9286-300x200.jpg 300w, https:\/\/www.parrocchiasgibattista.it\/wordpress\/wp-content\/uploads\/2019\/09\/IMG_9286-500x334.jpg 500w, https:\/\/www.parrocchiasgibattista.it\/wordpress\/wp-content\/uploads\/2019\/09\/IMG_9286-272x182.jpg 272w, https:\/\/www.parrocchiasgibattista.it\/wordpress\/wp-content\/uploads\/2019\/09\/IMG_9286.jpg 640w\" sizes=\"auto, (max-width: 300px) 100vw, 300px\" \/><\/a>\n\t\t\t<\/dt><\/dl><dl class='gallery-item'>\n\t\t\t<dt class='gallery-icon landscape'>\n\t\t\t\t<a href='https:\/\/www.parrocchiasgibattista.it\/wordpress\/wp-content\/uploads\/2019\/09\/IMG_9287.jpg'><img loading=\"lazy\" decoding=\"async\" width=\"300\" height=\"200\" src=\"https:\/\/www.parrocchiasgibattista.it\/wordpress\/wp-content\/uploads\/2019\/09\/IMG_9287-300x200.jpg\" class=\"attachment-medium size-medium\" alt=\"\" srcset=\"https:\/\/www.parrocchiasgibattista.it\/wordpress\/wp-content\/uploads\/2019\/09\/IMG_9287-300x200.jpg 300w, https:\/\/www.parrocchiasgibattista.it\/wordpress\/wp-content\/uploads\/2019\/09\/IMG_9287-500x334.jpg 500w, https:\/\/www.parrocchiasgibattista.it\/wordpress\/wp-content\/uploads\/2019\/09\/IMG_9287-272x182.jpg 272w, https:\/\/www.parrocchiasgibattista.it\/wordpress\/wp-content\/uploads\/2019\/09\/IMG_9287.jpg 640w\" sizes=\"auto, (max-width: 300px) 100vw, 300px\" \/><\/a>\n\t\t\t<\/dt><\/dl><br style=\"clear: both\" \/><dl class='gallery-item'>\n\t\t\t<dt class='gallery-icon landscape'>\n\t\t\t\t<a href='https:\/\/www.parrocchiasgibattista.it\/wordpress\/wp-content\/uploads\/2019\/09\/IMG_9288.jpg'><img loading=\"lazy\" decoding=\"async\" width=\"300\" height=\"200\" src=\"https:\/\/www.parrocchiasgibattista.it\/wordpress\/wp-content\/uploads\/2019\/09\/IMG_9288-300x200.jpg\" class=\"attachment-medium size-medium\" alt=\"\" srcset=\"https:\/\/www.parrocchiasgibattista.it\/wordpress\/wp-content\/uploads\/2019\/09\/IMG_9288-300x200.jpg 300w, https:\/\/www.parrocchiasgibattista.it\/wordpress\/wp-content\/uploads\/2019\/09\/IMG_9288-500x334.jpg 500w, https:\/\/www.parrocchiasgibattista.it\/wordpress\/wp-content\/uploads\/2019\/09\/IMG_9288-272x182.jpg 272w, https:\/\/www.parrocchiasgibattista.it\/wordpress\/wp-content\/uploads\/2019\/09\/IMG_9288.jpg 640w\" sizes=\"auto, (max-width: 300px) 100vw, 300px\" \/><\/a>\n\t\t\t<\/dt><\/dl><dl class='gallery-item'>\n\t\t\t<dt class='gallery-icon landscape'>\n\t\t\t\t<a href='https:\/\/www.parrocchiasgibattista.it\/wordpress\/wp-content\/uploads\/2019\/09\/IMG_9289.jpg'><img loading=\"lazy\" decoding=\"async\" width=\"300\" height=\"200\" src=\"https:\/\/www.parrocchiasgibattista.it\/wordpress\/wp-content\/uploads\/2019\/09\/IMG_9289-300x200.jpg\" class=\"attachment-medium size-medium\" alt=\"\" srcset=\"https:\/\/www.parrocchiasgibattista.it\/wordpress\/wp-content\/uploads\/2019\/09\/IMG_9289-300x200.jpg 300w, https:\/\/www.parrocchiasgibattista.it\/wordpress\/wp-content\/uploads\/2019\/09\/IMG_9289-500x334.jpg 500w, https:\/\/www.parrocchiasgibattista.it\/wordpress\/wp-content\/uploads\/2019\/09\/IMG_9289-272x182.jpg 272w, https:\/\/www.parrocchiasgibattista.it\/wordpress\/wp-content\/uploads\/2019\/09\/IMG_9289.jpg 640w\" sizes=\"auto, (max-width: 300px) 100vw, 300px\" \/><\/a>\n\t\t\t<\/dt><\/dl><dl class='gallery-item'>\n\t\t\t<dt class='gallery-icon landscape'>\n\t\t\t\t<a href='https:\/\/www.parrocchiasgibattista.it\/wordpress\/wp-content\/uploads\/2019\/09\/IMG_9290.jpg'><img loading=\"lazy\" decoding=\"async\" width=\"300\" height=\"200\" src=\"https:\/\/www.parrocchiasgibattista.it\/wordpress\/wp-content\/uploads\/2019\/09\/IMG_9290-300x200.jpg\" class=\"attachment-medium size-medium\" alt=\"\" srcset=\"https:\/\/www.parrocchiasgibattista.it\/wordpress\/wp-content\/uploads\/2019\/09\/IMG_9290-300x200.jpg 300w, https:\/\/www.parrocchiasgibattista.it\/wordpress\/wp-content\/uploads\/2019\/09\/IMG_9290-500x334.jpg 500w, https:\/\/www.parrocchiasgibattista.it\/wordpress\/wp-content\/uploads\/2019\/09\/IMG_9290-272x182.jpg 272w, https:\/\/www.parrocchiasgibattista.it\/wordpress\/wp-content\/uploads\/2019\/09\/IMG_9290.jpg 640w\" sizes=\"auto, (max-width: 300px) 100vw, 300px\" \/><\/a>\n\t\t\t<\/dt><\/dl><dl class='gallery-item'>\n\t\t\t<dt class='gallery-icon landscape'>\n\t\t\t\t<a href='https:\/\/www.parrocchiasgibattista.it\/wordpress\/wp-content\/uploads\/2019\/09\/IMG_9291.jpg'><img loading=\"lazy\" decoding=\"async\" width=\"300\" height=\"200\" src=\"https:\/\/www.parrocchiasgibattista.it\/wordpress\/wp-content\/uploads\/2019\/09\/IMG_9291-300x200.jpg\" class=\"attachment-medium size-medium\" alt=\"\" srcset=\"https:\/\/www.parrocchiasgibattista.it\/wordpress\/wp-content\/uploads\/2019\/09\/IMG_9291-300x200.jpg 300w, https:\/\/www.parrocchiasgibattista.it\/wordpress\/wp-content\/uploads\/2019\/09\/IMG_9291-500x334.jpg 500w, https:\/\/www.parrocchiasgibattista.it\/wordpress\/wp-content\/uploads\/2019\/09\/IMG_9291-272x182.jpg 272w, https:\/\/www.parrocchiasgibattista.it\/wordpress\/wp-content\/uploads\/2019\/09\/IMG_9291.jpg 640w\" sizes=\"auto, (max-width: 300px) 100vw, 300px\" \/><\/a>\n\t\t\t<\/dt><\/dl><br style=\"clear: both\" \/><dl class='gallery-item'>\n\t\t\t<dt class='gallery-icon landscape'>\n\t\t\t\t<a href='https:\/\/www.parrocchiasgibattista.it\/wordpress\/wp-content\/uploads\/2019\/09\/IMG_9292.jpg'><img loading=\"lazy\" decoding=\"async\" width=\"300\" height=\"200\" src=\"https:\/\/www.parrocchiasgibattista.it\/wordpress\/wp-content\/uploads\/2019\/09\/IMG_9292-300x200.jpg\" class=\"attachment-medium size-medium\" alt=\"\" srcset=\"https:\/\/www.parrocchiasgibattista.it\/wordpress\/wp-content\/uploads\/2019\/09\/IMG_9292-300x200.jpg 300w, https:\/\/www.parrocchiasgibattista.it\/wordpress\/wp-content\/uploads\/2019\/09\/IMG_9292-500x334.jpg 500w, https:\/\/www.parrocchiasgibattista.it\/wordpress\/wp-content\/uploads\/2019\/09\/IMG_9292-272x182.jpg 272w, https:\/\/www.parrocchiasgibattista.it\/wordpress\/wp-content\/uploads\/2019\/09\/IMG_9292.jpg 640w\" sizes=\"auto, (max-width: 300px) 100vw, 300px\" \/><\/a>\n\t\t\t<\/dt><\/dl><dl class='gallery-item'>\n\t\t\t<dt class='gallery-icon landscape'>\n\t\t\t\t<a href='https:\/\/www.parrocchiasgibattista.it\/wordpress\/wp-content\/uploads\/2019\/09\/IMG_9293.jpg'><img loading=\"lazy\" decoding=\"async\" width=\"300\" height=\"200\" src=\"https:\/\/www.parrocchiasgibattista.it\/wordpress\/wp-content\/uploads\/2019\/09\/IMG_9293-300x200.jpg\" class=\"attachment-medium size-medium\" alt=\"\" srcset=\"https:\/\/www.parrocchiasgibattista.it\/wordpress\/wp-content\/uploads\/2019\/09\/IMG_9293-300x200.jpg 300w, https:\/\/www.parrocchiasgibattista.it\/wordpress\/wp-content\/uploads\/2019\/09\/IMG_9293-500x334.jpg 500w, https:\/\/www.parrocchiasgibattista.it\/wordpress\/wp-content\/uploads\/2019\/09\/IMG_9293-272x182.jpg 272w, https:\/\/www.parrocchiasgibattista.it\/wordpress\/wp-content\/uploads\/2019\/09\/IMG_9293.jpg 640w\" sizes=\"auto, (max-width: 300px) 100vw, 300px\" \/><\/a>\n\t\t\t<\/dt><\/dl><dl class='gallery-item'>\n\t\t\t<dt class='gallery-icon landscape'>\n\t\t\t\t<a href='https:\/\/www.parrocchiasgibattista.it\/wordpress\/wp-content\/uploads\/2019\/09\/IMG_9294.jpg'><img loading=\"lazy\" decoding=\"async\" width=\"300\" height=\"200\" src=\"https:\/\/www.parrocchiasgibattista.it\/wordpress\/wp-content\/uploads\/2019\/09\/IMG_9294-300x200.jpg\" class=\"attachment-medium size-medium\" alt=\"\" srcset=\"https:\/\/www.parrocchiasgibattista.it\/wordpress\/wp-content\/uploads\/2019\/09\/IMG_9294-300x200.jpg 300w, https:\/\/www.parrocchiasgibattista.it\/wordpress\/wp-content\/uploads\/2019\/09\/IMG_9294-500x334.jpg 500w, https:\/\/www.parrocchiasgibattista.it\/wordpress\/wp-content\/uploads\/2019\/09\/IMG_9294-272x182.jpg 272w, https:\/\/www.parrocchiasgibattista.it\/wordpress\/wp-content\/uploads\/2019\/09\/IMG_9294.jpg 640w\" sizes=\"auto, (max-width: 300px) 100vw, 300px\" \/><\/a>\n\t\t\t<\/dt><\/dl><dl class='gallery-item'>\n\t\t\t<dt class='gallery-icon landscape'>\n\t\t\t\t<a href='https:\/\/www.parrocchiasgibattista.it\/wordpress\/wp-content\/uploads\/2019\/09\/IMG_9295.jpg'><img loading=\"lazy\" decoding=\"async\" width=\"300\" height=\"200\" src=\"https:\/\/www.parrocchiasgibattista.it\/wordpress\/wp-content\/uploads\/2019\/09\/IMG_9295-300x200.jpg\" class=\"attachment-medium size-medium\" alt=\"\" srcset=\"https:\/\/www.parrocchiasgibattista.it\/wordpress\/wp-content\/uploads\/2019\/09\/IMG_9295-300x200.jpg 300w, https:\/\/www.parrocchiasgibattista.it\/wordpress\/wp-content\/uploads\/2019\/09\/IMG_9295-500x334.jpg 500w, https:\/\/www.parrocchiasgibattista.it\/wordpress\/wp-content\/uploads\/2019\/09\/IMG_9295-272x182.jpg 272w, https:\/\/www.parrocchiasgibattista.it\/wordpress\/wp-content\/uploads\/2019\/09\/IMG_9295.jpg 640w\" sizes=\"auto, (max-width: 300px) 100vw, 300px\" \/><\/a>\n\t\t\t<\/dt><\/dl><br style=\"clear: both\" \/><dl class='gallery-item'>\n\t\t\t<dt class='gallery-icon landscape'>\n\t\t\t\t<a href='https:\/\/www.parrocchiasgibattista.it\/wordpress\/wp-content\/uploads\/2019\/09\/IMG_9296.jpg'><img loading=\"lazy\" decoding=\"async\" width=\"300\" height=\"200\" src=\"https:\/\/www.parrocchiasgibattista.it\/wordpress\/wp-content\/uploads\/2019\/09\/IMG_9296-300x200.jpg\" class=\"attachment-medium size-medium\" alt=\"\" srcset=\"https:\/\/www.parrocchiasgibattista.it\/wordpress\/wp-content\/uploads\/2019\/09\/IMG_9296-300x200.jpg 300w, https:\/\/www.parrocchiasgibattista.it\/wordpress\/wp-content\/uploads\/2019\/09\/IMG_9296-500x334.jpg 500w, https:\/\/www.parrocchiasgibattista.it\/wordpress\/wp-content\/uploads\/2019\/09\/IMG_9296-272x182.jpg 272w, https:\/\/www.parrocchiasgibattista.it\/wordpress\/wp-content\/uploads\/2019\/09\/IMG_9296.jpg 640w\" sizes=\"auto, (max-width: 300px) 100vw, 300px\" \/><\/a>\n\t\t\t<\/dt><\/dl><dl class='gallery-item'>\n\t\t\t<dt class='gallery-icon landscape'>\n\t\t\t\t<a href='https:\/\/www.parrocchiasgibattista.it\/wordpress\/wp-content\/uploads\/2019\/09\/IMG_9297.jpg'><img loading=\"lazy\" decoding=\"async\" width=\"300\" height=\"200\" src=\"https:\/\/www.parrocchiasgibattista.it\/wordpress\/wp-content\/uploads\/2019\/09\/IMG_9297-300x200.jpg\" class=\"attachment-medium size-medium\" alt=\"\" srcset=\"https:\/\/www.parrocchiasgibattista.it\/wordpress\/wp-content\/uploads\/2019\/09\/IMG_9297-300x200.jpg 300w, https:\/\/www.parrocchiasgibattista.it\/wordpress\/wp-content\/uploads\/2019\/09\/IMG_9297-500x334.jpg 500w, https:\/\/www.parrocchiasgibattista.it\/wordpress\/wp-content\/uploads\/2019\/09\/IMG_9297-272x182.jpg 272w, https:\/\/www.parrocchiasgibattista.it\/wordpress\/wp-content\/uploads\/2019\/09\/IMG_9297.jpg 640w\" sizes=\"auto, (max-width: 300px) 100vw, 300px\" \/><\/a>\n\t\t\t<\/dt><\/dl><dl class='gallery-item'>\n\t\t\t<dt class='gallery-icon landscape'>\n\t\t\t\t<a href='https:\/\/www.parrocchiasgibattista.it\/wordpress\/wp-content\/uploads\/2019\/09\/IMG_9298.jpg'><img loading=\"lazy\" decoding=\"async\" width=\"300\" height=\"200\" src=\"https:\/\/www.parrocchiasgibattista.it\/wordpress\/wp-content\/uploads\/2019\/09\/IMG_9298-300x200.jpg\" class=\"attachment-medium size-medium\" alt=\"\" srcset=\"https:\/\/www.parrocchiasgibattista.it\/wordpress\/wp-content\/uploads\/2019\/09\/IMG_9298-300x200.jpg 300w, https:\/\/www.parrocchiasgibattista.it\/wordpress\/wp-content\/uploads\/2019\/09\/IMG_9298-500x334.jpg 500w, https:\/\/www.parrocchiasgibattista.it\/wordpress\/wp-content\/uploads\/2019\/09\/IMG_9298-272x182.jpg 272w, https:\/\/www.parrocchiasgibattista.it\/wordpress\/wp-content\/uploads\/2019\/09\/IMG_9298.jpg 640w\" sizes=\"auto, (max-width: 300px) 100vw, 300px\" \/><\/a>\n\t\t\t<\/dt><\/dl><dl class='gallery-item'>\n\t\t\t<dt class='gallery-icon landscape'>\n\t\t\t\t<a href='https:\/\/www.parrocchiasgibattista.it\/wordpress\/wp-content\/uploads\/2019\/09\/IMG_9299.jpg'><img loading=\"lazy\" decoding=\"async\" width=\"300\" height=\"200\" src=\"https:\/\/www.parrocchiasgibattista.it\/wordpress\/wp-content\/uploads\/2019\/09\/IMG_9299-300x200.jpg\" class=\"attachment-medium size-medium\" alt=\"\" srcset=\"https:\/\/www.parrocchiasgibattista.it\/wordpress\/wp-content\/uploads\/2019\/09\/IMG_9299-300x200.jpg 300w, https:\/\/www.parrocchiasgibattista.it\/wordpress\/wp-content\/uploads\/2019\/09\/IMG_9299-500x334.jpg 500w, https:\/\/www.parrocchiasgibattista.it\/wordpress\/wp-content\/uploads\/2019\/09\/IMG_9299-272x182.jpg 272w, https:\/\/www.parrocchiasgibattista.it\/wordpress\/wp-content\/uploads\/2019\/09\/IMG_9299.jpg 640w\" sizes=\"auto, (max-width: 300px) 100vw, 300px\" \/><\/a>\n\t\t\t<\/dt><\/dl><br style=\"clear: both\" \/><dl class='gallery-item'>\n\t\t\t<dt class='gallery-icon landscape'>\n\t\t\t\t<a href='https:\/\/www.parrocchiasgibattista.it\/wordpress\/wp-content\/uploads\/2019\/09\/IMG_9300.jpg'><img loading=\"lazy\" decoding=\"async\" width=\"300\" height=\"200\" src=\"https:\/\/www.parrocchiasgibattista.it\/wordpress\/wp-content\/uploads\/2019\/09\/IMG_9300-300x200.jpg\" class=\"attachment-medium size-medium\" alt=\"\" srcset=\"https:\/\/www.parrocchiasgibattista.it\/wordpress\/wp-content\/uploads\/2019\/09\/IMG_9300-300x200.jpg 300w, https:\/\/www.parrocchiasgibattista.it\/wordpress\/wp-content\/uploads\/2019\/09\/IMG_9300-500x334.jpg 500w, https:\/\/www.parrocchiasgibattista.it\/wordpress\/wp-content\/uploads\/2019\/09\/IMG_9300-272x182.jpg 272w, https:\/\/www.parrocchiasgibattista.it\/wordpress\/wp-content\/uploads\/2019\/09\/IMG_9300.jpg 640w\" sizes=\"auto, (max-width: 300px) 100vw, 300px\" \/><\/a>\n\t\t\t<\/dt><\/dl><dl class='gallery-item'>\n\t\t\t<dt class='gallery-icon landscape'>\n\t\t\t\t<a href='https:\/\/www.parrocchiasgibattista.it\/wordpress\/wp-content\/uploads\/2019\/09\/IMG_9301.jpg'><img loading=\"lazy\" decoding=\"async\" width=\"300\" height=\"200\" src=\"https:\/\/www.parrocchiasgibattista.it\/wordpress\/wp-content\/uploads\/2019\/09\/IMG_9301-300x200.jpg\" class=\"attachment-medium size-medium\" alt=\"\" srcset=\"https:\/\/www.parrocchiasgibattista.it\/wordpress\/wp-content\/uploads\/2019\/09\/IMG_9301-300x200.jpg 300w, https:\/\/www.parrocchiasgibattista.it\/wordpress\/wp-content\/uploads\/2019\/09\/IMG_9301-500x334.jpg 500w, https:\/\/www.parrocchiasgibattista.it\/wordpress\/wp-content\/uploads\/2019\/09\/IMG_9301-272x182.jpg 272w, https:\/\/www.parrocchiasgibattista.it\/wordpress\/wp-content\/uploads\/2019\/09\/IMG_9301.jpg 640w\" sizes=\"auto, (max-width: 300px) 100vw, 300px\" \/><\/a>\n\t\t\t<\/dt><\/dl><dl class='gallery-item'>\n\t\t\t<dt class='gallery-icon landscape'>\n\t\t\t\t<a href='https:\/\/www.parrocchiasgibattista.it\/wordpress\/wp-content\/uploads\/2019\/09\/IMG_9302.jpg'><img loading=\"lazy\" decoding=\"async\" width=\"300\" height=\"200\" src=\"https:\/\/www.parrocchiasgibattista.it\/wordpress\/wp-content\/uploads\/2019\/09\/IMG_9302-300x200.jpg\" class=\"attachment-medium size-medium\" alt=\"\" srcset=\"https:\/\/www.parrocchiasgibattista.it\/wordpress\/wp-content\/uploads\/2019\/09\/IMG_9302-300x200.jpg 300w, https:\/\/www.parrocchiasgibattista.it\/wordpress\/wp-content\/uploads\/2019\/09\/IMG_9302-500x334.jpg 500w, https:\/\/www.parrocchiasgibattista.it\/wordpress\/wp-content\/uploads\/2019\/09\/IMG_9302-272x182.jpg 272w, https:\/\/www.parrocchiasgibattista.it\/wordpress\/wp-content\/uploads\/2019\/09\/IMG_9302.jpg 640w\" sizes=\"auto, (max-width: 300px) 100vw, 300px\" \/><\/a>\n\t\t\t<\/dt><\/dl><dl class='gallery-item'>\n\t\t\t<dt class='gallery-icon landscape'>\n\t\t\t\t<a href='https:\/\/www.parrocchiasgibattista.it\/wordpress\/wp-content\/uploads\/2019\/09\/IMG_9303.jpg'><img loading=\"lazy\" decoding=\"async\" width=\"300\" height=\"200\" src=\"https:\/\/www.parrocchiasgibattista.it\/wordpress\/wp-content\/uploads\/2019\/09\/IMG_9303-300x200.jpg\" class=\"attachment-medium size-medium\" alt=\"\" srcset=\"https:\/\/www.parrocchiasgibattista.it\/wordpress\/wp-content\/uploads\/2019\/09\/IMG_9303-300x200.jpg 300w, https:\/\/www.parrocchiasgibattista.it\/wordpress\/wp-content\/uploads\/2019\/09\/IMG_9303-500x334.jpg 500w, https:\/\/www.parrocchiasgibattista.it\/wordpress\/wp-content\/uploads\/2019\/09\/IMG_9303-272x182.jpg 272w, https:\/\/www.parrocchiasgibattista.it\/wordpress\/wp-content\/uploads\/2019\/09\/IMG_9303.jpg 640w\" sizes=\"auto, (max-width: 300px) 100vw, 300px\" \/><\/a>\n\t\t\t<\/dt><\/dl><br style=\"clear: both\" \/><dl class='gallery-item'>\n\t\t\t<dt class='gallery-icon landscape'>\n\t\t\t\t<a href='https:\/\/www.parrocchiasgibattista.it\/wordpress\/wp-content\/uploads\/2019\/09\/IMG_9304.jpg'><img loading=\"lazy\" decoding=\"async\" width=\"300\" height=\"200\" src=\"https:\/\/www.parrocchiasgibattista.it\/wordpress\/wp-content\/uploads\/2019\/09\/IMG_9304-300x200.jpg\" class=\"attachment-medium size-medium\" alt=\"\" srcset=\"https:\/\/www.parrocchiasgibattista.it\/wordpress\/wp-content\/uploads\/2019\/09\/IMG_9304-300x200.jpg 300w, https:\/\/www.parrocchiasgibattista.it\/wordpress\/wp-content\/uploads\/2019\/09\/IMG_9304-500x334.jpg 500w, https:\/\/www.parrocchiasgibattista.it\/wordpress\/wp-content\/uploads\/2019\/09\/IMG_9304-272x182.jpg 272w, https:\/\/www.parrocchiasgibattista.it\/wordpress\/wp-content\/uploads\/2019\/09\/IMG_9304.jpg 640w\" sizes=\"auto, (max-width: 300px) 100vw, 300px\" \/><\/a>\n\t\t\t<\/dt><\/dl><dl class='gallery-item'>\n\t\t\t<dt class='gallery-icon landscape'>\n\t\t\t\t<a href='https:\/\/www.parrocchiasgibattista.it\/wordpress\/wp-content\/uploads\/2019\/09\/IMG_9305.jpg'><img loading=\"lazy\" decoding=\"async\" width=\"300\" height=\"200\" src=\"https:\/\/www.parrocchiasgibattista.it\/wordpress\/wp-content\/uploads\/2019\/09\/IMG_9305-300x200.jpg\" class=\"attachment-medium size-medium\" alt=\"\" srcset=\"https:\/\/www.parrocchiasgibattista.it\/wordpress\/wp-content\/uploads\/2019\/09\/IMG_9305-300x200.jpg 300w, https:\/\/www.parrocchiasgibattista.it\/wordpress\/wp-content\/uploads\/2019\/09\/IMG_9305-500x334.jpg 500w, https:\/\/www.parrocchiasgibattista.it\/wordpress\/wp-content\/uploads\/2019\/09\/IMG_9305-272x182.jpg 272w, https:\/\/www.parrocchiasgibattista.it\/wordpress\/wp-content\/uploads\/2019\/09\/IMG_9305.jpg 640w\" sizes=\"auto, (max-width: 300px) 100vw, 300px\" \/><\/a>\n\t\t\t<\/dt><\/dl><dl class='gallery-item'>\n\t\t\t<dt class='gallery-icon landscape'>\n\t\t\t\t<a href='https:\/\/www.parrocchiasgibattista.it\/wordpress\/wp-content\/uploads\/2019\/09\/IMG_9306.jpg'><img loading=\"lazy\" decoding=\"async\" width=\"300\" height=\"200\" src=\"https:\/\/www.parrocchiasgibattista.it\/wordpress\/wp-content\/uploads\/2019\/09\/IMG_9306-300x200.jpg\" class=\"attachment-medium size-medium\" alt=\"\" srcset=\"https:\/\/www.parrocchiasgibattista.it\/wordpress\/wp-content\/uploads\/2019\/09\/IMG_9306-300x200.jpg 300w, https:\/\/www.parrocchiasgibattista.it\/wordpress\/wp-content\/uploads\/2019\/09\/IMG_9306-500x334.jpg 500w, https:\/\/www.parrocchiasgibattista.it\/wordpress\/wp-content\/uploads\/2019\/09\/IMG_9306-272x182.jpg 272w, https:\/\/www.parrocchiasgibattista.it\/wordpress\/wp-content\/uploads\/2019\/09\/IMG_9306.jpg 640w\" sizes=\"auto, (max-width: 300px) 100vw, 300px\" \/><\/a>\n\t\t\t<\/dt><\/dl><dl class='gallery-item'>\n\t\t\t<dt class='gallery-icon landscape'>\n\t\t\t\t<a href='https:\/\/www.parrocchiasgibattista.it\/wordpress\/wp-content\/uploads\/2019\/09\/IMG_9307.jpg'><img loading=\"lazy\" decoding=\"async\" width=\"300\" height=\"200\" src=\"https:\/\/www.parrocchiasgibattista.it\/wordpress\/wp-content\/uploads\/2019\/09\/IMG_9307-300x200.jpg\" class=\"attachment-medium size-medium\" alt=\"\" srcset=\"https:\/\/www.parrocchiasgibattista.it\/wordpress\/wp-content\/uploads\/2019\/09\/IMG_9307-300x200.jpg 300w, https:\/\/www.parrocchiasgibattista.it\/wordpress\/wp-content\/uploads\/2019\/09\/IMG_9307-500x334.jpg 500w, https:\/\/www.parrocchiasgibattista.it\/wordpress\/wp-content\/uploads\/2019\/09\/IMG_9307-272x182.jpg 272w, https:\/\/www.parrocchiasgibattista.it\/wordpress\/wp-content\/uploads\/2019\/09\/IMG_9307.jpg 640w\" sizes=\"auto, (max-width: 300px) 100vw, 300px\" \/><\/a>\n\t\t\t<\/dt><\/dl><br style=\"clear: both\" \/><dl class='gallery-item'>\n\t\t\t<dt class='gallery-icon landscape'>\n\t\t\t\t<a href='https:\/\/www.parrocchiasgibattista.it\/wordpress\/wp-content\/uploads\/2019\/09\/IMG_9309.jpg'><img loading=\"lazy\" decoding=\"async\" width=\"300\" height=\"200\" src=\"https:\/\/www.parrocchiasgibattista.it\/wordpress\/wp-content\/uploads\/2019\/09\/IMG_9309-300x200.jpg\" class=\"attachment-medium size-medium\" alt=\"\" srcset=\"https:\/\/www.parrocchiasgibattista.it\/wordpress\/wp-content\/uploads\/2019\/09\/IMG_9309-300x200.jpg 300w, https:\/\/www.parrocchiasgibattista.it\/wordpress\/wp-content\/uploads\/2019\/09\/IMG_9309-500x334.jpg 500w, https:\/\/www.parrocchiasgibattista.it\/wordpress\/wp-content\/uploads\/2019\/09\/IMG_9309-272x182.jpg 272w, https:\/\/www.parrocchiasgibattista.it\/wordpress\/wp-content\/uploads\/2019\/09\/IMG_9309.jpg 640w\" sizes=\"auto, (max-width: 300px) 100vw, 300px\" \/><\/a>\n\t\t\t<\/dt><\/dl><dl class='gallery-item'>\n\t\t\t<dt class='gallery-icon landscape'>\n\t\t\t\t<a href='https:\/\/www.parrocchiasgibattista.it\/wordpress\/wp-content\/uploads\/2019\/09\/IMG_9310.jpg'><img loading=\"lazy\" decoding=\"async\" width=\"300\" height=\"200\" src=\"https:\/\/www.parrocchiasgibattista.it\/wordpress\/wp-content\/uploads\/2019\/09\/IMG_9310-300x200.jpg\" class=\"attachment-medium size-medium\" alt=\"\" srcset=\"https:\/\/www.parrocchiasgibattista.it\/wordpress\/wp-content\/uploads\/2019\/09\/IMG_9310-300x200.jpg 300w, https:\/\/www.parrocchiasgibattista.it\/wordpress\/wp-content\/uploads\/2019\/09\/IMG_9310-500x334.jpg 500w, https:\/\/www.parrocchiasgibattista.it\/wordpress\/wp-content\/uploads\/2019\/09\/IMG_9310-272x182.jpg 272w, https:\/\/www.parrocchiasgibattista.it\/wordpress\/wp-content\/uploads\/2019\/09\/IMG_9310.jpg 640w\" sizes=\"auto, (max-width: 300px) 100vw, 300px\" \/><\/a>\n\t\t\t<\/dt><\/dl><dl class='gallery-item'>\n\t\t\t<dt class='gallery-icon landscape'>\n\t\t\t\t<a href='https:\/\/www.parrocchiasgibattista.it\/wordpress\/wp-content\/uploads\/2019\/09\/IMG_9311.jpg'><img loading=\"lazy\" decoding=\"async\" width=\"300\" height=\"200\" src=\"https:\/\/www.parrocchiasgibattista.it\/wordpress\/wp-content\/uploads\/2019\/09\/IMG_9311-300x200.jpg\" class=\"attachment-medium size-medium\" alt=\"\" srcset=\"https:\/\/www.parrocchiasgibattista.it\/wordpress\/wp-content\/uploads\/2019\/09\/IMG_9311-300x200.jpg 300w, https:\/\/www.parrocchiasgibattista.it\/wordpress\/wp-content\/uploads\/2019\/09\/IMG_9311-500x334.jpg 500w, https:\/\/www.parrocchiasgibattista.it\/wordpress\/wp-content\/uploads\/2019\/09\/IMG_9311-272x182.jpg 272w, https:\/\/www.parrocchiasgibattista.it\/wordpress\/wp-content\/uploads\/2019\/09\/IMG_9311.jpg 640w\" sizes=\"auto, (max-width: 300px) 100vw, 300px\" \/><\/a>\n\t\t\t<\/dt><\/dl><dl class='gallery-item'>\n\t\t\t<dt class='gallery-icon landscape'>\n\t\t\t\t<a href='https:\/\/www.parrocchiasgibattista.it\/wordpress\/wp-content\/uploads\/2019\/09\/IMG_9315.jpg'><img loading=\"lazy\" decoding=\"async\" width=\"300\" height=\"200\" src=\"https:\/\/www.parrocchiasgibattista.it\/wordpress\/wp-content\/uploads\/2019\/09\/IMG_9315-300x200.jpg\" class=\"attachment-medium size-medium\" alt=\"\" srcset=\"https:\/\/www.parrocchiasgibattista.it\/wordpress\/wp-content\/uploads\/2019\/09\/IMG_9315-300x200.jpg 300w, https:\/\/www.parrocchiasgibattista.it\/wordpress\/wp-content\/uploads\/2019\/09\/IMG_9315-500x334.jpg 500w, https:\/\/www.parrocchiasgibattista.it\/wordpress\/wp-content\/uploads\/2019\/09\/IMG_9315-272x182.jpg 272w, https:\/\/www.parrocchiasgibattista.it\/wordpress\/wp-content\/uploads\/2019\/09\/IMG_9315.jpg 640w\" sizes=\"auto, (max-width: 300px) 100vw, 300px\" \/><\/a>\n\t\t\t<\/dt><\/dl><br style=\"clear: both\" \/><dl class='gallery-item'>\n\t\t\t<dt class='gallery-icon landscape'>\n\t\t\t\t<a href='https:\/\/www.parrocchiasgibattista.it\/wordpress\/wp-content\/uploads\/2019\/09\/IMG_9316.jpg'><img loading=\"lazy\" decoding=\"async\" width=\"300\" height=\"200\" src=\"https:\/\/www.parrocchiasgibattista.it\/wordpress\/wp-content\/uploads\/2019\/09\/IMG_9316-300x200.jpg\" class=\"attachment-medium size-medium\" alt=\"\" srcset=\"https:\/\/www.parrocchiasgibattista.it\/wordpress\/wp-content\/uploads\/2019\/09\/IMG_9316-300x200.jpg 300w, https:\/\/www.parrocchiasgibattista.it\/wordpress\/wp-content\/uploads\/2019\/09\/IMG_9316-500x334.jpg 500w, https:\/\/www.parrocchiasgibattista.it\/wordpress\/wp-content\/uploads\/2019\/09\/IMG_9316-272x182.jpg 272w, https:\/\/www.parrocchiasgibattista.it\/wordpress\/wp-content\/uploads\/2019\/09\/IMG_9316.jpg 640w\" sizes=\"auto, (max-width: 300px) 100vw, 300px\" \/><\/a>\n\t\t\t<\/dt><\/dl><dl class='gallery-item'>\n\t\t\t<dt class='gallery-icon landscape'>\n\t\t\t\t<a href='https:\/\/www.parrocchiasgibattista.it\/wordpress\/wp-content\/uploads\/2019\/09\/IMG_9317.jpg'><img loading=\"lazy\" decoding=\"async\" width=\"300\" height=\"200\" src=\"https:\/\/www.parrocchiasgibattista.it\/wordpress\/wp-content\/uploads\/2019\/09\/IMG_9317-300x200.jpg\" class=\"attachment-medium size-medium\" alt=\"\" srcset=\"https:\/\/www.parrocchiasgibattista.it\/wordpress\/wp-content\/uploads\/2019\/09\/IMG_9317-300x200.jpg 300w, https:\/\/www.parrocchiasgibattista.it\/wordpress\/wp-content\/uploads\/2019\/09\/IMG_9317-500x334.jpg 500w, https:\/\/www.parrocchiasgibattista.it\/wordpress\/wp-content\/uploads\/2019\/09\/IMG_9317-272x182.jpg 272w, https:\/\/www.parrocchiasgibattista.it\/wordpress\/wp-content\/uploads\/2019\/09\/IMG_9317.jpg 640w\" sizes=\"auto, (max-width: 300px) 100vw, 300px\" \/><\/a>\n\t\t\t<\/dt><\/dl><dl class='gallery-item'>\n\t\t\t<dt class='gallery-icon landscape'>\n\t\t\t\t<a href='https:\/\/www.parrocchiasgibattista.it\/wordpress\/wp-content\/uploads\/2019\/09\/IMG_9320.jpg'><img loading=\"lazy\" decoding=\"async\" width=\"300\" height=\"200\" src=\"https:\/\/www.parrocchiasgibattista.it\/wordpress\/wp-content\/uploads\/2019\/09\/IMG_9320-300x200.jpg\" class=\"attachment-medium size-medium\" alt=\"\" srcset=\"https:\/\/www.parrocchiasgibattista.it\/wordpress\/wp-content\/uploads\/2019\/09\/IMG_9320-300x200.jpg 300w, https:\/\/www.parrocchiasgibattista.it\/wordpress\/wp-content\/uploads\/2019\/09\/IMG_9320-500x334.jpg 500w, https:\/\/www.parrocchiasgibattista.it\/wordpress\/wp-content\/uploads\/2019\/09\/IMG_9320-272x182.jpg 272w, https:\/\/www.parrocchiasgibattista.it\/wordpress\/wp-content\/uploads\/2019\/09\/IMG_9320.jpg 640w\" sizes=\"auto, (max-width: 300px) 100vw, 300px\" \/><\/a>\n\t\t\t<\/dt><\/dl><dl class='gallery-item'>\n\t\t\t<dt class='gallery-icon landscape'>\n\t\t\t\t<a href='https:\/\/www.parrocchiasgibattista.it\/wordpress\/wp-content\/uploads\/2019\/09\/IMG_9321.jpg'><img loading=\"lazy\" decoding=\"async\" width=\"300\" height=\"200\" src=\"https:\/\/www.parrocchiasgibattista.it\/wordpress\/wp-content\/uploads\/2019\/09\/IMG_9321-300x200.jpg\" class=\"attachment-medium size-medium\" alt=\"\" srcset=\"https:\/\/www.parrocchiasgibattista.it\/wordpress\/wp-content\/uploads\/2019\/09\/IMG_9321-300x200.jpg 300w, https:\/\/www.parrocchiasgibattista.it\/wordpress\/wp-content\/uploads\/2019\/09\/IMG_9321-500x334.jpg 500w, https:\/\/www.parrocchiasgibattista.it\/wordpress\/wp-content\/uploads\/2019\/09\/IMG_9321-272x182.jpg 272w, https:\/\/www.parrocchiasgibattista.it\/wordpress\/wp-content\/uploads\/2019\/09\/IMG_9321.jpg 640w\" sizes=\"auto, (max-width: 300px) 100vw, 300px\" \/><\/a>\n\t\t\t<\/dt><\/dl><br style=\"clear: both\" \/><dl class='gallery-item'>\n\t\t\t<dt class='gallery-icon landscape'>\n\t\t\t\t<a href='https:\/\/www.parrocchiasgibattista.it\/wordpress\/wp-content\/uploads\/2019\/09\/IMG_9322.jpg'><img loading=\"lazy\" decoding=\"async\" width=\"300\" height=\"200\" src=\"https:\/\/www.parrocchiasgibattista.it\/wordpress\/wp-content\/uploads\/2019\/09\/IMG_9322-300x200.jpg\" class=\"attachment-medium size-medium\" alt=\"\" srcset=\"https:\/\/www.parrocchiasgibattista.it\/wordpress\/wp-content\/uploads\/2019\/09\/IMG_9322-300x200.jpg 300w, https:\/\/www.parrocchiasgibattista.it\/wordpress\/wp-content\/uploads\/2019\/09\/IMG_9322-500x334.jpg 500w, https:\/\/www.parrocchiasgibattista.it\/wordpress\/wp-content\/uploads\/2019\/09\/IMG_9322-272x182.jpg 272w, https:\/\/www.parrocchiasgibattista.it\/wordpress\/wp-content\/uploads\/2019\/09\/IMG_9322.jpg 640w\" sizes=\"auto, (max-width: 300px) 100vw, 300px\" \/><\/a>\n\t\t\t<\/dt><\/dl><dl class='gallery-item'>\n\t\t\t<dt class='gallery-icon landscape'>\n\t\t\t\t<a href='https:\/\/www.parrocchiasgibattista.it\/wordpress\/wp-content\/uploads\/2019\/09\/IMG_9333.jpg'><img loading=\"lazy\" decoding=\"async\" width=\"300\" height=\"200\" src=\"https:\/\/www.parrocchiasgibattista.it\/wordpress\/wp-content\/uploads\/2019\/09\/IMG_9333-300x200.jpg\" class=\"attachment-medium size-medium\" alt=\"\" srcset=\"https:\/\/www.parrocchiasgibattista.it\/wordpress\/wp-content\/uploads\/2019\/09\/IMG_9333-300x200.jpg 300w, https:\/\/www.parrocchiasgibattista.it\/wordpress\/wp-content\/uploads\/2019\/09\/IMG_9333-500x334.jpg 500w, https:\/\/www.parrocchiasgibattista.it\/wordpress\/wp-content\/uploads\/2019\/09\/IMG_9333-272x182.jpg 272w, https:\/\/www.parrocchiasgibattista.it\/wordpress\/wp-content\/uploads\/2019\/09\/IMG_9333.jpg 640w\" sizes=\"auto, (max-width: 300px) 100vw, 300px\" \/><\/a>\n\t\t\t<\/dt><\/dl><dl class='gallery-item'>\n\t\t\t<dt class='gallery-icon landscape'>\n\t\t\t\t<a href='https:\/\/www.parrocchiasgibattista.it\/wordpress\/wp-content\/uploads\/2019\/09\/IMG_9334.jpg'><img loading=\"lazy\" decoding=\"async\" width=\"300\" height=\"200\" src=\"https:\/\/www.parrocchiasgibattista.it\/wordpress\/wp-content\/uploads\/2019\/09\/IMG_9334-300x200.jpg\" class=\"attachment-medium size-medium\" alt=\"\" srcset=\"https:\/\/www.parrocchiasgibattista.it\/wordpress\/wp-content\/uploads\/2019\/09\/IMG_9334-300x200.jpg 300w, https:\/\/www.parrocchiasgibattista.it\/wordpress\/wp-content\/uploads\/2019\/09\/IMG_9334-500x334.jpg 500w, https:\/\/www.parrocchiasgibattista.it\/wordpress\/wp-content\/uploads\/2019\/09\/IMG_9334-272x182.jpg 272w, https:\/\/www.parrocchiasgibattista.it\/wordpress\/wp-content\/uploads\/2019\/09\/IMG_9334.jpg 640w\" sizes=\"auto, (max-width: 300px) 100vw, 300px\" \/><\/a>\n\t\t\t<\/dt><\/dl><dl class='gallery-item'>\n\t\t\t<dt class='gallery-icon landscape'>\n\t\t\t\t<a href='https:\/\/www.parrocchiasgibattista.it\/wordpress\/wp-content\/uploads\/2019\/09\/IMG_9341.jpg'><img loading=\"lazy\" decoding=\"async\" width=\"300\" height=\"200\" src=\"https:\/\/www.parrocchiasgibattista.it\/wordpress\/wp-content\/uploads\/2019\/09\/IMG_9341-300x200.jpg\" class=\"attachment-medium size-medium\" alt=\"\" srcset=\"https:\/\/www.parrocchiasgibattista.it\/wordpress\/wp-content\/uploads\/2019\/09\/IMG_9341-300x200.jpg 300w, https:\/\/www.parrocchiasgibattista.it\/wordpress\/wp-content\/uploads\/2019\/09\/IMG_9341-500x334.jpg 500w, https:\/\/www.parrocchiasgibattista.it\/wordpress\/wp-content\/uploads\/2019\/09\/IMG_9341-272x182.jpg 272w, https:\/\/www.parrocchiasgibattista.it\/wordpress\/wp-content\/uploads\/2019\/09\/IMG_9341.jpg 640w\" sizes=\"auto, (max-width: 300px) 100vw, 300px\" \/><\/a>\n\t\t\t<\/dt><\/dl><br style=\"clear: both\" \/><dl class='gallery-item'>\n\t\t\t<dt class='gallery-icon landscape'>\n\t\t\t\t<a href='https:\/\/www.parrocchiasgibattista.it\/wordpress\/wp-content\/uploads\/2019\/09\/IMG_9342.jpg'><img loading=\"lazy\" decoding=\"async\" width=\"300\" height=\"200\" src=\"https:\/\/www.parrocchiasgibattista.it\/wordpress\/wp-content\/uploads\/2019\/09\/IMG_9342-300x200.jpg\" class=\"attachment-medium size-medium\" alt=\"\" srcset=\"https:\/\/www.parrocchiasgibattista.it\/wordpress\/wp-content\/uploads\/2019\/09\/IMG_9342-300x200.jpg 300w, https:\/\/www.parrocchiasgibattista.it\/wordpress\/wp-content\/uploads\/2019\/09\/IMG_9342-500x334.jpg 500w, https:\/\/www.parrocchiasgibattista.it\/wordpress\/wp-content\/uploads\/2019\/09\/IMG_9342-272x182.jpg 272w, https:\/\/www.parrocchiasgibattista.it\/wordpress\/wp-content\/uploads\/2019\/09\/IMG_9342.jpg 640w\" sizes=\"auto, (max-width: 300px) 100vw, 300px\" \/><\/a>\n\t\t\t<\/dt><\/dl><dl class='gallery-item'>\n\t\t\t<dt class='gallery-icon landscape'>\n\t\t\t\t<a href='https:\/\/www.parrocchiasgibattista.it\/wordpress\/wp-content\/uploads\/2019\/09\/IMG_9343.jpg'><img loading=\"lazy\" decoding=\"async\" width=\"300\" height=\"200\" src=\"https:\/\/www.parrocchiasgibattista.it\/wordpress\/wp-content\/uploads\/2019\/09\/IMG_9343-300x200.jpg\" class=\"attachment-medium size-medium\" alt=\"\" srcset=\"https:\/\/www.parrocchiasgibattista.it\/wordpress\/wp-content\/uploads\/2019\/09\/IMG_9343-300x200.jpg 300w, https:\/\/www.parrocchiasgibattista.it\/wordpress\/wp-content\/uploads\/2019\/09\/IMG_9343-500x334.jpg 500w, https:\/\/www.parrocchiasgibattista.it\/wordpress\/wp-content\/uploads\/2019\/09\/IMG_9343-272x182.jpg 272w, https:\/\/www.parrocchiasgibattista.it\/wordpress\/wp-content\/uploads\/2019\/09\/IMG_9343.jpg 640w\" sizes=\"auto, (max-width: 300px) 100vw, 300px\" \/><\/a>\n\t\t\t<\/dt><\/dl><dl class='gallery-item'>\n\t\t\t<dt class='gallery-icon landscape'>\n\t\t\t\t<a href='https:\/\/www.parrocchiasgibattista.it\/wordpress\/wp-content\/uploads\/2019\/09\/IMG_9344.jpg'><img loading=\"lazy\" decoding=\"async\" width=\"300\" height=\"200\" src=\"https:\/\/www.parrocchiasgibattista.it\/wordpress\/wp-content\/uploads\/2019\/09\/IMG_9344-300x200.jpg\" class=\"attachment-medium size-medium\" alt=\"\" srcset=\"https:\/\/www.parrocchiasgibattista.it\/wordpress\/wp-content\/uploads\/2019\/09\/IMG_9344-300x200.jpg 300w, https:\/\/www.parrocchiasgibattista.it\/wordpress\/wp-content\/uploads\/2019\/09\/IMG_9344-500x334.jpg 500w, https:\/\/www.parrocchiasgibattista.it\/wordpress\/wp-content\/uploads\/2019\/09\/IMG_9344-272x182.jpg 272w, https:\/\/www.parrocchiasgibattista.it\/wordpress\/wp-content\/uploads\/2019\/09\/IMG_9344.jpg 640w\" sizes=\"auto, (max-width: 300px) 100vw, 300px\" \/><\/a>\n\t\t\t<\/dt><\/dl><dl class='gallery-item'>\n\t\t\t<dt class='gallery-icon landscape'>\n\t\t\t\t<a href='https:\/\/www.parrocchiasgibattista.it\/wordpress\/wp-content\/uploads\/2019\/09\/IMG_9345.jpg'><img loading=\"lazy\" decoding=\"async\" width=\"300\" height=\"200\" src=\"https:\/\/www.parrocchiasgibattista.it\/wordpress\/wp-content\/uploads\/2019\/09\/IMG_9345-300x200.jpg\" class=\"attachment-medium size-medium\" alt=\"\" srcset=\"https:\/\/www.parrocchiasgibattista.it\/wordpress\/wp-content\/uploads\/2019\/09\/IMG_9345-300x200.jpg 300w, https:\/\/www.parrocchiasgibattista.it\/wordpress\/wp-content\/uploads\/2019\/09\/IMG_9345-500x334.jpg 500w, https:\/\/www.parrocchiasgibattista.it\/wordpress\/wp-content\/uploads\/2019\/09\/IMG_9345-272x182.jpg 272w, https:\/\/www.parrocchiasgibattista.it\/wordpress\/wp-content\/uploads\/2019\/09\/IMG_9345.jpg 640w\" sizes=\"auto, (max-width: 300px) 100vw, 300px\" \/><\/a>\n\t\t\t<\/dt><\/dl><br style=\"clear: both\" \/><dl class='gallery-item'>\n\t\t\t<dt class='gallery-icon landscape'>\n\t\t\t\t<a href='https:\/\/www.parrocchiasgibattista.it\/wordpress\/wp-content\/uploads\/2019\/09\/IMG_9346.jpg'><img loading=\"lazy\" decoding=\"async\" width=\"300\" height=\"200\" src=\"https:\/\/www.parrocchiasgibattista.it\/wordpress\/wp-content\/uploads\/2019\/09\/IMG_9346-300x200.jpg\" class=\"attachment-medium size-medium\" alt=\"\" srcset=\"https:\/\/www.parrocchiasgibattista.it\/wordpress\/wp-content\/uploads\/2019\/09\/IMG_9346-300x200.jpg 300w, https:\/\/www.parrocchiasgibattista.it\/wordpress\/wp-content\/uploads\/2019\/09\/IMG_9346-500x334.jpg 500w, https:\/\/www.parrocchiasgibattista.it\/wordpress\/wp-content\/uploads\/2019\/09\/IMG_9346-272x182.jpg 272w, https:\/\/www.parrocchiasgibattista.it\/wordpress\/wp-content\/uploads\/2019\/09\/IMG_9346.jpg 640w\" sizes=\"auto, (max-width: 300px) 100vw, 300px\" \/><\/a>\n\t\t\t<\/dt><\/dl><dl class='gallery-item'>\n\t\t\t<dt class='gallery-icon landscape'>\n\t\t\t\t<a href='https:\/\/www.parrocchiasgibattista.it\/wordpress\/wp-content\/uploads\/2019\/09\/IMG_9347.jpg'><img loading=\"lazy\" decoding=\"async\" width=\"300\" height=\"200\" src=\"https:\/\/www.parrocchiasgibattista.it\/wordpress\/wp-content\/uploads\/2019\/09\/IMG_9347-300x200.jpg\" class=\"attachment-medium size-medium\" alt=\"\" srcset=\"https:\/\/www.parrocchiasgibattista.it\/wordpress\/wp-content\/uploads\/2019\/09\/IMG_9347-300x200.jpg 300w, https:\/\/www.parrocchiasgibattista.it\/wordpress\/wp-content\/uploads\/2019\/09\/IMG_9347-500x334.jpg 500w, https:\/\/www.parrocchiasgibattista.it\/wordpress\/wp-content\/uploads\/2019\/09\/IMG_9347-272x182.jpg 272w, https:\/\/www.parrocchiasgibattista.it\/wordpress\/wp-content\/uploads\/2019\/09\/IMG_9347.jpg 640w\" sizes=\"auto, (max-width: 300px) 100vw, 300px\" \/><\/a>\n\t\t\t<\/dt><\/dl><dl class='gallery-item'>\n\t\t\t<dt class='gallery-icon landscape'>\n\t\t\t\t<a href='https:\/\/www.parrocchiasgibattista.it\/wordpress\/wp-content\/uploads\/2019\/09\/IMG_9348.jpg'><img loading=\"lazy\" decoding=\"async\" width=\"300\" height=\"200\" src=\"https:\/\/www.parrocchiasgibattista.it\/wordpress\/wp-content\/uploads\/2019\/09\/IMG_9348-300x200.jpg\" class=\"attachment-medium size-medium\" alt=\"\" srcset=\"https:\/\/www.parrocchiasgibattista.it\/wordpress\/wp-content\/uploads\/2019\/09\/IMG_9348-300x200.jpg 300w, https:\/\/www.parrocchiasgibattista.it\/wordpress\/wp-content\/uploads\/2019\/09\/IMG_9348-500x334.jpg 500w, https:\/\/www.parrocchiasgibattista.it\/wordpress\/wp-content\/uploads\/2019\/09\/IMG_9348-272x182.jpg 272w, https:\/\/www.parrocchiasgibattista.it\/wordpress\/wp-content\/uploads\/2019\/09\/IMG_9348.jpg 640w\" sizes=\"auto, (max-width: 300px) 100vw, 300px\" \/><\/a>\n\t\t\t<\/dt><\/dl><dl class='gallery-item'>\n\t\t\t<dt class='gallery-icon landscape'>\n\t\t\t\t<a href='https:\/\/www.parrocchiasgibattista.it\/wordpress\/wp-content\/uploads\/2019\/09\/IMG_9352.jpg'><img loading=\"lazy\" decoding=\"async\" width=\"300\" height=\"200\" src=\"https:\/\/www.parrocchiasgibattista.it\/wordpress\/wp-content\/uploads\/2019\/09\/IMG_9352-300x200.jpg\" class=\"attachment-medium size-medium\" alt=\"\" srcset=\"https:\/\/www.parrocchiasgibattista.it\/wordpress\/wp-content\/uploads\/2019\/09\/IMG_9352-300x200.jpg 300w, https:\/\/www.parrocchiasgibattista.it\/wordpress\/wp-content\/uploads\/2019\/09\/IMG_9352-500x334.jpg 500w, https:\/\/www.parrocchiasgibattista.it\/wordpress\/wp-content\/uploads\/2019\/09\/IMG_9352-272x182.jpg 272w, https:\/\/www.parrocchiasgibattista.it\/wordpress\/wp-content\/uploads\/2019\/09\/IMG_9352.jpg 640w\" sizes=\"auto, (max-width: 300px) 100vw, 300px\" \/><\/a>\n\t\t\t<\/dt><\/dl><br style=\"clear: both\" \/><dl class='gallery-item'>\n\t\t\t<dt class='gallery-icon landscape'>\n\t\t\t\t<a href='https:\/\/www.parrocchiasgibattista.it\/wordpress\/wp-content\/uploads\/2019\/09\/IMG_9353.jpg'><img loading=\"lazy\" decoding=\"async\" width=\"300\" height=\"200\" src=\"https:\/\/www.parrocchiasgibattista.it\/wordpress\/wp-content\/uploads\/2019\/09\/IMG_9353-300x200.jpg\" class=\"attachment-medium size-medium\" alt=\"\" srcset=\"https:\/\/www.parrocchiasgibattista.it\/wordpress\/wp-content\/uploads\/2019\/09\/IMG_9353-300x200.jpg 300w, https:\/\/www.parrocchiasgibattista.it\/wordpress\/wp-content\/uploads\/2019\/09\/IMG_9353-500x334.jpg 500w, https:\/\/www.parrocchiasgibattista.it\/wordpress\/wp-content\/uploads\/2019\/09\/IMG_9353-272x182.jpg 272w, https:\/\/www.parrocchiasgibattista.it\/wordpress\/wp-content\/uploads\/2019\/09\/IMG_9353.jpg 640w\" sizes=\"auto, (max-width: 300px) 100vw, 300px\" \/><\/a>\n\t\t\t<\/dt><\/dl><dl class='gallery-item'>\n\t\t\t<dt class='gallery-icon landscape'>\n\t\t\t\t<a href='https:\/\/www.parrocchiasgibattista.it\/wordpress\/wp-content\/uploads\/2019\/09\/IMG_9355.jpg'><img loading=\"lazy\" decoding=\"async\" width=\"300\" height=\"200\" src=\"https:\/\/www.parrocchiasgibattista.it\/wordpress\/wp-content\/uploads\/2019\/09\/IMG_9355-300x200.jpg\" class=\"attachment-medium size-medium\" alt=\"\" srcset=\"https:\/\/www.parrocchiasgibattista.it\/wordpress\/wp-content\/uploads\/2019\/09\/IMG_9355-300x200.jpg 300w, https:\/\/www.parrocchiasgibattista.it\/wordpress\/wp-content\/uploads\/2019\/09\/IMG_9355-500x334.jpg 500w, https:\/\/www.parrocchiasgibattista.it\/wordpress\/wp-content\/uploads\/2019\/09\/IMG_9355-272x182.jpg 272w, https:\/\/www.parrocchiasgibattista.it\/wordpress\/wp-content\/uploads\/2019\/09\/IMG_9355.jpg 640w\" sizes=\"auto, (max-width: 300px) 100vw, 300px\" \/><\/a>\n\t\t\t<\/dt><\/dl><dl class='gallery-item'>\n\t\t\t<dt class='gallery-icon landscape'>\n\t\t\t\t<a href='https:\/\/www.parrocchiasgibattista.it\/wordpress\/wp-content\/uploads\/2019\/09\/IMG_9356.jpg'><img loading=\"lazy\" decoding=\"async\" width=\"300\" height=\"200\" src=\"https:\/\/www.parrocchiasgibattista.it\/wordpress\/wp-content\/uploads\/2019\/09\/IMG_9356-300x200.jpg\" class=\"attachment-medium size-medium\" alt=\"\" srcset=\"https:\/\/www.parrocchiasgibattista.it\/wordpress\/wp-content\/uploads\/2019\/09\/IMG_9356-300x200.jpg 300w, https:\/\/www.parrocchiasgibattista.it\/wordpress\/wp-content\/uploads\/2019\/09\/IMG_9356-500x334.jpg 500w, https:\/\/www.parrocchiasgibattista.it\/wordpress\/wp-content\/uploads\/2019\/09\/IMG_9356-272x182.jpg 272w, https:\/\/www.parrocchiasgibattista.it\/wordpress\/wp-content\/uploads\/2019\/09\/IMG_9356.jpg 640w\" sizes=\"auto, (max-width: 300px) 100vw, 300px\" \/><\/a>\n\t\t\t<\/dt><\/dl><dl class='gallery-item'>\n\t\t\t<dt class='gallery-icon landscape'>\n\t\t\t\t<a href='https:\/\/www.parrocchiasgibattista.it\/wordpress\/wp-content\/uploads\/2019\/09\/IMG_9357.jpg'><img loading=\"lazy\" decoding=\"async\" width=\"300\" height=\"200\" src=\"https:\/\/www.parrocchiasgibattista.it\/wordpress\/wp-content\/uploads\/2019\/09\/IMG_9357-300x200.jpg\" class=\"attachment-medium size-medium\" alt=\"\" srcset=\"https:\/\/www.parrocchiasgibattista.it\/wordpress\/wp-content\/uploads\/2019\/09\/IMG_9357-300x200.jpg 300w, https:\/\/www.parrocchiasgibattista.it\/wordpress\/wp-content\/uploads\/2019\/09\/IMG_9357-500x334.jpg 500w, https:\/\/www.parrocchiasgibattista.it\/wordpress\/wp-content\/uploads\/2019\/09\/IMG_9357-272x182.jpg 272w, https:\/\/www.parrocchiasgibattista.it\/wordpress\/wp-content\/uploads\/2019\/09\/IMG_9357.jpg 640w\" sizes=\"auto, (max-width: 300px) 100vw, 300px\" \/><\/a>\n\t\t\t<\/dt><\/dl><br style=\"clear: both\" \/><dl class='gallery-item'>\n\t\t\t<dt class='gallery-icon landscape'>\n\t\t\t\t<a href='https:\/\/www.parrocchiasgibattista.it\/wordpress\/wp-content\/uploads\/2019\/09\/IMG_9358.jpg'><img loading=\"lazy\" decoding=\"async\" width=\"300\" height=\"200\" src=\"https:\/\/www.parrocchiasgibattista.it\/wordpress\/wp-content\/uploads\/2019\/09\/IMG_9358-300x200.jpg\" class=\"attachment-medium size-medium\" alt=\"\" srcset=\"https:\/\/www.parrocchiasgibattista.it\/wordpress\/wp-content\/uploads\/2019\/09\/IMG_9358-300x200.jpg 300w, https:\/\/www.parrocchiasgibattista.it\/wordpress\/wp-content\/uploads\/2019\/09\/IMG_9358-500x334.jpg 500w, https:\/\/www.parrocchiasgibattista.it\/wordpress\/wp-content\/uploads\/2019\/09\/IMG_9358-272x182.jpg 272w, https:\/\/www.parrocchiasgibattista.it\/wordpress\/wp-content\/uploads\/2019\/09\/IMG_9358.jpg 640w\" sizes=\"auto, (max-width: 300px) 100vw, 300px\" \/><\/a>\n\t\t\t<\/dt><\/dl><dl class='gallery-item'>\n\t\t\t<dt class='gallery-icon landscape'>\n\t\t\t\t<a href='https:\/\/www.parrocchiasgibattista.it\/wordpress\/wp-content\/uploads\/2019\/09\/IMG_9359.jpg'><img loading=\"lazy\" decoding=\"async\" width=\"300\" height=\"200\" src=\"https:\/\/www.parrocchiasgibattista.it\/wordpress\/wp-content\/uploads\/2019\/09\/IMG_9359-300x200.jpg\" class=\"attachment-medium size-medium\" alt=\"\" srcset=\"https:\/\/www.parrocchiasgibattista.it\/wordpress\/wp-content\/uploads\/2019\/09\/IMG_9359-300x200.jpg 300w, https:\/\/www.parrocchiasgibattista.it\/wordpress\/wp-content\/uploads\/2019\/09\/IMG_9359-500x334.jpg 500w, https:\/\/www.parrocchiasgibattista.it\/wordpress\/wp-content\/uploads\/2019\/09\/IMG_9359-272x182.jpg 272w, https:\/\/www.parrocchiasgibattista.it\/wordpress\/wp-content\/uploads\/2019\/09\/IMG_9359.jpg 640w\" sizes=\"auto, (max-width: 300px) 100vw, 300px\" \/><\/a>\n\t\t\t<\/dt><\/dl><dl class='gallery-item'>\n\t\t\t<dt class='gallery-icon landscape'>\n\t\t\t\t<a href='https:\/\/www.parrocchiasgibattista.it\/wordpress\/wp-content\/uploads\/2019\/09\/IMG_9361.jpg'><img loading=\"lazy\" decoding=\"async\" width=\"300\" height=\"200\" src=\"https:\/\/www.parrocchiasgibattista.it\/wordpress\/wp-content\/uploads\/2019\/09\/IMG_9361-300x200.jpg\" class=\"attachment-medium size-medium\" alt=\"\" srcset=\"https:\/\/www.parrocchiasgibattista.it\/wordpress\/wp-content\/uploads\/2019\/09\/IMG_9361-300x200.jpg 300w, https:\/\/www.parrocchiasgibattista.it\/wordpress\/wp-content\/uploads\/2019\/09\/IMG_9361-500x334.jpg 500w, https:\/\/www.parrocchiasgibattista.it\/wordpress\/wp-content\/uploads\/2019\/09\/IMG_9361-272x182.jpg 272w, https:\/\/www.parrocchiasgibattista.it\/wordpress\/wp-content\/uploads\/2019\/09\/IMG_9361.jpg 640w\" sizes=\"auto, (max-width: 300px) 100vw, 300px\" \/><\/a>\n\t\t\t<\/dt><\/dl><dl class='gallery-item'>\n\t\t\t<dt class='gallery-icon landscape'>\n\t\t\t\t<a href='https:\/\/www.parrocchiasgibattista.it\/wordpress\/wp-content\/uploads\/2019\/09\/IMG_9362.jpg'><img loading=\"lazy\" decoding=\"async\" width=\"300\" height=\"200\" src=\"https:\/\/www.parrocchiasgibattista.it\/wordpress\/wp-content\/uploads\/2019\/09\/IMG_9362-300x200.jpg\" class=\"attachment-medium size-medium\" alt=\"\" srcset=\"https:\/\/www.parrocchiasgibattista.it\/wordpress\/wp-content\/uploads\/2019\/09\/IMG_9362-300x200.jpg 300w, https:\/\/www.parrocchiasgibattista.it\/wordpress\/wp-content\/uploads\/2019\/09\/IMG_9362-500x334.jpg 500w, https:\/\/www.parrocchiasgibattista.it\/wordpress\/wp-content\/uploads\/2019\/09\/IMG_9362-272x182.jpg 272w, https:\/\/www.parrocchiasgibattista.it\/wordpress\/wp-content\/uploads\/2019\/09\/IMG_9362.jpg 640w\" sizes=\"auto, (max-width: 300px) 100vw, 300px\" \/><\/a>\n\t\t\t<\/dt><\/dl><br style=\"clear: both\" \/><dl class='gallery-item'>\n\t\t\t<dt class='gallery-icon landscape'>\n\t\t\t\t<a href='https:\/\/www.parrocchiasgibattista.it\/wordpress\/wp-content\/uploads\/2019\/09\/IMG_9363.jpg'><img loading=\"lazy\" decoding=\"async\" width=\"300\" height=\"200\" src=\"https:\/\/www.parrocchiasgibattista.it\/wordpress\/wp-content\/uploads\/2019\/09\/IMG_9363-300x200.jpg\" class=\"attachment-medium size-medium\" alt=\"\" srcset=\"https:\/\/www.parrocchiasgibattista.it\/wordpress\/wp-content\/uploads\/2019\/09\/IMG_9363-300x200.jpg 300w, https:\/\/www.parrocchiasgibattista.it\/wordpress\/wp-content\/uploads\/2019\/09\/IMG_9363-500x334.jpg 500w, https:\/\/www.parrocchiasgibattista.it\/wordpress\/wp-content\/uploads\/2019\/09\/IMG_9363-272x182.jpg 272w, https:\/\/www.parrocchiasgibattista.it\/wordpress\/wp-content\/uploads\/2019\/09\/IMG_9363.jpg 640w\" sizes=\"auto, (max-width: 300px) 100vw, 300px\" \/><\/a>\n\t\t\t<\/dt><\/dl><dl class='gallery-item'>\n\t\t\t<dt class='gallery-icon landscape'>\n\t\t\t\t<a href='https:\/\/www.parrocchiasgibattista.it\/wordpress\/wp-content\/uploads\/2019\/09\/IMG_9366.jpg'><img loading=\"lazy\" decoding=\"async\" width=\"300\" height=\"200\" src=\"https:\/\/www.parrocchiasgibattista.it\/wordpress\/wp-content\/uploads\/2019\/09\/IMG_9366-300x200.jpg\" class=\"attachment-medium size-medium\" alt=\"\" srcset=\"https:\/\/www.parrocchiasgibattista.it\/wordpress\/wp-content\/uploads\/2019\/09\/IMG_9366-300x200.jpg 300w, https:\/\/www.parrocchiasgibattista.it\/wordpress\/wp-content\/uploads\/2019\/09\/IMG_9366-500x334.jpg 500w, https:\/\/www.parrocchiasgibattista.it\/wordpress\/wp-content\/uploads\/2019\/09\/IMG_9366-272x182.jpg 272w, https:\/\/www.parrocchiasgibattista.it\/wordpress\/wp-content\/uploads\/2019\/09\/IMG_9366.jpg 640w\" sizes=\"auto, (max-width: 300px) 100vw, 300px\" \/><\/a>\n\t\t\t<\/dt><\/dl>\n\t\t\t<br style='clear: both' \/>\n\t\t<\/div>\n\n","protected":false},"excerpt":{"rendered":"<p>Grande accoglienza per il nuovo Parroco di San Giovanni Incarico don Jorge Vargas nominato anche Rettore del Santuario della Madonna della Guardia. Il Vescovo diocesano&#46;&#46;&#46;<\/p>\n","protected":false},"author":3,"featured_media":4052,"comment_status":"open","ping_status":"open","sticky":false,"template":"","format":"standard","meta":{"footnotes":""},"categories":[1,189],"tags":[187,24],"class_list":["post-3951","post","type-post","status-publish","format-standard","has-post-thumbnail","hentry","category-primo-piano","category-parroco","tag-nuovo-parroco","tag-san-giovanni-incarico"],"_links":{"self":[{"href":"https:\/\/www.parrocchiasgibattista.it\/wordpress\/wp-json\/wp\/v2\/posts\/3951","targetHints":{"allow":["GET"]}}],"collection":[{"href":"https:\/\/www.parrocchiasgibattista.it\/wordpress\/wp-json\/wp\/v2\/posts"}],"about":[{"href":"https:\/\/www.parrocchiasgibattista.it\/wordpress\/wp-json\/wp\/v2\/types\/post"}],"author":[{"embeddable":true,"href":"https:\/\/www.parrocchiasgibattista.it\/wordpress\/wp-json\/wp\/v2\/users\/3"}],"replies":[{"embeddable":true,"href":"https:\/\/www.parrocchiasgibattista.it\/wordpress\/wp-json\/wp\/v2\/comments?post=3951"}],"version-history":[{"count":14,"href":"https:\/\/www.parrocchiasgibattista.it\/wordpress\/wp-json\/wp\/v2\/posts\/3951\/revisions"}],"predecessor-version":[{"id":4229,"href":"https:\/\/www.parrocchiasgibattista.it\/wordpress\/wp-json\/wp\/v2\/posts\/3951\/revisions\/4229"}],"wp:featuredmedia":[{"embeddable":true,"href":"https:\/\/www.parrocchiasgibattista.it\/wordpress\/wp-json\/wp\/v2\/media\/4052"}],"wp:attachment":[{"href":"https:\/\/www.parrocchiasgibattista.it\/wordpress\/wp-json\/wp\/v2\/media?parent=3951"}],"wp:term":[{"taxonomy":"category","embeddable":true,"href":"https:\/\/www.parrocchiasgibattista.it\/wordpress\/wp-json\/wp\/v2\/categories?post=3951"},{"taxonomy":"post_tag","embeddable":true,"href":"https:\/\/www.parrocchiasgibattista.it\/wordpress\/wp-json\/wp\/v2\/tags?post=3951"}],"curies":[{"name":"wp","href":"https:\/\/api.w.org\/{rel}","templated":true}]}}