{"id":3519,"date":"2018-12-02T14:48:14","date_gmt":"2018-12-02T13:48:14","guid":{"rendered":"http:\/\/www.parrocchiasgibattista.it\/wordpress\/?p=3519"},"modified":"2018-12-02T14:48:14","modified_gmt":"2018-12-02T13:48:14","slug":"avvento-2018","status":"publish","type":"post","link":"https:\/\/www.parrocchiasgibattista.it\/wordpress\/2018\/12\/02\/avvento-2018\/","title":{"rendered":"Avvento 2018"},"content":{"rendered":"<p><img loading=\"lazy\" decoding=\"async\" class=\"wp-image-3523 aligncenter\" src=\"http:\/\/www.parrocchiasgibattista.it\/wordpress\/wp-content\/uploads\/2018\/12\/img800-i-veri-segni-dell-avvento-129955.jpg\" alt=\"\" width=\"414\" height=\"240\" srcset=\"https:\/\/www.parrocchiasgibattista.it\/wordpress\/wp-content\/uploads\/2018\/12\/img800-i-veri-segni-dell-avvento-129955.jpg 800w, https:\/\/www.parrocchiasgibattista.it\/wordpress\/wp-content\/uploads\/2018\/12\/img800-i-veri-segni-dell-avvento-129955-300x174.jpg 300w, https:\/\/www.parrocchiasgibattista.it\/wordpress\/wp-content\/uploads\/2018\/12\/img800-i-veri-segni-dell-avvento-129955-768x445.jpg 768w, https:\/\/www.parrocchiasgibattista.it\/wordpress\/wp-content\/uploads\/2018\/12\/img800-i-veri-segni-dell-avvento-129955-500x290.jpg 500w\" sizes=\"auto, (max-width: 414px) 100vw, 414px\" \/><\/p>\n<p style=\"text-align: justify;\"><span style=\"font-size: 14pt;\"><strong>L\u2019origine dell\u2019Avvento<\/strong><\/span><\/p>\n<p style=\"text-align: justify;\">Il termine Avvento deriva dalla parola \u201cvenuta\u201d, in latino adventus.<br \/>\nIl vocabolo adventus pu\u00f2 tradursi con \u201cpresenza\u201d, \u201carrivo\u201d, \u201cvenuta\u201d.<br \/>\nNel linguaggio del mondo antico era un termine tecnico utilizzato per indicare l\u2019arrivo di un funzionario, la visita del re o dell\u2019imperatore in una provincia.<br \/>\nMa poteva indicare anche la venuta della divinit\u00e0, che esce dal suo nascondimento per manifestarsi con potenza, o che viene celebrata presente nel culto.<br \/>\nI cristiani adottarono la parola Avvento per esprimere la loro relazione con Cristo: Ges\u00f9 \u00e8 il Re, entrato in questa povera \u201cprovincia\u201d denominata terra per rendere visita a tutti; alla festa del suo avvento fa partecipare quanti credono in Lui.<br \/>\nCon la parola adventus si intendeva sostanzialmente dire: Dio \u00e8 qui, non si \u00e8 ritirato dal mondo, non ci ha lasciati soli.<br \/>\nAnche se non lo possiamo vedere e toccare come avviene con le realt\u00e0 sensibili, Egli \u00e8 qui e viene a visitarci in molteplici modi.<\/p>\n<p style=\"text-align: justify;\"><span style=\"font-size: 14pt;\"><strong>Il tempo dell\u2019attesa, della conversione e della speranza<\/strong><\/span><\/p>\n<p style=\"text-align: justify;\">L\u2019Avvento \u00e8 \u00abtempo di attesa, di conversione, di speranza\u00bb, come spiega Direttorio su piet\u00e0 popolare e liturgia.<br \/>\n\u00c8 il tempo dell\u2019attesa della venuta di Dio che viene celebrata nei suoi due momenti: la prima parte del tempo di Avvento invita a risvegliare l\u2019attesa del ritorno glorioso di Cristo; poi, avvicinandosi il Natale, la seconda parte dell\u2019Avvento rimanda al mistero dell\u2019Incarnazione e chiama ad accogliere il Verbo fatto uomo per la salvezza di tutti.<br \/>\nCi\u00f2 \u00e8 spiegato nel primo Prefazio di Avvento, ossia la preghiera che \u201capre\u201d la liturgia eucaristica all\u2019interno della Messa dopo l\u2019Offertorio.<br \/>\nIn essa si sottolinea che il Signore \u00abal suo primo avvento nell\u2019umilt\u00e0 della nostra natura umana, port\u00f2 a compimento la promessa antica, e ci apr\u00ec la via dell\u2019eterna salvezza\u00bb.<br \/>\nE poi si aggiunge: \u00abVerr\u00e0 di nuovo nello splendore della gloria, e ci chiamer\u00e0 a possedere il regno promesso che ora osiamo sperare vigilanti nell\u2019attesa\u00bb.<br \/>\nL\u2019Avvento \u00e8 poi tempo di conversione, alla quale la liturgia di questo momento forte invita con la voce dei profeti e soprattutto di Giovanni Battista: \u00abConvertitevi, perch\u00e9 il regno dei cieli \u00e8 vicino\u00bb (Matteo 3, 2).<br \/>\nInfine \u00e8 il tempo della speranza gioiosa che la salvezza gi\u00e0 operata da e le realt\u00e0 di grazia gi\u00e0 presenti nel mondo giungano alla loro maturazione e pienezza,<br \/>\nper cui la promessa si tramuter\u00e0 in possesso, la fede in visione, e \u00abnoi saremo simili a lui e lo vedremo cos\u00ec come egli \u00e8\u00bb (1 Giovanni 3, 2).<\/p>\n<p style=\"text-align: justify;\"><span style=\"font-size: 14pt;\"><strong>Maria, icona dell\u2019Avvento<\/strong><\/span><\/p>\n<p style=\"text-align: justify;\">Nei ritmi dell\u2019anno liturgico l\u2019Avvento \u00e8 il tempo mariano per eccellenza.<br \/>\nLo ricorda chiaramente Paolo VI nel paragrafo 4 della Marialis Cultus: \u00abIn tal modo i fedeli, che vivono con la Liturgia lo spirito dell\u2019Avvento, considerando l\u2019ineffabile amore con cui la Vergine Madre attese il Figlio,<br \/>\nsono invitati ad assumerla come modello e a prepararsi per andare incontro al Salvatore che viene,<br \/>\nvigilanti nella preghiera, esultanti nella sua lode\u00bb.<br \/>\nIl tempo dell\u2019Avvento ha quindi come icona quella della Vergine.<br \/>\nPapa Francesco ha sottolineato che \u00abMaria \u00e8 la \u201cvia\u201d che Dio stesso si \u00e8 preparato per venire nel mondo\u00bb ed \u00e8 \u00abcolei che ha reso possibile l\u2019incarnazione del Figlio di Dio, \u201cla rivelazione del mistero, avvolto nel silenzio per secoli eterni\u201d (Romani 16,25)\u00bb grazie \u00abal suo \u201cs\u00ec\u201d umile e coraggioso\u00bb.<br \/>\n<strong>La presenza della Solennit\u00e0 dell\u2019Immacolata Concezione \u2013 8 DICEMBRE \u2013 fa parte del mistero che l\u2019Avvento celebra: Maria \u00e8 il prototipo dell\u2019umanit\u00e0 redenta, il frutto pi\u00f9 eccelso della venuta redentiva di Cristo.<\/strong><br \/>\nE in questo tempo forte la figura della Vergine viene presentata come l\u2019icona dell\u2019attesa fiduciosa e vigilante,<br \/>\ndella disponibilit\u00e0 attenta e concreta al mistero di Dio.<\/p>\n<p>* T<span style=\"font-size: 10pt;\">ratto da un articolo di Avvenire disponibile al seguente <a href=\"https:\/\/www.avvenire.it\/chiesa\/pagine\/avvento-2018-come-vivere-il-tempo-dell-attesa\">link<\/a><\/span>.<\/p>\n","protected":false},"excerpt":{"rendered":"<p>L\u2019origine dell\u2019Avvento Il termine Avvento deriva dalla parola \u201cvenuta\u201d, in latino adventus. Il vocabolo adventus pu\u00f2 tradursi con \u201cpresenza\u201d, \u201carrivo\u201d, \u201cvenuta\u201d. Nel linguaggio del mondo&#46;&#46;&#46;<\/p>\n","protected":false},"author":2,"featured_media":3523,"comment_status":"open","ping_status":"open","sticky":false,"template":"","format":"standard","meta":{"footnotes":""},"categories":[12,120,1,6],"tags":[129,128],"class_list":["post-3519","post","type-post","status-publish","format-standard","has-post-thumbnail","hentry","category-appuntamenti","category-avvisi","category-primo-piano","category-parrocchia","tag-avvento","tag-immacolata"],"_links":{"self":[{"href":"https:\/\/www.parrocchiasgibattista.it\/wordpress\/wp-json\/wp\/v2\/posts\/3519","targetHints":{"allow":["GET"]}}],"collection":[{"href":"https:\/\/www.parrocchiasgibattista.it\/wordpress\/wp-json\/wp\/v2\/posts"}],"about":[{"href":"https:\/\/www.parrocchiasgibattista.it\/wordpress\/wp-json\/wp\/v2\/types\/post"}],"author":[{"embeddable":true,"href":"https:\/\/www.parrocchiasgibattista.it\/wordpress\/wp-json\/wp\/v2\/users\/2"}],"replies":[{"embeddable":true,"href":"https:\/\/www.parrocchiasgibattista.it\/wordpress\/wp-json\/wp\/v2\/comments?post=3519"}],"version-history":[{"count":5,"href":"https:\/\/www.parrocchiasgibattista.it\/wordpress\/wp-json\/wp\/v2\/posts\/3519\/revisions"}],"predecessor-version":[{"id":3522,"href":"https:\/\/www.parrocchiasgibattista.it\/wordpress\/wp-json\/wp\/v2\/posts\/3519\/revisions\/3522"}],"wp:featuredmedia":[{"embeddable":true,"href":"https:\/\/www.parrocchiasgibattista.it\/wordpress\/wp-json\/wp\/v2\/media\/3523"}],"wp:attachment":[{"href":"https:\/\/www.parrocchiasgibattista.it\/wordpress\/wp-json\/wp\/v2\/media?parent=3519"}],"wp:term":[{"taxonomy":"category","embeddable":true,"href":"https:\/\/www.parrocchiasgibattista.it\/wordpress\/wp-json\/wp\/v2\/categories?post=3519"},{"taxonomy":"post_tag","embeddable":true,"href":"https:\/\/www.parrocchiasgibattista.it\/wordpress\/wp-json\/wp\/v2\/tags?post=3519"}],"curies":[{"name":"wp","href":"https:\/\/api.w.org\/{rel}","templated":true}]}}