{"id":3506,"date":"2018-11-21T16:54:01","date_gmt":"2018-11-21T15:54:01","guid":{"rendered":"http:\/\/www.parrocchiasgibattista.it\/wordpress\/?p=3506"},"modified":"2018-11-21T16:54:01","modified_gmt":"2018-11-21T15:54:01","slug":"grazie","status":"publish","type":"post","link":"https:\/\/www.parrocchiasgibattista.it\/wordpress\/2018\/11\/21\/grazie\/","title":{"rendered":"GRAZIE!!!"},"content":{"rendered":"<p style=\"text-align: justify;\">E&#8217; stato bellissimo vedere Domenica scorsa, durante la S. Messa, come la generosit\u00e0 della comunit\u00e0 parrocchiale non \u00e8 venuta meno alle necessit\u00e0 dei pi\u00f9 bisognosi.<\/p>\n<p style=\"text-align: justify;\">Sabato durante la catechesi, l&#8217;ufficio Catechistico insieme alla CARITAS in occasione della &#8220;giornata del povero&#8221;,\u00a0 hanno lanciato un appello ai ragazzi e alle loro famiglie per sostenere la CARITAS attraverso la donazione di beni di prima necessit\u00e0, i quali sarebbero stati &#8220;offerti&#8221; durante la S. Messa delle 10.30 della Domenica successiva.<\/p>\n<p style=\"text-align: justify;\"><strong>E cos\u00ec \u00e8 stato!<\/strong><\/p>\n<p style=\"text-align: justify;\">L&#8217;Offertorio \u00e8 stato fatto da una lunghissima file di bambini e ragazzi che, a piene mani, hanno riempito l&#8217;Altare della chiesa con ogni bene alimentare: pasta, biscotti, latte, fagioli, riso, farina, sale, zucchero, caff\u00e8 e tantissimo altro.<\/p>\n<p style=\"text-align: center;\">\u00a0[wds id=&#8221;4&#8243;]<\/p>\n<p style=\"text-align: justify;\">Un <strong>GRANDISSIMO GRAZIE<\/strong>\u00a0 a tutte le famiglie che hanno sostenuto questa iniziativa, la quale ha &#8220;rinvigorito&#8221; non solo le scorte del magazzino CARITAS, ma soprattutto le forze e l&#8217;entusiasmo nell&#8217;aiutare chi \u00e8 nel bisogno.<\/p>\n<p style=\"text-align: justify;\">E&#8217; importante non far mancare mai il sostegno a chi, nel limite del possibile, mette a disposizione &#8220;se stesso&#8221; per il bene di chi \u00e8 meno fortunato e della comunit\u00e0.<\/p>\n<p style=\"text-align: justify;\">Ancora GRAZIE, GRAZIE, GRAZIE!!!<\/p>\n<p style=\"text-align: justify;\">L&#8217;ufficio della CARITAS.<\/p>\n","protected":false},"excerpt":{"rendered":"<p>E&#8217; stato bellissimo vedere Domenica scorsa, durante la S. Messa, come la generosit\u00e0 della comunit\u00e0 parrocchiale non \u00e8 venuta meno alle necessit\u00e0 dei pi\u00f9 bisognosi.&#46;&#46;&#46;<\/p>\n","protected":false},"author":2,"featured_media":3513,"comment_status":"open","ping_status":"open","sticky":false,"template":"","format":"standard","meta":{"footnotes":""},"categories":[173,16,1,6],"tags":[174,38,176,175],"class_list":["post-3506","post","type-post","status-publish","format-standard","has-post-thumbnail","hentry","category-caritas","category-catechismo","category-primo-piano","category-parrocchia","tag-caritas","tag-catechismo","tag-generosita","tag-giornata-del-povero"],"_links":{"self":[{"href":"https:\/\/www.parrocchiasgibattista.it\/wordpress\/wp-json\/wp\/v2\/posts\/3506","targetHints":{"allow":["GET"]}}],"collection":[{"href":"https:\/\/www.parrocchiasgibattista.it\/wordpress\/wp-json\/wp\/v2\/posts"}],"about":[{"href":"https:\/\/www.parrocchiasgibattista.it\/wordpress\/wp-json\/wp\/v2\/types\/post"}],"author":[{"embeddable":true,"href":"https:\/\/www.parrocchiasgibattista.it\/wordpress\/wp-json\/wp\/v2\/users\/2"}],"replies":[{"embeddable":true,"href":"https:\/\/www.parrocchiasgibattista.it\/wordpress\/wp-json\/wp\/v2\/comments?post=3506"}],"version-history":[{"count":9,"href":"https:\/\/www.parrocchiasgibattista.it\/wordpress\/wp-json\/wp\/v2\/posts\/3506\/revisions"}],"predecessor-version":[{"id":3515,"href":"https:\/\/www.parrocchiasgibattista.it\/wordpress\/wp-json\/wp\/v2\/posts\/3506\/revisions\/3515"}],"wp:featuredmedia":[{"embeddable":true,"href":"https:\/\/www.parrocchiasgibattista.it\/wordpress\/wp-json\/wp\/v2\/media\/3513"}],"wp:attachment":[{"href":"https:\/\/www.parrocchiasgibattista.it\/wordpress\/wp-json\/wp\/v2\/media?parent=3506"}],"wp:term":[{"taxonomy":"category","embeddable":true,"href":"https:\/\/www.parrocchiasgibattista.it\/wordpress\/wp-json\/wp\/v2\/categories?post=3506"},{"taxonomy":"post_tag","embeddable":true,"href":"https:\/\/www.parrocchiasgibattista.it\/wordpress\/wp-json\/wp\/v2\/tags?post=3506"}],"curies":[{"name":"wp","href":"https:\/\/api.w.org\/{rel}","templated":true}]}}