{"id":3123,"date":"2018-05-03T23:34:49","date_gmt":"2018-05-03T21:34:49","guid":{"rendered":"http:\/\/www.parrocchiasgibattista.it\/wordpress\/?p=3123"},"modified":"2018-05-04T10:08:12","modified_gmt":"2018-05-04T08:08:12","slug":"festa-della-famiglia-2018","status":"publish","type":"post","link":"https:\/\/www.parrocchiasgibattista.it\/wordpress\/2018\/05\/03\/festa-della-famiglia-2018\/","title":{"rendered":"Festa della Famiglia 2018"},"content":{"rendered":"<p style=\"text-align: justify;\">Con il mese di Maggio ormai iniziato, lo sguardo della comunit\u00e0 parrocchiale \u00e8 ancora pi\u00f9 fisso verso la &#8220;Madonna della Guardia&#8221;.<\/p>\n<p style=\"text-align: justify;\">Domenica 6, per tutta la giornata il santuario sar\u00e0 il luogo nel quale le famiglie sangiovannesi si ritroveranno per <strong>festeggiarsi<\/strong>.<\/p>\n<p style=\"text-align: justify;\">Infatti si svolger\u00e0 la<\/p>\n<p style=\"text-align: center;\"><span style=\"font-size: 18pt;\"><strong>1\u00aa FESTA della FAMIGLIA<\/strong><\/span><\/p>\n<p style=\"text-align: justify;\">alla quale <strong>tutti<\/strong> sono invitati a partecipare.<\/p>\n<p style=\"text-align: justify;\">L&#8217;idea che \u00e8 alla base della manifestazione \u00e8 creare l&#8217;occasione per stare insieme e passare una bellissima giornata all&#8217;aria aperta all&#8217;insegna del buon mangiare, cantare, giocare e divertirsi!<\/p>\n<p style=\"text-align: justify;\">Non mancher\u00e0 il momento della preghiera e del ringraziamento&#8230;.. insomma c&#8217;\u00e8 un bel programma che ci accompagner\u00e0 per tutta la giornata&#8230;. tempo permettendo.<\/p>\n<p style=\"text-align: justify;\">Ci ritroveremo per le<strong> 10.00\/10.30<\/strong> davanti al santuario dove ci sar\u00e0 <strong>l&#8217;accoglienza<\/strong> e subito dopo un breve discorso di benvenuto da parte dei parroci.<\/p>\n<p style=\"text-align: justify;\"><strong>Alle ore 11.00<\/strong> sar\u00e0 celebrata <strong>la S. Messa<\/strong> davanti l&#8217;ingresso della chiesa e per questa festa, l&#8217;immagine di Maria S.S. della Guardia sar\u00e0 esposta al fianco dell&#8217;altare.<\/p>\n<p style=\"text-align: justify;\">Terminata la celebrazione (<strong>alle 12.00 circa<\/strong>), tutti i presenti prenderanno posto e, con la benedizione dei parroci, <strong>si inizier\u00e0 a mangiare<\/strong>.<\/p>\n<p style=\"text-align: justify;\">Ogni famiglia, nello spirito della &#8220;scampagnata&#8221; che animer\u00e0 la giornata, provveder\u00e0 al proprio pranzo e per chi vorr\u00e0 cuocere un po di carne alla brace, potr\u00e0 servirsi <strong>o delle griglie<\/strong> che saranno installate <strong>oppure potranno portarsi la propria griglia<\/strong> ed usarla nell&#8217;area predisposta. Stesso discorso per i tavoli: ce ne saranno un certo numero a disposizione di tutti ma per chi non vuole rischiare di &#8220;rimanere in piedi&#8221; <strong>potr\u00e0 portarsi liberamente tavolo e sedie<\/strong>.<\/p>\n<p style=\"text-align: justify;\">Il pomeriggio proseguir\u00e0, non solo mangiando, ma anche divertendosi con il torneo di biliardino, con i giochi di &#8220;famiglia&#8221;, con la musica e perch\u00e9 no&#8230; anche ballando.<\/p>\n<p style=\"text-align: justify;\">Si potr\u00e0 perfino tentare la fortuna con la <strong>PESCA DI BENEFICENZA che la CARITAS<\/strong>\u00a0 ha organizzato per l&#8217;occasione.<\/p>\n<p style=\"text-align: justify;\"><strong>Alle 16.30<\/strong> sar\u00e0 l&#8217;ora della merenda al tavolo del <strong>buffet<\/strong> che le mamme di buona volont\u00e0, riempiranno di dolci, salati ma soprattutto con la generosit\u00e0 del loro cuore.<\/p>\n<p style=\"text-align: justify;\">La festa <strong>terminer\u00e0 intorno alle 18.00<\/strong> all&#8217;interno della chiesa dove sar\u00e0 consegnato, ad ogni famiglia, un ricordo della giornata. Una benedizione speciale, impartita dai parroci, scender\u00e0 sui presenti e&#8230; non.<\/p>\n<p>Non ci resta altro che dirvi&#8230;. <span style=\"font-size: 14pt;\"><strong>VI ASPETTIAMO &#8230;. TUTTI<\/strong><\/span>.<\/p>\n<p>A Domenica.<\/p>\n<p><img loading=\"lazy\" decoding=\"async\" class=\"aligncenter wp-image-3138 size-large\" src=\"http:\/\/www.parrocchiasgibattista.it\/wordpress\/wp-content\/uploads\/2018\/05\/Festafam2018_2-683x1024.jpg\" alt=\"\" width=\"683\" height=\"1024\" srcset=\"https:\/\/www.parrocchiasgibattista.it\/wordpress\/wp-content\/uploads\/2018\/05\/Festafam2018_2-683x1024.jpg 683w, https:\/\/www.parrocchiasgibattista.it\/wordpress\/wp-content\/uploads\/2018\/05\/Festafam2018_2-200x300.jpg 200w, https:\/\/www.parrocchiasgibattista.it\/wordpress\/wp-content\/uploads\/2018\/05\/Festafam2018_2-768x1151.jpg 768w, https:\/\/www.parrocchiasgibattista.it\/wordpress\/wp-content\/uploads\/2018\/05\/Festafam2018_2-500x749.jpg 500w, https:\/\/www.parrocchiasgibattista.it\/wordpress\/wp-content\/uploads\/2018\/05\/Festafam2018_2.jpg 788w\" sizes=\"auto, (max-width: 683px) 100vw, 683px\" \/><\/p>\n","protected":false},"excerpt":{"rendered":"<p>Con il mese di Maggio ormai iniziato, lo sguardo della comunit\u00e0 parrocchiale \u00e8 ancora pi\u00f9 fisso verso la &#8220;Madonna della Guardia&#8221;. Domenica 6, per tutta&#46;&#46;&#46;<\/p>\n","protected":false},"author":2,"featured_media":3138,"comment_status":"open","ping_status":"open","sticky":false,"template":"","format":"standard","meta":{"footnotes":""},"categories":[12,101,1,4,6],"tags":[114,145,22],"class_list":["post-3123","post","type-post","status-publish","format-standard","has-post-thumbnail","hentry","category-appuntamenti","category-festa-madonna-della-guardia","category-primo-piano","category-musica","category-parrocchia","tag-famiglia","tag-festa-della-famiglia","tag-madonna-della-guardia"],"_links":{"self":[{"href":"https:\/\/www.parrocchiasgibattista.it\/wordpress\/wp-json\/wp\/v2\/posts\/3123","targetHints":{"allow":["GET"]}}],"collection":[{"href":"https:\/\/www.parrocchiasgibattista.it\/wordpress\/wp-json\/wp\/v2\/posts"}],"about":[{"href":"https:\/\/www.parrocchiasgibattista.it\/wordpress\/wp-json\/wp\/v2\/types\/post"}],"author":[{"embeddable":true,"href":"https:\/\/www.parrocchiasgibattista.it\/wordpress\/wp-json\/wp\/v2\/users\/2"}],"replies":[{"embeddable":true,"href":"https:\/\/www.parrocchiasgibattista.it\/wordpress\/wp-json\/wp\/v2\/comments?post=3123"}],"version-history":[{"count":20,"href":"https:\/\/www.parrocchiasgibattista.it\/wordpress\/wp-json\/wp\/v2\/posts\/3123\/revisions"}],"predecessor-version":[{"id":3147,"href":"https:\/\/www.parrocchiasgibattista.it\/wordpress\/wp-json\/wp\/v2\/posts\/3123\/revisions\/3147"}],"wp:featuredmedia":[{"embeddable":true,"href":"https:\/\/www.parrocchiasgibattista.it\/wordpress\/wp-json\/wp\/v2\/media\/3138"}],"wp:attachment":[{"href":"https:\/\/www.parrocchiasgibattista.it\/wordpress\/wp-json\/wp\/v2\/media?parent=3123"}],"wp:term":[{"taxonomy":"category","embeddable":true,"href":"https:\/\/www.parrocchiasgibattista.it\/wordpress\/wp-json\/wp\/v2\/categories?post=3123"},{"taxonomy":"post_tag","embeddable":true,"href":"https:\/\/www.parrocchiasgibattista.it\/wordpress\/wp-json\/wp\/v2\/tags?post=3123"}],"curies":[{"name":"wp","href":"https:\/\/api.w.org\/{rel}","templated":true}]}}