{"id":2587,"date":"2017-12-13T23:22:07","date_gmt":"2017-12-13T22:22:07","guid":{"rendered":"http:\/\/www.parrocchiasgibattista.it\/wordpress\/?p=2587"},"modified":"2017-12-14T14:15:50","modified_gmt":"2017-12-14T13:15:50","slug":"cronache-parrocchiali","status":"publish","type":"post","link":"https:\/\/www.parrocchiasgibattista.it\/wordpress\/2017\/12\/13\/cronache-parrocchiali\/","title":{"rendered":"Cronache Parrocchiali"},"content":{"rendered":"<p style=\"text-align: justify;\"><span style=\"font-size: 12pt;\">Con la fine dell&#8217;anno liturgico, solennit\u00e0 di Cristo Re, in parrocchia si \u00e8 dato inizio ad \u00a0un periodo intenso con tantissime attivit\u00e0 vissute e ancora da vivere.<\/span><\/p>\n<p style=\"text-align: justify;\"><span style=\"font-size: 12pt;\">Abbiamo iniziato con una domenica speciale, quella di <strong>Cristo Re dell&#8217;Universo<\/strong>, che ha visto i nostri bambini della &#8216;prima comunione&#8217; accettare l&#8217;impegno di servire l&#8217;altare come <a href=\"http:\/\/www.parrocchiasgibattista.it\/wordpress\/wp-content\/uploads\/2017\/12\/cristo_re.jpg\"><img loading=\"lazy\" decoding=\"async\" class=\"wp-image-2594 alignleft\" src=\"http:\/\/www.parrocchiasgibattista.it\/wordpress\/wp-content\/uploads\/2017\/12\/cristo_re-150x150.jpg\" alt=\"\" width=\"168\" height=\"168\" srcset=\"https:\/\/www.parrocchiasgibattista.it\/wordpress\/wp-content\/uploads\/2017\/12\/cristo_re-150x150.jpg 150w, https:\/\/www.parrocchiasgibattista.it\/wordpress\/wp-content\/uploads\/2017\/12\/cristo_re-300x300.jpg 300w, https:\/\/www.parrocchiasgibattista.it\/wordpress\/wp-content\/uploads\/2017\/12\/cristo_re-160x160.jpg 160w, https:\/\/www.parrocchiasgibattista.it\/wordpress\/wp-content\/uploads\/2017\/12\/cristo_re-320x320.jpg 320w\" sizes=\"auto, (max-width: 168px) 100vw, 168px\" \/><\/a>ministranti.\u00a0L&#8217;ufficio catechistico, nella stessa giornata, ha organizzato una vendita di dolci offerti dalle mamme dei bambini, il cui ricavato sar\u00e0 investito nelle tante attivit\u00e0 dell&#8217;ufficio stesso. Un grazie speciale a tutti, sia agli organizzatori sia a chi ha comprato i dolci. Nessuno si \u00e8 tirato indietro confermando che la comunit\u00e0 \u00e8 viva e partecipe.<\/span><\/p>\n<p style=\"text-align: justify;\"><span style=\"font-size: 12pt;\">Nella settimana successiva si sono svolte diverse riunioni dei vari uffici che compongono il Consiglio Pastorale Parrocchiale (C.C.<\/span><span style=\"font-size: 12pt;\">P.), in vista dell&#8217;incontro tenutosi\u00a0 con il nostro Vescovo la sera del 4 Dicembre in Chiesa.<\/span><\/p>\n<p>&nbsp;<\/p>\n<p style=\"text-align: justify;\"><span style=\"font-size: 12pt;\"><strong>Con l&#8217;inizio dell&#8217;Avvento<\/strong>, Domenica 3 Dicembre, si \u00e8 accesa la prima de<\/span><span style=\"font-size: 12pt;\">lle quattro candele (quella dei Profeti), che una dopo l&#8217;altra\u00a0<\/span><span style=\"font-size: 12pt;\">illumineranno il cammino verso la grotta di Betlemme per adorare il Bambino Ges\u00f9.<\/span><\/p>\n<p>&nbsp;<\/p>\n<p style=\"text-align: justify;\"><span style=\"font-size: 12pt;\"><img loading=\"lazy\" decoding=\"async\" class=\"wp-image-2603 alignleft\" src=\"http:\/\/www.parrocchiasgibattista.it\/wordpress\/wp-content\/uploads\/2017\/12\/immacolata-concezione-2-150x150.jpg\" alt=\"\" width=\"164\" height=\"164\" srcset=\"https:\/\/www.parrocchiasgibattista.it\/wordpress\/wp-content\/uploads\/2017\/12\/immacolata-concezione-2-150x150.jpg 150w, https:\/\/www.parrocchiasgibattista.it\/wordpress\/wp-content\/uploads\/2017\/12\/immacolata-concezione-2-300x300.jpg 300w, https:\/\/www.parrocchiasgibattista.it\/wordpress\/wp-content\/uploads\/2017\/12\/immacolata-concezione-2-160x160.jpg 160w, https:\/\/www.parrocchiasgibattista.it\/wordpress\/wp-content\/uploads\/2017\/12\/immacolata-concezione-2-320x320.jpg 320w\" sizes=\"auto, (max-width: 164px) 100vw, 164px\" \/><\/span><\/p>\n<p style=\"text-align: justify;\"><span style=\"font-size: 12pt;\">Intensa e partecipata \u00e8 stata la solennit\u00e0 di <strong>Maria Immacolata<\/strong>, con la chiesa gremita di fedeli, a conferma che la Madre di Dio \u00e8\u00a0<\/span><span style=\"font-size: 12pt;\">un richiamo a cui pochi sangiovannesi rimangono sordi. Una lunga fila di bambini e ragazzi ha omaggiato con un fiore la &#8220;Piena di Grazia\u201d. Erano presenti tra questi, i ragazzi della scuola calcio, con i loro responsabili, a cui va un plauso particolare per la\u00a0disponibilit\u00e0 e professionalit\u00e0. A loro si sono uniti, nella celebrazione eucaristica i genitori e tantissimi fedeli.\u00a0 Visibile era la gioia di tutti, nel ritrovarsi \u00a0intorno alla mensa del Signore per festeggiare sua Madre, Maria Santissima Immacolata.<\/span><\/p>\n<p style=\"text-align: justify;\"><span style=\"font-size: 12pt;\">Come \u00e8 tradizione l&#8217;8 di dicembre si &#8216;fa l&#8217;albero di Natale&#8217; e cosi anche la parrocchia, con l&#8217;opera insostituibile dell&#8217;ufficio catechistico, ha addobbato simbolicamente un albero, che ha come tema &#8220;Avvento di Carit\u00e0&#8221;. Tutti\u00a0 possiamo aiutare i meno fortunati con un \u201cpensiero\u201d\u00a0 o un gesto affinch\u00e9, la nostra generosit\u00e0, arrivi a chi ne ha pi\u00f9 bisogno.<\/span><\/p>\n<p style=\"text-align: justify;\"><span style=\"font-size: 12pt;\">Anche un altro albero \u00e8 stato addobbato con una luminaria bellissima ed \u00e8 quello visibile da chilometri, in tutta la nostra valle, adagiato sul monte della Madonna della Guardia. <strong>Semplicemente spettacolare!!!!<\/strong>. Un &#8220;BRAVO&#8221; a tutte quelle persone che hanno fatto in modo che si realizzasse un&#8217;opera cosi&#8230;.. grandiosa! :-D.<\/span><\/p>\n<p style=\"text-align: justify;\"><span style=\"font-size: 12pt;\"><strong>Domenica 10<\/strong>\u00a0Dicembre al termine della Santa Messa, si \u00e8 data lettura ufficiale della composizione del Consiglio Pastorale. Il Vescovo, nella gi\u00e0 citata riunione del 4 Dicembre, ha incontrato tutti i membri spiegando, tra i tanti argomenti trattati, che i C.P.P. delle nostre parrocchie dovrebbero essere dei laboratori da cui far scaturire nuove idee, iniziative per la famiglia ma soprattutto la propria testimonianza cristiana.<\/span><\/p>\n<p style=\"text-align: justify;\"><span style=\"font-size: 12pt;\"><strong>Molto \u00e8 stato fatto ma molto di pi\u00f9 si potr\u00e0 ancora fare, con il vostro contributo. Non smetteremo mai di ripetere che la parrocchia \u00e8 la casa di tutti ed \u00e8 sempre aperta a tutti.<\/strong><\/span><\/p>\n<p style=\"text-align: justify;\"><span style=\"font-size: 12pt;\">I prossimi appuntamenti sono scanditi dalla festivit\u00e0 di Santa Lucia e dalle restanti Domeniche di Avvento fino al Santo Natale.<\/span><\/p>\n<p style=\"text-align: justify;\"><span style=\"font-size: 12pt;\">Chiudiamo questo lungo articolo con l&#8217;augurio di un bellissimo cammino luminoso, che porti ognuno di noi a contemplare la Gloria di Dio, attraverso un bambino: Ges\u00f9.<\/span><\/p>\n<p style=\"text-align: justify;\"><span style=\"font-size: 12pt;\">Vi aspettiamo in chiesa, come sempre domenica alle ore 10.30!<\/span><\/p>\n<p style=\"text-align: justify;\"><span style=\"font-size: 12pt;\">Un forte abbraccio a tutti voi.<\/span><\/p>\n<p style=\"text-align: justify;\"><span style=\"font-size: 12pt;\">La Redazione.<\/span><\/p>\n","protected":false},"excerpt":{"rendered":"<p>Con la fine dell&#8217;anno liturgico, solennit\u00e0 di Cristo Re, in parrocchia si \u00e8 dato inizio ad \u00a0un periodo intenso con tantissime attivit\u00e0 vissute e ancora&#46;&#46;&#46;<\/p>\n","protected":false},"author":2,"featured_media":841,"comment_status":"open","ping_status":"open","sticky":false,"template":"","format":"standard","meta":{"footnotes":""},"categories":[12,120,1,6],"tags":[130,129],"class_list":["post-2587","post","type-post","status-publish","format-standard","has-post-thumbnail","hentry","category-appuntamenti","category-avvisi","category-primo-piano","category-parrocchia","tag-albero-di-natale","tag-avvento"],"_links":{"self":[{"href":"https:\/\/www.parrocchiasgibattista.it\/wordpress\/wp-json\/wp\/v2\/posts\/2587","targetHints":{"allow":["GET"]}}],"collection":[{"href":"https:\/\/www.parrocchiasgibattista.it\/wordpress\/wp-json\/wp\/v2\/posts"}],"about":[{"href":"https:\/\/www.parrocchiasgibattista.it\/wordpress\/wp-json\/wp\/v2\/types\/post"}],"author":[{"embeddable":true,"href":"https:\/\/www.parrocchiasgibattista.it\/wordpress\/wp-json\/wp\/v2\/users\/2"}],"replies":[{"embeddable":true,"href":"https:\/\/www.parrocchiasgibattista.it\/wordpress\/wp-json\/wp\/v2\/comments?post=2587"}],"version-history":[{"count":25,"href":"https:\/\/www.parrocchiasgibattista.it\/wordpress\/wp-json\/wp\/v2\/posts\/2587\/revisions"}],"predecessor-version":[{"id":2593,"href":"https:\/\/www.parrocchiasgibattista.it\/wordpress\/wp-json\/wp\/v2\/posts\/2587\/revisions\/2593"}],"wp:featuredmedia":[{"embeddable":true,"href":"https:\/\/www.parrocchiasgibattista.it\/wordpress\/wp-json\/wp\/v2\/media\/841"}],"wp:attachment":[{"href":"https:\/\/www.parrocchiasgibattista.it\/wordpress\/wp-json\/wp\/v2\/media?parent=2587"}],"wp:term":[{"taxonomy":"category","embeddable":true,"href":"https:\/\/www.parrocchiasgibattista.it\/wordpress\/wp-json\/wp\/v2\/categories?post=2587"},{"taxonomy":"post_tag","embeddable":true,"href":"https:\/\/www.parrocchiasgibattista.it\/wordpress\/wp-json\/wp\/v2\/tags?post=2587"}],"curies":[{"name":"wp","href":"https:\/\/api.w.org\/{rel}","templated":true}]}}