{"id":1506,"date":"2017-05-10T11:42:55","date_gmt":"2017-05-10T09:42:55","guid":{"rendered":"http:\/\/www.parrocchiasgibattista.it\/wordpress\/?p=1506"},"modified":"2017-05-10T11:42:55","modified_gmt":"2017-05-10T09:42:55","slug":"festa-dei-ministranti","status":"publish","type":"post","link":"https:\/\/www.parrocchiasgibattista.it\/wordpress\/2017\/05\/10\/festa-dei-ministranti\/","title":{"rendered":"FESTA DEI MINISTRANTI"},"content":{"rendered":"<p>Domenica 7\u00a0 maggio, i bambini della nostra Parrocchia, accompagnati dai genitori, hanno partecipato alla I^ edizione della festa dei Ministranti, che si \u00e8 svolta a Pontecorvo presso il Centro Pastorale Sacro Cuore.<\/p>\n<p>L\u2019evento prevedeva alle 9.30 l\u2019accoglienza di tutti i partecipanti, un momento di preghiera comunitaria, attivit\u00e0 di gioco, pranzo al sacco e, infine, alle ore 15.00, la celebrazione\u00a0 Eucaristica, presieduta da Sua Eccellenza il Vescovo Mons. Gerardo Antonazzo.<\/p>\n<p>La festa \u00e8 stata organizzata in occasione della 54^Giornata Mondiale di preghiera per le vocazioni e aveva come tema principale l&#8217;esortazione di Ges\u00f9 : ALZATI, VA\u2019 E \u2026\u2026.NON TEMERE.<\/p>\n<p>Il Vescovo, durante la Sua omelia ha spiegato che ogni giorno Dio ci \u00e8 accanto perch\u00e9 possiamo liberarci dalle nostre insicurezze, dalle nostre fragilit\u00e0 e paure, invitandoci a rialzarci e infondendo nel nostro cuore parole di coraggio e speranza: \u201cAlzati, va\u2019 e non temere\u201d. E le ripete anche a noi timorosi e, a volte, sfiduciati, perch\u00e9 ritroviamo, giorno dopo giorno, l\u2019infinita pazienza del ricominciare. Dio esorta tutti noi ad uscire da s\u00e9 ed essere dono per gli altri, ci affida una missione, rassicurandoci con una benedizione costante: \u201cNon temere perch\u00e9\u2026\u2026io sono con te\u201d.<\/p>\n<p>Alla fine della celebrazione,\u00a0 ai bambini \u00e8 stata donata la preghiera per le vocazioni, che \u00e8 stata recitata da tutti i presenti, e una bussola, per orientarsi simbolicamente nella vita di tutti i giorni, per capire la direzione da prendere, per seguire la strada di Ges\u00f9. E\u2019 stata, per i bambini della nostra comunit\u00e0, un\u2019esperienza davvero toccante.<\/p>\n<p>&nbsp;<\/p>\n<p style=\"text-align: center;\"><strong>PREGHIERA PER LE VOCAZIONI<\/strong><\/p>\n<p style=\"text-align: center;\">Signore Ges\u00f9. donaci un cuore libero, sospinto dal soffio dello Spirito,<\/p>\n<p style=\"text-align: center;\">per annunciare la bellezza dell\u2019incontro con Te.<\/p>\n<p style=\"text-align: center;\">\u00a0Aiutaci a sentire la tua presenza amica, apri i nostri occhi,<\/p>\n<p style=\"text-align: center;\">fa ardere i nostri cuori, per riconoscerci \u201cmarcati a fuoco dalla missione\u201d.<\/p>\n<p style=\"text-align: center;\">\u00a0Fa che sogniamo con te una vita pienamente umana,<\/p>\n<p style=\"text-align: center;\">lieta di spendersi nell\u2019Amore, per alzarci andare e\u2026 non temere.<\/p>\n<p style=\"text-align: center;\">Vergine Maria, sorella nella fede,<\/p>\n<p style=\"text-align: center;\">donaci prontezza nel dire il nostro \u201cEccomi\u201d e metterci in viaggio come Te,<\/p>\n<p style=\"text-align: center;\">per essere portatori innamorati del Vangelo.<\/p>\n<p style=\"text-align: center;\">Amen<\/p>\n<div id=\"metaslider-id-1511\" style=\"width: 100%; margin: 0 auto;\" class=\"ml-slider-3-106-0 metaslider metaslider-responsive metaslider-1511 ml-slider has-dots-nav ms-theme-default\" role=\"region\" aria-label=\"Festa dei ministranti\" data-height=\"520\" data-width=\"1024\">\n    <div id=\"metaslider_container_1511\">\n        <ul id='metaslider_1511' class='rslides'>\n            <li aria-roledescription='slide' aria-labelledby='slide-0'><img loading=\"lazy\" decoding=\"async\" width=\"4208\" height=\"2368\" src=\"https:\/\/www.parrocchiasgibattista.it\/wordpress\/wp-content\/uploads\/2016\/08\/IMG_20170507_145356.jpg\" class=\"slider-1511 slide-1517 msDefaultImage\" alt=\"\" rel=\"\" title=\"\" srcset=\"https:\/\/www.parrocchiasgibattista.it\/wordpress\/wp-content\/uploads\/2016\/08\/IMG_20170507_145356.jpg 4208w, https:\/\/www.parrocchiasgibattista.it\/wordpress\/wp-content\/uploads\/2016\/08\/IMG_20170507_145356-300x169.jpg 300w, https:\/\/www.parrocchiasgibattista.it\/wordpress\/wp-content\/uploads\/2016\/08\/IMG_20170507_145356-768x432.jpg 768w, https:\/\/www.parrocchiasgibattista.it\/wordpress\/wp-content\/uploads\/2016\/08\/IMG_20170507_145356-1024x576.jpg 1024w, https:\/\/www.parrocchiasgibattista.it\/wordpress\/wp-content\/uploads\/2016\/08\/IMG_20170507_145356-500x281.jpg 500w\" sizes=\"auto, (max-width: 4208px) 100vw, 4208px\" \/><\/li>\n            <li style='display: none;' aria-roledescription='slide' aria-labelledby='slide-1'><img loading=\"lazy\" decoding=\"async\" width=\"4208\" height=\"2368\" src=\"https:\/\/www.parrocchiasgibattista.it\/wordpress\/wp-content\/uploads\/2016\/08\/IMG_20170507_145358.jpg\" class=\"slider-1511 slide-1518 msDefaultImage\" alt=\"\" rel=\"\" title=\"\" srcset=\"https:\/\/www.parrocchiasgibattista.it\/wordpress\/wp-content\/uploads\/2016\/08\/IMG_20170507_145358.jpg 4208w, https:\/\/www.parrocchiasgibattista.it\/wordpress\/wp-content\/uploads\/2016\/08\/IMG_20170507_145358-300x169.jpg 300w, https:\/\/www.parrocchiasgibattista.it\/wordpress\/wp-content\/uploads\/2016\/08\/IMG_20170507_145358-768x432.jpg 768w, https:\/\/www.parrocchiasgibattista.it\/wordpress\/wp-content\/uploads\/2016\/08\/IMG_20170507_145358-1024x576.jpg 1024w, https:\/\/www.parrocchiasgibattista.it\/wordpress\/wp-content\/uploads\/2016\/08\/IMG_20170507_145358-500x281.jpg 500w\" sizes=\"auto, (max-width: 4208px) 100vw, 4208px\" \/><\/li>\n            <li style='display: none;' aria-roledescription='slide' aria-labelledby='slide-2'><img loading=\"lazy\" decoding=\"async\" width=\"4208\" height=\"2368\" src=\"https:\/\/www.parrocchiasgibattista.it\/wordpress\/wp-content\/uploads\/2016\/08\/IMG_20170507_145419.jpg\" class=\"slider-1511 slide-1519 msDefaultImage\" alt=\"\" rel=\"\" title=\"\" srcset=\"https:\/\/www.parrocchiasgibattista.it\/wordpress\/wp-content\/uploads\/2016\/08\/IMG_20170507_145419.jpg 4208w, https:\/\/www.parrocchiasgibattista.it\/wordpress\/wp-content\/uploads\/2016\/08\/IMG_20170507_145419-300x169.jpg 300w, https:\/\/www.parrocchiasgibattista.it\/wordpress\/wp-content\/uploads\/2016\/08\/IMG_20170507_145419-768x432.jpg 768w, https:\/\/www.parrocchiasgibattista.it\/wordpress\/wp-content\/uploads\/2016\/08\/IMG_20170507_145419-1024x576.jpg 1024w, https:\/\/www.parrocchiasgibattista.it\/wordpress\/wp-content\/uploads\/2016\/08\/IMG_20170507_145419-500x281.jpg 500w\" sizes=\"auto, (max-width: 4208px) 100vw, 4208px\" \/><\/li>\n            <li style='display: none;' aria-roledescription='slide' aria-labelledby='slide-3'><img loading=\"lazy\" decoding=\"async\" width=\"4208\" height=\"2368\" src=\"https:\/\/www.parrocchiasgibattista.it\/wordpress\/wp-content\/uploads\/2016\/08\/IMG_20170507_150154.jpg\" class=\"slider-1511 slide-1520 msDefaultImage\" alt=\"\" rel=\"\" title=\"\" srcset=\"https:\/\/www.parrocchiasgibattista.it\/wordpress\/wp-content\/uploads\/2016\/08\/IMG_20170507_150154.jpg 4208w, https:\/\/www.parrocchiasgibattista.it\/wordpress\/wp-content\/uploads\/2016\/08\/IMG_20170507_150154-300x169.jpg 300w, https:\/\/www.parrocchiasgibattista.it\/wordpress\/wp-content\/uploads\/2016\/08\/IMG_20170507_150154-768x432.jpg 768w, https:\/\/www.parrocchiasgibattista.it\/wordpress\/wp-content\/uploads\/2016\/08\/IMG_20170507_150154-1024x576.jpg 1024w, https:\/\/www.parrocchiasgibattista.it\/wordpress\/wp-content\/uploads\/2016\/08\/IMG_20170507_150154-500x281.jpg 500w\" sizes=\"auto, (max-width: 4208px) 100vw, 4208px\" \/><\/li>\n            <li style='display: none;' aria-roledescription='slide' aria-labelledby='slide-4'><img loading=\"lazy\" decoding=\"async\" width=\"4208\" height=\"2368\" src=\"https:\/\/www.parrocchiasgibattista.it\/wordpress\/wp-content\/uploads\/2016\/08\/IMG_20170507_162716.jpg\" class=\"slider-1511 slide-1521 msDefaultImage\" alt=\"\" rel=\"\" title=\"\" srcset=\"https:\/\/www.parrocchiasgibattista.it\/wordpress\/wp-content\/uploads\/2016\/08\/IMG_20170507_162716.jpg 4208w, https:\/\/www.parrocchiasgibattista.it\/wordpress\/wp-content\/uploads\/2016\/08\/IMG_20170507_162716-300x169.jpg 300w, https:\/\/www.parrocchiasgibattista.it\/wordpress\/wp-content\/uploads\/2016\/08\/IMG_20170507_162716-768x432.jpg 768w, https:\/\/www.parrocchiasgibattista.it\/wordpress\/wp-content\/uploads\/2016\/08\/IMG_20170507_162716-1024x576.jpg 1024w, https:\/\/www.parrocchiasgibattista.it\/wordpress\/wp-content\/uploads\/2016\/08\/IMG_20170507_162716-500x281.jpg 500w\" sizes=\"auto, (max-width: 4208px) 100vw, 4208px\" \/><\/li>\n        <\/ul>\n        \n    <\/div>\n<\/div>\n","protected":false},"excerpt":{"rendered":"<p>Domenica 7\u00a0 maggio, i bambini della nostra Parrocchia, accompagnati dai genitori, hanno partecipato alla I^ edizione della festa dei Ministranti, che si \u00e8 svolta a&#46;&#46;&#46;<\/p>\n","protected":false},"author":2,"featured_media":1507,"comment_status":"open","ping_status":"open","sticky":false,"template":"","format":"standard","meta":{"footnotes":""},"categories":[12,1,6],"tags":[53,28,95],"class_list":["post-1506","post","type-post","status-publish","format-standard","has-post-thumbnail","hentry","category-appuntamenti","category-primo-piano","category-parrocchia","tag-ministranti","tag-parrocchia","tag-vescovo"],"_links":{"self":[{"href":"https:\/\/www.parrocchiasgibattista.it\/wordpress\/wp-json\/wp\/v2\/posts\/1506","targetHints":{"allow":["GET"]}}],"collection":[{"href":"https:\/\/www.parrocchiasgibattista.it\/wordpress\/wp-json\/wp\/v2\/posts"}],"about":[{"href":"https:\/\/www.parrocchiasgibattista.it\/wordpress\/wp-json\/wp\/v2\/types\/post"}],"author":[{"embeddable":true,"href":"https:\/\/www.parrocchiasgibattista.it\/wordpress\/wp-json\/wp\/v2\/users\/2"}],"replies":[{"embeddable":true,"href":"https:\/\/www.parrocchiasgibattista.it\/wordpress\/wp-json\/wp\/v2\/comments?post=1506"}],"version-history":[{"count":5,"href":"https:\/\/www.parrocchiasgibattista.it\/wordpress\/wp-json\/wp\/v2\/posts\/1506\/revisions"}],"predecessor-version":[{"id":1523,"href":"https:\/\/www.parrocchiasgibattista.it\/wordpress\/wp-json\/wp\/v2\/posts\/1506\/revisions\/1523"}],"wp:featuredmedia":[{"embeddable":true,"href":"https:\/\/www.parrocchiasgibattista.it\/wordpress\/wp-json\/wp\/v2\/media\/1507"}],"wp:attachment":[{"href":"https:\/\/www.parrocchiasgibattista.it\/wordpress\/wp-json\/wp\/v2\/media?parent=1506"}],"wp:term":[{"taxonomy":"category","embeddable":true,"href":"https:\/\/www.parrocchiasgibattista.it\/wordpress\/wp-json\/wp\/v2\/categories?post=1506"},{"taxonomy":"post_tag","embeddable":true,"href":"https:\/\/www.parrocchiasgibattista.it\/wordpress\/wp-json\/wp\/v2\/tags?post=1506"}],"curies":[{"name":"wp","href":"https:\/\/api.w.org\/{rel}","templated":true}]}}