{"id":1428,"date":"2017-03-14T13:59:17","date_gmt":"2017-03-14T12:59:17","guid":{"rendered":"http:\/\/www.parrocchiasgibattista.it\/wordpress\/?page_id=1428"},"modified":"2017-04-21T10:04:10","modified_gmt":"2017-04-21T08:04:10","slug":"festa-di-san-giuseppe-domenica-19-marzo-santa-messa-alle-ore-10-30-con-la-benedizione-dei-papa","status":"publish","type":"post","link":"https:\/\/www.parrocchiasgibattista.it\/wordpress\/2017\/03\/14\/festa-di-san-giuseppe-domenica-19-marzo-santa-messa-alle-ore-10-30-con-la-benedizione-dei-papa\/","title":{"rendered":"Festa di San Giuseppe &#8211; Domenica 19 Marzo Santa Messa alle ore 10.30 con la benedizione dei pap\u00e0."},"content":{"rendered":"<p align=\"center\"><strong><span style=\"color: #663300; font-size: 18pt;\">PAPA FRANCESCO<\/span><\/strong><\/p>\n<p align=\"center\"><i><span style=\"color: #663300; font-size: large;\"><b>UDIENZA GENERALE<\/b><\/span><\/i><\/p>\n<p align=\"center\"><span style=\"color: #663300;\"><i>Piazza San Pietro<br \/>\nMercoled\u00ec, 19 marzo 2014<\/i><\/span><\/p>\n<p><b><i>San Giuseppe educatore<\/i><\/b><\/p>\n<p><strong><i>Cari fratelli e sorelle, buongiorno!<\/i><\/strong><\/p>\n<p style=\"text-align: justify;\">Oggi, 19 marzo, celebriamo la festa solenne di san Giuseppe, Sposo di Maria e Patrono della Chiesa universale. Dedichiamo dunque questa catechesi a lui, che merita tutta la nostra riconoscenza e la nostra devozione per come ha saputo <i>custodire<\/i> la Vergine Santa e il Figlio Ges\u00f9. L\u2019essere <i>custode<\/i> \u00e8 la caratteristica di Giuseppe: \u00e8 la sua grande missione, essere custode.<\/p>\n<p style=\"text-align: justify;\">Oggi vorrei riprendere il tema della custodia secondo una prospettiva particolare: la prospettiva <i>educativa<\/i>. Guardiamo a Giuseppe come il modello dell\u2019educatore, che <i>custodisce e accompagna Ges\u00f9 nel suo cammino di crescita \u00abin sapienza, et\u00e0 e grazia\u00bb<\/i>, come dice il Vangelo. Lui non era il padre di Ges\u00f9: il padre di Ges\u00f9 era Dio, ma lui faceva da pap\u00e0 a Ges\u00f9, faceva da padre a Ges\u00f9 per farlo crescere. E come lo ha fatto crescere? In sapienza, et\u00e0 e grazia.<\/p>\n<p style=\"text-align: justify;\">Partiamo dall\u2019<i>et\u00e0<\/i>, che \u00e8 la dimensione pi\u00f9 naturale, la crescita fisica e psicologica. Giuseppe, insieme con Maria, si \u00e8 preso cura di Ges\u00f9 anzitutto da questo punto di vista, cio\u00e8 lo ha \u201callevato\u201d, preoccupandosi che non gli mancasse il necessario per un sano sviluppo. Non dimentichiamo che la custodia premurosa della vita del Bambino ha comportato anche la fuga in Egitto, la dura esperienza di vivere come rifugiati \u2013 Giuseppe \u00e8 stato un rifugiato, con Maria e Ges\u00f9 \u2013 per scampare alla minaccia di Erode. Poi, una volta tornati in patria e stabilitisi a Nazareth, c\u2019\u00e8 tutto il lungo periodo della vita di Ges\u00f9 nella sua famiglia. In quegli anni Giuseppe insegn\u00f2 a Ges\u00f9 anche il suo lavoro, e Ges\u00f9 ha imparato a fare il falegname con suo padre Giuseppe. Cos\u00ec Giuseppe ha allevato Ges\u00f9.<\/p>\n<p style=\"text-align: justify;\">Passiamo alla seconda dimensione dell\u2019educazione, quella della \u00ab<i>sapienza<\/i>\u00bb. Giuseppe \u00e8 stato per Ges\u00f9 esempio e maestro di questa sapienza, che si nutre della Parola di Dio. Possiamo pensare a come Giuseppe ha educato il piccolo Ges\u00f9 ad ascoltare le Sacre Scritture, soprattutto accompagnandolo di sabato nella sinagoga di Nazareth. E Giuseppe lo accompagnava perch\u00e9 Ges\u00f9 ascoltasse la Parola di Dio nella sinagoga.<\/p>\n<p style=\"text-align: justify;\">E infine, la dimensione della \u00ab<i>grazia<\/i>\u00bb. Dice sempre San Luca riferendosi a Ges\u00f9: \u00abLa grazia di Dio era su di lui\u00bb (2,40). Qui certamente la parte riservata a San Giuseppe \u00e8 pi\u00f9 limitata rispetto agli ambiti dell\u2019et\u00e0 e della sapienza. Ma sarebbe un grave errore pensare che un padre e una madre non possono fare nulla per educare i figli a crescere nella grazia di Dio. Crescere in et\u00e0, crescere in sapienza, crescere in grazia: questo \u00e8 il lavoro che ha fatto Giuseppe con Ges\u00f9, farlo crescere in queste tre dimensioni, aiutarlo a crescere.<\/p>\n<p style=\"text-align: justify;\">Cari fratelli e sorelle, la missione di san Giuseppe \u00e8 certamente unica e irripetibile, perch\u00e9 assolutamente unico \u00e8 Ges\u00f9. E tuttavia, nel suo custodire Ges\u00f9, educandolo a crescere in et\u00e0, sapienza e grazia, egli \u00e8 modello per ogni educatore, in particolare per ogni padre. San Giuseppe \u00e8 il modello dell\u2019educatore e del pap\u00e0, del padre. Affido dunque alla sua protezione tutti i genitori, i sacerdoti \u2013 che sono padri \u2013, e coloro che hanno un compito educativo nella Chiesa e nella societ\u00e0. In modo speciale, vorrei salutare oggi, giorno del pap\u00e0, tutti i genitori, tutti i pap\u00e0: vi saluto di cuore! Vediamo: ci sono alcuni pap\u00e0 in piazza? Alzate la mano, i pap\u00e0! Ma quanti pap\u00e0! Auguri, auguri nel vostro giorno! Chiedo per voi la grazia di essere sempre molto vicini ai vostri figli, lasciandoli crescere, ma vicini, vicini! Loro hanno bisogno di voi, della vostra presenza, della vostra vicinanza, del vostro amore. Siate per loro come san Giuseppe: custodi della loro crescita in et\u00e0, sapienza e grazia. Custodi del loro cammino; educatori, e camminate con loro. E con questa vicinanza, sarete veri educatori. Grazie per tutto quello che fate per i vostri figli: grazie. A voi tanti auguri, e buona festa del pap\u00e0 a tutti i pap\u00e0 che sono qui, a tutti i pap\u00e0. Che san Giuseppe vi benedica e vi accompagni. E alcuni di noi hanno perso il pap\u00e0, se n\u2019\u00e8 andato, il Signore lo ha chiamato; tanti che sono in piazza non hanno il pap\u00e0. Possiamo pregare per tutti i pap\u00e0 del mondo, per i pap\u00e0 vivi e anche per quelli defunti e per i nostri, e possiamo farlo insieme, ognuno ricordando il suo pap\u00e0, se \u00e8 vivo e se \u00e8 morto. E preghiamo il grande Pap\u00e0 di tutti noi, il Padre. Un \u201cPadre nostro\u201d per i nostri pap\u00e0: <i>Padre Nostro<\/i>\u2026<\/p>\n<p style=\"text-align: justify;\">E tanti auguri ai pap\u00e0!<\/p>\n","protected":false},"excerpt":{"rendered":"<p>PAPA FRANCESCO UDIENZA GENERALE Piazza San Pietro Mercoled\u00ec, 19 marzo 2014 San Giuseppe educatore Cari fratelli e sorelle, buongiorno! Oggi, 19 marzo, celebriamo la festa&#46;&#46;&#46;<\/p>\n","protected":false},"author":1,"featured_media":1434,"comment_status":"closed","ping_status":"closed","sticky":false,"template":"","format":"standard","meta":{"footnotes":""},"categories":[1,6,5],"tags":[83,84,82],"class_list":["post-1428","post","type-post","status-publish","format-standard","has-post-thumbnail","hentry","category-primo-piano","category-parrocchia","category-santi","tag-educatore","tag-papa-francesco","tag-san-giuseppe"],"_links":{"self":[{"href":"https:\/\/www.parrocchiasgibattista.it\/wordpress\/wp-json\/wp\/v2\/posts\/1428","targetHints":{"allow":["GET"]}}],"collection":[{"href":"https:\/\/www.parrocchiasgibattista.it\/wordpress\/wp-json\/wp\/v2\/posts"}],"about":[{"href":"https:\/\/www.parrocchiasgibattista.it\/wordpress\/wp-json\/wp\/v2\/types\/post"}],"author":[{"embeddable":true,"href":"https:\/\/www.parrocchiasgibattista.it\/wordpress\/wp-json\/wp\/v2\/users\/1"}],"replies":[{"embeddable":true,"href":"https:\/\/www.parrocchiasgibattista.it\/wordpress\/wp-json\/wp\/v2\/comments?post=1428"}],"version-history":[{"count":5,"href":"https:\/\/www.parrocchiasgibattista.it\/wordpress\/wp-json\/wp\/v2\/posts\/1428\/revisions"}],"predecessor-version":[{"id":1433,"href":"https:\/\/www.parrocchiasgibattista.it\/wordpress\/wp-json\/wp\/v2\/posts\/1428\/revisions\/1433"}],"wp:featuredmedia":[{"embeddable":true,"href":"https:\/\/www.parrocchiasgibattista.it\/wordpress\/wp-json\/wp\/v2\/media\/1434"}],"wp:attachment":[{"href":"https:\/\/www.parrocchiasgibattista.it\/wordpress\/wp-json\/wp\/v2\/media?parent=1428"}],"wp:term":[{"taxonomy":"category","embeddable":true,"href":"https:\/\/www.parrocchiasgibattista.it\/wordpress\/wp-json\/wp\/v2\/categories?post=1428"},{"taxonomy":"post_tag","embeddable":true,"href":"https:\/\/www.parrocchiasgibattista.it\/wordpress\/wp-json\/wp\/v2\/tags?post=1428"}],"curies":[{"name":"wp","href":"https:\/\/api.w.org\/{rel}","templated":true}]}}